{"id":120793,"date":"2025-12-24T03:04:34","date_gmt":"2025-12-24T03:04:34","guid":{"rendered":"https:\/\/www.europesays.com\/no\/120793\/"},"modified":"2025-12-24T03:04:34","modified_gmt":"2025-12-24T03:04:34","slug":"kastet-toaring-i-doden","status":"publish","type":"post","link":"https:\/\/www.europesays.com\/no\/120793\/","title":{"rendered":"Kastet to\u00e5ring i d\u00f8den"},"content":{"rendered":"<p class=\"kicker \" style=\"\">Mann erkjenner:<\/p>\n<p>  En 32 \u00e5r gammel mann erkjenner at han kastet en to\u00e5ring ned fra sjuende etasje i en boligblokk i H\u00f8je Gladsaxe utenfor K\u00f8benhavn.<\/p>\n<p>En 32 \u00e5r gammel mann erkjenner \u00e5 ha kastet en to\u00e5ring ned fra sjuende etasje i en boligblokk utenfor K\u00f8benhavn. Han varetektsfengsles i fire uker.<\/p>\n<p>Mannen ble p\u00e5grepet s\u00f8ndag formiddag, siktet for drap, f\u00e5 timer etter at to\u00e5ringen ble kastet ut fra en svalgang i H\u00f8je Gladsaxe utenfor hovedstaden.<\/p>\n<p>Sjokkerte beboere fant den lille gutten liggende p\u00e5 asfalten utenfor en av oppgangene i boligblokken i morgentimene s\u00f8ndag.<\/p>\n<p>    <a itemprop=\"url\" href=\"https:\/\/sol.no\/nyheter\/vil-ha-vance-som-president\/84018398\" rel=\"nofollow noopener\" target=\"_blank\"><\/p>\n<p>        <img loading=\"lazy\" decoding=\"async\" src=\"https:\/\/www.europesays.com\/no\/wp-content\/uploads\/2025\/12\/84018410.webp\" width=\"147\" height=\"98\" title=\"Vil ha Vance som president\" alt=\"\" class=\"\" style=\"--aspect-ratio-image: 1.50; \"\/><\/p>\n<p>        Vil ha Vance som president<\/p>\n<p>sol.no<\/p>\n<p>    <\/a><\/p>\n<p>Mandagens fengslingsm\u00f8te i Glostrup tingrett gikk for lukkede d\u00f8rer. Der ble det besluttet varetektsfengsling i fire uker.<\/p>\n<p>Mannen fikk under rettsm\u00f8tet tilbud om \u00e5 slippe \u00e5 ha p\u00e5 seg h\u00e5ndjern, men han \u00f8nsket \u00e5 beholde dem p\u00e5.<\/p>\n<p>H\u00f8je Gladsaxe ligger nordvest for K\u00f8benhavn. Her ligger en rekke boligblokker, flere av dem 15 etasjer h\u00f8ye.<\/p>\n","protected":false},"excerpt":{"rendered":"Mann erkjenner: En 32 \u00e5r gammel mann erkjenner at han kastet en to\u00e5ring ned fra sjuende etasje i&hellip;\n","protected":false},"author":2,"featured_media":120794,"comment_status":"","ping_status":"","sticky":false,"template":"","format":"standard","meta":{"footnotes":""},"categories":[12],"tags":[20,21,24,25,15,22,23,13,30,28,29,14,16,26,27,42,43,44,45],"class_list":{"0":"post-120793","1":"post","2":"type-post","3":"status-publish","4":"format-standard","5":"has-post-thumbnail","7":"category-verden","8":"tag-breaking-news","9":"tag-breakingnews","10":"tag-featured-news","11":"tag-featurednews","12":"tag-headlines","13":"tag-latest-news","14":"tag-latestnews","15":"tag-news","16":"tag-no","17":"tag-norge","18":"tag-norway","19":"tag-nyheter","20":"tag-overskrifter","21":"tag-top-stories","22":"tag-topstories","23":"tag-verden","24":"tag-world","25":"tag-world-news","26":"tag-worldnews"},"share_on_mastodon":{"url":"https:\/\/pubeurope.com\/@no\/115772330247079267","error":""},"_links":{"self":[{"href":"https:\/\/www.europesays.com\/no\/wp-json\/wp\/v2\/posts\/120793","targetHints":{"allow":["GET"]}}],"collection":[{"href":"https:\/\/www.europesays.com\/no\/wp-json\/wp\/v2\/posts"}],"about":[{"href":"https:\/\/www.europesays.com\/no\/wp-json\/wp\/v2\/types\/post"}],"author":[{"embeddable":true,"href":"https:\/\/www.europesays.com\/no\/wp-json\/wp\/v2\/users\/2"}],"replies":[{"embeddable":true,"href":"https:\/\/www.europesays.com\/no\/wp-json\/wp\/v2\/comments?post=120793"}],"version-history":[{"count":0,"href":"https:\/\/www.europesays.com\/no\/wp-json\/wp\/v2\/posts\/120793\/revisions"}],"wp:featuredmedia":[{"embeddable":true,"href":"https:\/\/www.europesays.com\/no\/wp-json\/wp\/v2\/media\/120794"}],"wp:attachment":[{"href":"https:\/\/www.europesays.com\/no\/wp-json\/wp\/v2\/media?parent=120793"}],"wp:term":[{"taxonomy":"category","embeddable":true,"href":"https:\/\/www.europesays.com\/no\/wp-json\/wp\/v2\/categories?post=120793"},{"taxonomy":"post_tag","embeddable":true,"href":"https:\/\/www.europesays.com\/no\/wp-json\/wp\/v2\/tags?post=120793"}],"curies":[{"name":"wp","href":"https:\/\/api.w.org\/{rel}","templated":true}]}}