{"id":120799,"date":"2025-12-24T03:46:15","date_gmt":"2025-12-24T03:46:15","guid":{"rendered":"https:\/\/www.europesays.com\/no\/120799\/"},"modified":"2025-12-24T03:46:15","modified_gmt":"2025-12-24T03:46:15","slug":"britisk-mann-tiltalt-for-voldtekt-av-ekskona-i-over-ti-ar","status":"publish","type":"post","link":"https:\/\/www.europesays.com\/no\/120799\/","title":{"rendered":"Britisk mann tiltalt for voldtekt av ekskona i over ti \u00e5r"},"content":{"rendered":"\n<p class=\"_lead_o9xde_2 _lead_xtcu6_50 layout-component text-serif-m layout-normal text-serif-l layout-component layout-wide layout-padded _wide_17hqh_1 layout-padded\">Kvinnens eksmann og ytterligere fem andre menn er tiltalt for overgrep og seksuelt misbruk mot henne over en periode p\u00e5 13 \u00e5r. <\/p>\n<p><img alt=\"Mannen m\u00f8tte i retten lille julaften. Foto: Elizabeth Cook \/ Pa Photos \/ NTB\" class=\"_image_qp4xg_65 layout-component layout-wide\" data-fullscreen- data-track-element-type=\"Article image fullscreen\" data-track-name=\"ImageFullscreen\" fetchpriority=\"high\" decoding=\"sync\" loading=\"eager\" height=\"2627\" itemprop=\"image\"  src=\"https:\/\/www.europesays.com\/no\/wp-content\/uploads\/2025\/12\/bdfa22f4-f5f7-4350-bbbf-92a403a82c18\"  style=\"object-position:0% 0%\" width=\"3440\"\/>Mannen m\u00f8tte i retten lille julaften. Foto: Elizabeth Cook \/ Pa Photos \/ NTB<\/p>\n<ul aria-hidden=\"true\" class=\"_images_ntbth_112\">\n<li><a class=\"_link_ntbth_117\" href=\"https:\/\/www.vg.no\/forfatter\/harpreet-kaur-nijjer\" style=\"z-index:1\" title=\"Harpreet Kaur Nijjer\" rel=\"nofollow noopener\" target=\"_blank\"><img alt=\"Bilde av Harpreet Kaur Nijjer\" class=\"_image_ntbth_93\" fetchpriority=\"low\" loading=\"lazy\" decoding=\"async\" itemprop=\"image\"  src=\"https:\/\/www.europesays.com\/no\/wp-content\/uploads\/2025\/12\/1766547970_998_9915841b-33cb-470f-8ab4-1d1650cff10e\"  width=\"480\"\/><\/a><\/li>\n<\/ul>\n<p> Oppdatert onsdag 24. desember kl. 03:54     <\/p>\n<p class=\"_paragraph_o9xde_4 _paragraph_xtcu6_10 layout-component text-serif-m layout-normal text-serif-m layout-padded\">Eksmannen, en britisk mann i 40-\u00e5rene, er tiltalt for 56 ulike seksualforbrytelser mot ekskona. <\/p>\n<p class=\"_paragraph_o9xde_4 _paragraph_xtcu6_10 layout-component text-serif-m layout-normal text-serif-m layout-padded\">Det inkluderer blant annet flere tilfeller av voldtekt og besittelse av et stoff med den hensikt \u00e5 bed\u00f8ve for \u00e5 muliggj\u00f8re seksuell aktivitet. <\/p>\n<p class=\"_paragraph_o9xde_4 _paragraph_xtcu6_10 layout-component text-serif-m layout-normal text-serif-m layout-padded\">Mannen er ogs\u00e5 tiltalt for \u00e5 v\u00e6re i besittelse av uanstendige bilder av barn og ekstreme bilder.<\/p>\n<p><img alt=\"Her i den britiske byen Swindon skal overgrepene ha skjedd.   Foto: izvir8 \/ Getty Images\" class=\"_image_qp4xg_65 layout-component layout-normal\" data-fullscreen- data-track-element-type=\"Article image fullscreen\" data-track-name=\"ImageFullscreen\" decoding=\"async\" loading=\"lazy\" height=\"3024\" itemprop=\"image\"  src=\"https:\/\/www.europesays.com\/no\/wp-content\/uploads\/2025\/12\/409c7fdd-fb18-4440-a0f5-1721bb24778e\"  style=\"object-position:0% 0%\" width=\"4032\"\/>Her i den britiske byen Swindon skal overgrepene ha skjedd.   Foto: izvir8 \/ Getty Images<\/p>\n<p class=\"_paragraph_o9xde_4 _paragraph_xtcu6_10 layout-component text-serif-m layout-normal text-serif-m layout-padded\">If\u00f8lge det britiske politiets pressemelding, fant lovbruddene sted mellom 2010 og 2023. <\/p>\n<p class=\"_paragraph_o9xde_4 _paragraph_xtcu6_10 layout-component text-serif-m layout-normal text-serif-m layout-padded\">Saken gikk for den britiske retten tirsdag den 23. desember. <\/p>\n<p><img alt=\"Hovedinngangen til retten i Swindon i Storbritannia.   Foto: Daniel Jae Webb \/ Getty Images\" class=\"_image_qp4xg_65 layout-component layout-normal\" data-fullscreen- data-track-element-type=\"Article image fullscreen\" data-track-name=\"ImageFullscreen\" decoding=\"async\" loading=\"lazy\" height=\"3862\" itemprop=\"image\"  src=\"https:\/\/www.europesays.com\/no\/wp-content\/uploads\/2025\/12\/783827cc-9007-4955-b241-50216f88b6f9\"  style=\"object-position:0% 0%\" width=\"5406\"\/>Hovedinngangen til retten i Swindon i Storbritannia.   Foto: Daniel Jae Webb \/ Getty Images<\/p>\n<p class=\"_paragraph_o9xde_4 _paragraph_xtcu6_10 layout-component text-serif-m layout-normal text-serif-m layout-padded\">De \u00f8vrige fem tiltalte er alle britiske menn i aldersgruppen 31\u201361 \u00e5r. Noe av det mennene er tiltalt for er voldtekt, seksuelle overgrep og seksuell ber\u00f8ring mot den forn\u00e6rmede kvinnen. <\/p>\n<p class=\"_paragraph_o9xde_4 _paragraph_xtcu6_10 layout-component text-serif-m layout-normal text-serif-m layout-padded\">Hva slags relasjon de fem hadde til den forn\u00e6rmede kvinnen, er hittil ukjent. <\/p>\n<p>Tysk mann d\u00f8mt for \u00e5 dope ned og voldta kona <\/p>\n<p class=\"_paragraph_o9xde_4 _paragraph_xtcu6_10 layout-component text-serif-m layout-normal text-serif-m layout-padded\">Den britiske tiltalen kommer kort tid etter at en dom for en lignende forbrytelse falt i <a href=\"https:\/\/www.vg.no\/tag\/tyskland?utm_source=vg-article&amp;utm_medium=auto-tagger&amp;utm_campaign=6qj4MW\" class=\"_link_o9xde_39\" rel=\"nofollow noopener\" target=\"_blank\">Tyskland<\/a>. <\/p>\n<p class=\"_paragraph_o9xde_4 _paragraph_xtcu6_10 layout-component text-serif-m layout-normal text-serif-m layout-padded\">En tysk mann i 60-\u00e5rene ble d\u00f8mt til \u00e5tte og et halvt \u00e5rs fengsel <a href=\"http:\/\/www.vg.no\/nyheter\/i\/aJwbv7\/tysk-mann-doemt-for-aa-ha-dopet-ned-og-voldtatt-kona#:~:text=Dominique%20Pelicot%20ble%20d%C3%B8mt%20til,i%20saken%2C%20inkludert%20Dominique%20Pelicot.\" data-track-element-type=\"Link\" data-track-id=\"link:aJwbv7\" class=\"_link_o9xde_39\" rel=\"nofollow noopener\" target=\"_blank\">for \u00e5 ha dopet ned og voldtatt sin kone<\/a>. <\/p>\n<p><img alt=\"Den tyske mannen m\u00f8tte fredag i retten, hvor han mottok dommen p\u00e5 \u00e5tte og et halvt \u00e5r i fengsel.   Foto: ROBERTO PFEIL \/ AFP \/ NTB\" class=\"_image_qp4xg_65 layout-component layout-normal\" data-fullscreen- data-track-element-type=\"Article image fullscreen\" data-track-name=\"ImageFullscreen\" decoding=\"async\" loading=\"lazy\" height=\"5504\" itemprop=\"image\"  src=\"https:\/\/www.europesays.com\/no\/wp-content\/uploads\/2025\/12\/8b2e25a0-1425-4118-8509-273533d76736\"  style=\"object-position:0% 0%\" width=\"8256\"\/>Den tyske mannen m\u00f8tte fredag i retten, hvor han mottok dommen p\u00e5 \u00e5tte og et halvt \u00e5r i fengsel.   Foto: ROBERTO PFEIL \/ AFP \/ NTB<\/p>\n<p class=\"_paragraph_o9xde_4 _paragraph_xtcu6_10 layout-component text-serif-m layout-normal text-serif-m layout-padded\">Han skal i tillegg ha filmet forbrytelsene og publisert videoene p\u00e5 nett, der de ble gjort tilgjengelige for andre.<\/p>\n<p class=\"_paragraph_o9xde_4 _paragraph_xtcu6_10 layout-component text-serif-m layout-normal text-serif-m layout-padded\">Mens p\u00e5talemyndigheten ba om en straff p\u00e5 ti \u00e5rs fengsel, ba forsvareren for den d\u00f8mte mannen om \u00e5tte \u00e5r. Dommen er enn\u00e5 ikke rettskraftig og kan ankes.<\/p>\n<p>D\u00f8mt til 20 \u00e5rs fengsel <\/p>\n<p class=\"_paragraph_o9xde_4 _paragraph_xtcu6_10 layout-component text-serif-m layout-normal text-serif-m layout-padded\">Ogs\u00e5 franske Dominique Pelicot ble i 2024 d\u00f8mt til 20 \u00e5rs fengsel for gjentatte ganger \u00e5 ha dopet ned sin dav\u00e6rende kone, Gis\u00e8le Pelicot, og utsatt henne for seksuelle overgrep sammen med andre menn. <\/p>\n<p class=\"_paragraph_o9xde_4 _paragraph_xtcu6_10 layout-component text-serif-m layout-normal text-serif-m layout-padded\">Totalt ble over 50 menn d\u00f8mt i saken.<\/p>\n<p><img alt=\"Det var store demonstrasjoner til st\u00f8tte for Gis\u00e8le Pelicot og andre voldtektsofre da saken ble offentlig kjent.   Foto: Abdul Saboor \/ Reuters \/ NTB\" class=\"_image_qp4xg_65 layout-component layout-normal\" data-fullscreen- data-track-element-type=\"Article image fullscreen\" data-track-name=\"ImageFullscreen\" decoding=\"async\" loading=\"lazy\" height=\"2656\" itemprop=\"image\"  src=\"https:\/\/www.europesays.com\/no\/wp-content\/uploads\/2025\/12\/1feb0ff5-d57a-450e-b01c-d1f93bc587ab\"  style=\"object-position:0% 0%\" width=\"3984\"\/>Det var store demonstrasjoner til st\u00f8tte for Gis\u00e8le Pelicot og andre voldtektsofre da saken ble offentlig kjent.   Foto: Abdul Saboor \/ Reuters \/ NTB<\/p>\n<p class=\"_paragraph_o9xde_4 _paragraph_xtcu6_10 layout-component text-serif-m layout-normal text-serif-m layout-padded\">Gis\u00e8le Pelicot <a href=\"https:\/\/www.vg.no\/nyheter\/i\/93bnvd\/neddopet-og-voldtatt-over-90-ganger-det-var-tortur\" data-track-element-type=\"Link\" data-track-id=\"link:93bnvd\" class=\"_link_o9xde_39\" rel=\"nofollow noopener\" target=\"_blank\">beskrev overgrepene som tortur, og sa at hun ble \u00abbehandlet som en filledukke\u00bb<\/a> av mennene som ektemannen hadde invitert til \u00e5 voldta henne.<\/p>\n<p class=\"_paragraph_o9xde_4 _paragraph_xtcu6_10 layout-component text-serif-m layout-normal text-serif-m layout-padded\">Mange av overgrepene ble filmet. <\/p>\n<p><img alt=\"Gis\u00e8le Pelicot (73) i den franske retten.   Foto: CHRISTOPHE SIMON \/ AFP \/ NTB\" class=\"_image_qp4xg_65 layout-component layout-normal\" data-fullscreen- data-track-element-type=\"Article image fullscreen\" data-track-name=\"ImageFullscreen\" decoding=\"async\" loading=\"lazy\" height=\"5276\" itemprop=\"image\"  src=\"https:\/\/www.europesays.com\/no\/wp-content\/uploads\/2025\/12\/fbc4aca5-d376-44c1-812a-3232432888ea\"  style=\"object-position:0% 0%\" width=\"7914\"\/>Gis\u00e8le Pelicot (73) i den franske retten.   Foto: CHRISTOPHE SIMON \/ AFP \/ NTB<\/p>\n<p class=\"_paragraph_o9xde_4 _paragraph_xtcu6_10 layout-component text-serif-m layout-normal text-serif-m layout-padded\">Gis\u00e8le Pelicot ble et symbol p\u00e5 kampen mot seksuelle overgrep og <a href=\"https:\/\/www.vg.no\/nyheter\/i\/xm67qp\/voldtektsoffer-gisele-pelicot-72-tildelt-frankrikes-hoeyeste-utmerkelse\" data-track-element-type=\"Link\" data-track-id=\"link:xm67qp\" class=\"_link_o9xde_39\" rel=\"nofollow noopener\" target=\"_blank\">utnevnt til ridder i Frankrike<\/a> for sitt mot, og sitt budskap om at voldtektsofre ikke skal b\u00e6re skam. <\/p>\n<p class=\"_paragraph_o9xde_4 _paragraph_xtcu6_10 layout-component text-serif-m layout-normal layout-padded\"><strong class=\"_strong_o9xde_25\">Les ogs\u00e5:<\/strong> <a href=\"https:\/\/www.vg.no\/i\/W0mPmQ\" data-track-element-type=\"Link\" data-track-id=\"link:W0mPmQ\" class=\"_link_o9xde_39\" rel=\"nofollow noopener\" target=\"_blank\">Frankrike: Tiltalt for \u00e5 ha organisert over 90 voldtekter av ektefellen<\/a><\/p>\n<p>    <img decoding=\"async\" alt=\"Tips oss illustrasjon\" src=\"https:\/\/www.europesays.com\/no\/wp-content\/uploads\/2025\/10\/pssst-small.webp.webp\"\/>    <\/p>\n<p class=\"title-serif-s\">Har du tips?<\/p>\n<p class=\"text-sans-m\">Send oss informasjon, bilder eller video.<\/p>\n<p>  <a href=\"https:\/\/www.vg.no\/tips-oss\" rel=\"nofollow noopener\" target=\"_blank\"> Tips oss <\/a>      <\/p>\n","protected":false},"excerpt":{"rendered":"Kvinnens eksmann og ytterligere fem andre menn er tiltalt for overgrep og seksuelt misbruk mot henne over en&hellip;\n","protected":false},"author":2,"featured_media":120800,"comment_status":"","ping_status":"","sticky":false,"template":"","format":"standard","meta":{"footnotes":""},"categories":[12],"tags":[31,20,21,24,25,8135,15,22,23,13,30,28,29,14,1622,16,3103,26,27,175,42,2589,43,44,45],"class_list":{"0":"post-120799","1":"post","2":"type-post","3":"status-publish","4":"format-standard","5":"has-post-thumbnail","7":"category-verden","8":"tag-breaking","9":"tag-breaking-news","10":"tag-breakingnews","11":"tag-featured-news","12":"tag-featurednews","13":"tag-gisele-pelicot","14":"tag-headlines","15":"tag-latest-news","16":"tag-latestnews","17":"tag-news","18":"tag-no","19":"tag-norge","20":"tag-norway","21":"tag-nyheter","22":"tag-overgrep","23":"tag-overskrifter","24":"tag-seksuelle-overgrep","25":"tag-top-stories","26":"tag-topstories","27":"tag-tyskland","28":"tag-verden","29":"tag-voldtekt","30":"tag-world","31":"tag-world-news","32":"tag-worldnews"},"share_on_mastodon":{"url":"https:\/\/pubeurope.com\/@no\/115772495873601648","error":""},"_links":{"self":[{"href":"https:\/\/www.europesays.com\/no\/wp-json\/wp\/v2\/posts\/120799","targetHints":{"allow":["GET"]}}],"collection":[{"href":"https:\/\/www.europesays.com\/no\/wp-json\/wp\/v2\/posts"}],"about":[{"href":"https:\/\/www.europesays.com\/no\/wp-json\/wp\/v2\/types\/post"}],"author":[{"embeddable":true,"href":"https:\/\/www.europesays.com\/no\/wp-json\/wp\/v2\/users\/2"}],"replies":[{"embeddable":true,"href":"https:\/\/www.europesays.com\/no\/wp-json\/wp\/v2\/comments?post=120799"}],"version-history":[{"count":0,"href":"https:\/\/www.europesays.com\/no\/wp-json\/wp\/v2\/posts\/120799\/revisions"}],"wp:featuredmedia":[{"embeddable":true,"href":"https:\/\/www.europesays.com\/no\/wp-json\/wp\/v2\/media\/120800"}],"wp:attachment":[{"href":"https:\/\/www.europesays.com\/no\/wp-json\/wp\/v2\/media?parent=120799"}],"wp:term":[{"taxonomy":"category","embeddable":true,"href":"https:\/\/www.europesays.com\/no\/wp-json\/wp\/v2\/categories?post=120799"},{"taxonomy":"post_tag","embeddable":true,"href":"https:\/\/www.europesays.com\/no\/wp-json\/wp\/v2\/tags?post=120799"}],"curies":[{"name":"wp","href":"https:\/\/api.w.org\/{rel}","templated":true}]}}