{"id":120813,"date":"2025-12-24T04:43:30","date_gmt":"2025-12-24T04:43:30","guid":{"rendered":"https:\/\/www.europesays.com\/no\/120813\/"},"modified":"2025-12-24T04:43:30","modified_gmt":"2025-12-24T04:43:30","slug":"vaer-sno-vil-sno-lett-gjennom-dagen","status":"publish","type":"post","link":"https:\/\/www.europesays.com\/no\/120813\/","title":{"rendered":"V\u00e6r, Sn\u00f8 | \u2013 Vil sn\u00f8 lett gjennom dagen"},"content":{"rendered":"\n<p>Lille julaften v\u00e5knet Lillestr\u00f8m by til noe som kunne minne om hvit jul.<\/p>\n<p>Utover dagen og frem mot julaften, kan det fortsette \u00e5 sn\u00f8 litt, if\u00f8lge vakthavende meteorolog Hanne Beate Skatt\u00f8r.<\/p>\n<p>\u2013 Det vil fortsette \u00e5 v\u00e6re skyet, s\u00e5 det kan komme lett sn\u00f8 gjennom hele dagen. Men det er ikke nok til at det legger seg store mengder p\u00e5 bakken, sier hun.<\/p>\n<p>\u2013 Er det h\u00e5p om noe mer sn\u00f8 utover i jula? <\/p>\n<p>\u2013 Nei.<\/p>\n<p>Blir kaldt<\/p>\n<p>Utover kvelden p\u00e5 lille julaften vil skyene sprekke opp.<\/p>\n<p>Det gj\u00f8r at gradestokken kryper nedover.<\/p>\n<p>\u2013 Julaften byr p\u00e5 en kald start p\u00e5 dagen. Det kan bli ned mot 8\u201310 minusgarder, forteller Skatt\u00f8r og legger til:<\/p>\n<p>\u2013 Ellers blir det fint v\u00e6r, sol p\u00e5 dagen og stjerneklart p\u00e5 julekvelden.<\/p>\n<p>Mye t\u00e5ke<\/p>\n<p>De neste dagene kan det danne seg lokal t\u00e5ke flere steder p\u00e5 Romerike. S\u00e6rlig i n\u00e6rheten av \u00e5pne vann.<\/p>\n<p>Utover i romjula vil v\u00e6ret stort sett v\u00e6re preget av mye sol og det meteorologen beskriver som et \u00abrolig\u00bb v\u00e6r.<\/p>\n<p>Sn\u00f8en f\u00e5r vi imidlertid ikke f\u00f8r i 2026.<\/p>\n<p>  <a href=\"https:\/\/www.rb.no\/5-43-2640762\" class=\"related-teaser has-image default-story-teaser article--c-eRUmMG article--c-eRUmMG-jKCPdD-design-default\" rel=\"nofollow noopener\" target=\"_blank\"><\/p>\n<p>    <img decoding=\"async\" loading=\"lazy\"  src=\"https:\/\/www.europesays.com\/no\/wp-content\/uploads\/2025\/12\/1766551410_500_IMG_6717.jpeg\" alt=\"\" class=\"brick-c-cFOWSL\" style=\"\"\/><\/p>\n<p>\n            Les ogs\u00e5<\/p>\n<p>              Senter-kaos \u2013 biler i k\u00f8 \u00aboveralt\u00bb\n        <\/p>\n<p>  <\/a><\/p>\n","protected":false},"excerpt":{"rendered":"Lille julaften v\u00e5knet Lillestr\u00f8m by til noe som kunne minne om hvit jul. Utover dagen og frem mot&hellip;\n","protected":false},"author":2,"featured_media":120814,"comment_status":"","ping_status":"","sticky":false,"template":"","format":"standard","meta":{"footnotes":""},"categories":[10],"tags":[36,20,21,24,25,15,5593,22,23,13,30,28,29,14,16,6527,1510,26,27,553],"class_list":{"0":"post-120813","1":"post","2":"type-post","3":"status-publish","4":"format-standard","5":"has-post-thumbnail","7":"category-norge","8":"tag-art","9":"tag-breaking-news","10":"tag-breakingnews","11":"tag-featured-news","12":"tag-featurednews","13":"tag-headlines","14":"tag-jul","15":"tag-latest-news","16":"tag-latestnews","17":"tag-news","18":"tag-no","19":"tag-norge","20":"tag-norway","21":"tag-nyheter","22":"tag-overskrifter","23":"tag-sno","24":"tag-story","25":"tag-top-stories","26":"tag-topstories","27":"tag-vaer"},"share_on_mastodon":{"url":"https:\/\/pubeurope.com\/@no\/115772719543386147","error":""},"_links":{"self":[{"href":"https:\/\/www.europesays.com\/no\/wp-json\/wp\/v2\/posts\/120813","targetHints":{"allow":["GET"]}}],"collection":[{"href":"https:\/\/www.europesays.com\/no\/wp-json\/wp\/v2\/posts"}],"about":[{"href":"https:\/\/www.europesays.com\/no\/wp-json\/wp\/v2\/types\/post"}],"author":[{"embeddable":true,"href":"https:\/\/www.europesays.com\/no\/wp-json\/wp\/v2\/users\/2"}],"replies":[{"embeddable":true,"href":"https:\/\/www.europesays.com\/no\/wp-json\/wp\/v2\/comments?post=120813"}],"version-history":[{"count":0,"href":"https:\/\/www.europesays.com\/no\/wp-json\/wp\/v2\/posts\/120813\/revisions"}],"wp:featuredmedia":[{"embeddable":true,"href":"https:\/\/www.europesays.com\/no\/wp-json\/wp\/v2\/media\/120814"}],"wp:attachment":[{"href":"https:\/\/www.europesays.com\/no\/wp-json\/wp\/v2\/media?parent=120813"}],"wp:term":[{"taxonomy":"category","embeddable":true,"href":"https:\/\/www.europesays.com\/no\/wp-json\/wp\/v2\/categories?post=120813"},{"taxonomy":"post_tag","embeddable":true,"href":"https:\/\/www.europesays.com\/no\/wp-json\/wp\/v2\/tags?post=120813"}],"curies":[{"name":"wp","href":"https:\/\/api.w.org\/{rel}","templated":true}]}}