{"id":120817,"date":"2025-12-24T04:50:35","date_gmt":"2025-12-24T04:50:35","guid":{"rendered":"https:\/\/www.europesays.com\/no\/120817\/"},"modified":"2025-12-24T04:50:35","modified_gmt":"2025-12-24T04:50:35","slug":"det-som-gjor-det-enda-vanskeligere-er-influensa-itromso-no","status":"publish","type":"post","link":"https:\/\/www.europesays.com\/no\/120817\/","title":{"rendered":"(+) \u2013 Det som gj\u00f8r det enda vanskeligere er influensa &#8211; itromso.no"},"content":{"rendered":"<ol>\n<li><a href=\"https:\/\/news.google.com\/rss\/articles\/CBMilwFBVV95cUxNTkFVa2ZqZjh2LXlGVlREWUlnODFmUFJia3hISXgyVExSeHlpcFhSVnNhV1JXbk5kekR4VTJJOHZhX1FTUUxOMnVtZWhNaHFsTjJkUS1YT1h0Z3AtVHJ2YkZIZVdHMXhERktYcUQxVXVXV0k3d0cxcmZOUEhkam96ZnRlRW1Dc2ZKTHFIX19CekJ0VE1UX2FR?oc=5\" target=\"_blank\" rel=\"nofollow noopener\">(+) \u2013 Det som gj\u00f8r det enda vanskeligere er influensa<\/a>&nbsp;&nbsp;itromso.no<\/li>\n<li><a href=\"https:\/\/news.google.com\/rss\/articles\/CBMilgFBVV95cUxPOXNndW9YeWp3UkxmZm0zVm5jcVN3WnAzTGxBYlFDbzB1NUFpbmRqZHQzMUNOUm9SdmFrZW42bTJlM0FsQTM4emp3bmg5OENldGZrVm5vTGYtMkZId0FzZzJYU0N5WHVkdDZFbDFlRzg1R2o1TlFVOWxyM2k4bFc5UTBUOWdBNFJ3UkdEOHV5LVBMd290MWc?oc=5\" target=\"_blank\" rel=\"nofollow noopener\">M\u00e5 du p\u00e5 legevakta i jula? Sjekk denne oppfordringa f\u00f8rst<\/a>&nbsp;&nbsp;NRK<\/li>\n<li><a href=\"https:\/\/news.google.com\/rss\/articles\/CBMilAFBVV95cUxQc3JibmlBcXJOMHJoXzFUSV9uRE02RWVMd2RQNGtRYUhkcndIZVdlZWdYUnVRNll5eUc3cDFKengxbjZVbU5kVTJid3hRVjRxOUxWZUQ0Vjh3ZFlVWmJFTmdOdUNNX1lNdEVDbWViNVlRWTlqTFl5aFhyNGVGTlEwQnBQbGItUVJhaWltTnd2VWhzcEpn?oc=5\" target=\"_blank\" rel=\"nofollow noopener\">Helse, Nyhet | Kommer med en klar oppfordring: \u2013 Vi prioriterer alltid<\/a>&nbsp;&nbsp;Nidaros<\/li>\n<li><a href=\"https:\/\/news.google.com\/rss\/articles\/CBMipwFBVV95cUxObFNGUmFzeTkweXVjclhCU2w1cTZ0WDl2LVFzLVhnUTBBM0Vqd0FCY1UyZC10dm95d1pCVzBlcnJMekdFM2NWSEZLOHZkZDJIZVJVMi1SWTI5UTlwdzV6LUkyOEpvT1JOQjZqYkVmSE8yUTJBSnRrNU4wb01SZmRQS0Z6YmVDZEphZTZIbG1zOXRiaHhpRTZlMTdGNVpEMFE4alh4Z0U1Zw?oc=5\" target=\"_blank\" rel=\"nofollow noopener\">Nyheter, Helse | Forventer dobling av innbyggertallet: Slik ruster legevakten opp til jul<\/a>&nbsp;&nbsp;Gudbrandsd\u00f8len Dagningen<\/li>\n<li><a href=\"https:\/\/news.google.com\/rss\/articles\/CBMitgFBVV95cUxOME5BT0RwYXBybG5xazM2Wnp2U3RfVmJ3WVJkYjYwZVNrcVZFWnVZVkdFZk1lYks0em1qZFhmQXk2bl80VnpzV29hZ0xIUEZhdUJRaXA2VnhZUzRTVV93M1E0TFpwTGN6ZW4zcWFrTjlQOTFMVWNweW1QODAtR0JqQ1pQX2V6SkNKQlYzbFVBWTBZNEswMUpVbm1QeHBQeHdIWVh5OTk4eVM4a3ZiQUhwS2swY21fUQ?oc=5\" target=\"_blank\" rel=\"nofollow noopener\">Dette er r\u00e5dene fra legevakta i Moss dersom du blir rammet av sykdom i jula<\/a>&nbsp;&nbsp;Moss Avis<\/li>\n<\/ol>\n","protected":false},"excerpt":{"rendered":"(+) \u2013 Det som gj\u00f8r det enda vanskeligere er influensa&nbsp;&nbsp;itromso.no M\u00e5 du p\u00e5 legevakta i jula? Sjekk denne&hellip;\n","protected":false},"author":2,"featured_media":120818,"comment_status":"","ping_status":"","sticky":false,"template":"","format":"standard","meta":{"footnotes":""},"categories":[10],"tags":[14378,20,21,14377,3836,24,25,15,7522,22,23,5806,13,30,28,29,14,16,26,27,1424],"class_list":{"0":"post-120817","1":"post","2":"type-post","3":"status-publish","4":"format-standard","5":"has-post-thumbnail","7":"category-norge","8":"tag-askeladden-co","9":"tag-breaking-news","10":"tag-breakingnews","11":"tag-cutters","12":"tag-dr-dropin","13":"tag-featured-news","14":"tag-featurednews","15":"tag-headlines","16":"tag-jula","17":"tag-latest-news","18":"tag-latestnews","19":"tag-legevakt","20":"tag-news","21":"tag-no","22":"tag-norge","23":"tag-norway","24":"tag-nyheter","25":"tag-overskrifter","26":"tag-top-stories","27":"tag-topstories","28":"tag-tromso-kommune"},"share_on_mastodon":{"url":"https:\/\/pubeurope.com\/@no\/115772746792483599","error":""},"_links":{"self":[{"href":"https:\/\/www.europesays.com\/no\/wp-json\/wp\/v2\/posts\/120817","targetHints":{"allow":["GET"]}}],"collection":[{"href":"https:\/\/www.europesays.com\/no\/wp-json\/wp\/v2\/posts"}],"about":[{"href":"https:\/\/www.europesays.com\/no\/wp-json\/wp\/v2\/types\/post"}],"author":[{"embeddable":true,"href":"https:\/\/www.europesays.com\/no\/wp-json\/wp\/v2\/users\/2"}],"replies":[{"embeddable":true,"href":"https:\/\/www.europesays.com\/no\/wp-json\/wp\/v2\/comments?post=120817"}],"version-history":[{"count":0,"href":"https:\/\/www.europesays.com\/no\/wp-json\/wp\/v2\/posts\/120817\/revisions"}],"wp:featuredmedia":[{"embeddable":true,"href":"https:\/\/www.europesays.com\/no\/wp-json\/wp\/v2\/media\/120818"}],"wp:attachment":[{"href":"https:\/\/www.europesays.com\/no\/wp-json\/wp\/v2\/media?parent=120817"}],"wp:term":[{"taxonomy":"category","embeddable":true,"href":"https:\/\/www.europesays.com\/no\/wp-json\/wp\/v2\/categories?post=120817"},{"taxonomy":"post_tag","embeddable":true,"href":"https:\/\/www.europesays.com\/no\/wp-json\/wp\/v2\/tags?post=120817"}],"curies":[{"name":"wp","href":"https:\/\/api.w.org\/{rel}","templated":true}]}}