{"id":120821,"date":"2025-12-24T05:12:18","date_gmt":"2025-12-24T05:12:18","guid":{"rendered":"https:\/\/www.europesays.com\/no\/120821\/"},"modified":"2025-12-24T05:12:18","modified_gmt":"2025-12-24T05:12:18","slug":"adresseavisen-mener-takk-for-frivilligheten","status":"publish","type":"post","link":"https:\/\/www.europesays.com\/no\/120821\/","title":{"rendered":"Adresseavisen mener: Takk for frivilligheten"},"content":{"rendered":"<p><img decoding=\"async\" src=\"data:image\/gif;base64,R0lGODlhEAAJAIAAAP\/\/\/wAAACH5BAEAAAAALAAAAAAQAAkAAAIKhI+py+0Po5yUFQA7\" alt=\"\"\/>    <\/p>\n<p class=\"lead\">I \u00e5r \u00f8nsker vi ei ekstra god jul til alle som bidrar til ei bedre jul for andre.<\/p>\n<p>Publisert:<br \/>\n  23. desember 2025 kl. 17:59<br \/>\n  Oppdatert:<br \/>\n  23. desember 2025 kl. 17:59\n <\/p>\n<p>Dette er en lederartikkel. Den uttrykker Adresseavisens mening. Lederartiklene legger ikke f\u00f8ringer for avisens nyhetsdekning.<\/p>\n<p><strong>Jula fungerer<\/strong> som et forst\u00f8rrelsesglass p\u00e5 Forskjells-Norge. Mens noen foreldre er bekymret for bortskjemte barn som f\u00e5r for mye, har andre s\u00e5 vidt r\u00e5d til \u00e9n gave under treet. Noen klager over alle familieselskapene de m\u00e5 rekke over i jula, mens andre sitter helt alene.<\/p>\n<p>Heldigvis er byen og regionen v\u00e5r full av folk som st\u00e5r p\u00e5 for at de som gruer seg til jul, kan grue seg litt mindre. Kanskje til og med glede seg litt.<\/p>\n<p><strong>Organisasjoner som <\/strong>Omsorgskafeen og Hjelp m\u00e6 \u00e5 hjelpe samler inn julemat og gaver som de deler ut til familier og andre som trenger det. Frelsesarmeen gir ut gavekort slik at folk med d\u00e5rlig r\u00e5d kan kj\u00f8pe seg det de trenger til jul. Kirkens Bymisjon holder \u00e5pen kirke i V\u00e5r Frue, der gudstjeneste og sang f\u00f8lges av middag, julegaver og gang rundt juletreet. P\u00e5 Tiller arrangerer noen som kaller seg Julehjelpa gratis julefeiring for alle som \u00f8nsker et trygt og inkluderende sted \u00e5 v\u00e6re den 24. desember.<\/p>\n<p><strong>Listen over<\/strong> organisasjoner som bidrar, kunne v\u00e6rt mye, mye lenger. Og ingenting av det de tilbyr, hadde v\u00e6rt mulig uten at folk bruker av sin egen fritid for \u00e5 gj\u00f8re en frivillig innsats for andre. Arbeidet de legger ned er uvurderlig. Det betyr mye for den enkelte, og det betyr mye for samfunnet.<\/p>\n<p><strong>Det har alltid <\/strong>v\u00e6rt forskjell p\u00e5 fattig og rik, men dyrtida har gjort at flere sliter. If\u00f8lge Frelsesarmeens siste fattigdomsbarometer, som kom i november, <a href=\"https:\/\/frelsesarmeen.no\/aktuelt\/en-av-fem-frykter-de-ikke-har-rad-til-jul\" rel=\"noopener nofollow\" target=\"_blank\">fryktet \u00e9n av fire barnefamilier at de ikke hadde penger nok til julefeiringen.<\/a> Heldigvis viser tidligere tall at flere sakte, men sikkert, oppgir at \u00f8konomien har bedret seg det siste halve \u00e5ret. Men de som allerede hadde minst fra f\u00f8r, svarer at de har enda mindre \u00e5 rutte med enn f\u00f8r.<\/p>\n<p><strong>Det er et <\/strong>politisk ansvar at trygdene ikke er s\u00e5 lave at folk m\u00e5 f\u00e5 poser fra Matsentralen for \u00e5 mette ungene sine. Og det er et politisk ansvar \u00e5 gj\u00f8re noe med boligpolitikken, slik at ogs\u00e5 vanlige folk med vanlige jobber har r\u00e5d til \u00e5 bo i storbyene v\u00e5re. Fattigdomsbekjempelse m\u00e5 aldri overlates til frivilligheten alene.<\/p>\n<p><strong>Men uansett<\/strong> hvem som styrer &#8211; og uansett st\u00f8rrelsen p\u00e5 statsbudsjettet &#8211; vil frivillige organisasjoner spille en viktig rolle. Deres bidrag handler om mer enn \u00e5 gi ut mat og gaver. Det handler om \u00e5 tilby folk et fellesskap, b\u00e5de for dem som gir og for dem som tar imot hjelp. N\u00e5 i jula, og alle andre dager i \u00e5ret. De som stiller opp, fortjener en stor takk.<\/p>\n","protected":false},"excerpt":{"rendered":"I \u00e5r \u00f8nsker vi ei ekstra god jul til alle som bidrar til ei bedre jul for andre.&hellip;\n","protected":false},"author":2,"featured_media":120822,"comment_status":"","ping_status":"","sticky":false,"template":"","format":"standard","meta":{"footnotes":""},"categories":[5],"tags":[20,21,24,25,3677,15,19,5593,12712,22,23,246,17,18,10307,13,30,28,29,14,14379,16,26,27],"class_list":{"0":"post-120821","1":"post","2":"type-post","3":"status-publish","4":"format-standard","5":"has-post-thumbnail","7":"category-overskrifter","8":"tag-breaking-news","9":"tag-breakingnews","10":"tag-featured-news","11":"tag-featurednews","12":"tag-frelsesarmeen","13":"tag-headlines","14":"tag-hovedoppslag","15":"tag-jul","16":"tag-kirkens-bymisjon","17":"tag-latest-news","18":"tag-latestnews","19":"tag-leder","20":"tag-main-news","21":"tag-mainnews","22":"tag-matsentralen","23":"tag-news","24":"tag-no","25":"tag-norge","26":"tag-norway","27":"tag-nyheter","28":"tag-omsorgskafeen","29":"tag-overskrifter","30":"tag-top-stories","31":"tag-topstories"},"share_on_mastodon":{"url":"https:\/\/pubeurope.com\/@no\/115772833419241971","error":""},"_links":{"self":[{"href":"https:\/\/www.europesays.com\/no\/wp-json\/wp\/v2\/posts\/120821","targetHints":{"allow":["GET"]}}],"collection":[{"href":"https:\/\/www.europesays.com\/no\/wp-json\/wp\/v2\/posts"}],"about":[{"href":"https:\/\/www.europesays.com\/no\/wp-json\/wp\/v2\/types\/post"}],"author":[{"embeddable":true,"href":"https:\/\/www.europesays.com\/no\/wp-json\/wp\/v2\/users\/2"}],"replies":[{"embeddable":true,"href":"https:\/\/www.europesays.com\/no\/wp-json\/wp\/v2\/comments?post=120821"}],"version-history":[{"count":0,"href":"https:\/\/www.europesays.com\/no\/wp-json\/wp\/v2\/posts\/120821\/revisions"}],"wp:featuredmedia":[{"embeddable":true,"href":"https:\/\/www.europesays.com\/no\/wp-json\/wp\/v2\/media\/120822"}],"wp:attachment":[{"href":"https:\/\/www.europesays.com\/no\/wp-json\/wp\/v2\/media?parent=120821"}],"wp:term":[{"taxonomy":"category","embeddable":true,"href":"https:\/\/www.europesays.com\/no\/wp-json\/wp\/v2\/categories?post=120821"},{"taxonomy":"post_tag","embeddable":true,"href":"https:\/\/www.europesays.com\/no\/wp-json\/wp\/v2\/tags?post=120821"}],"curies":[{"name":"wp","href":"https:\/\/api.w.org\/{rel}","templated":true}]}}