{"id":120825,"date":"2025-12-24T05:20:54","date_gmt":"2025-12-24T05:20:54","guid":{"rendered":"https:\/\/www.europesays.com\/no\/120825\/"},"modified":"2025-12-24T05:20:54","modified_gmt":"2025-12-24T05:20:54","slug":"haaland-veies-etter-julefeiringen","status":"publish","type":"post","link":"https:\/\/www.europesays.com\/no\/120825\/","title":{"rendered":"Haaland veies etter julefeiringen"},"content":{"rendered":"<p>  Det sies at det er viktigere hva man spiser mellom nytt\u00e5r og jul, ikke jul og nytt\u00e5r, men Manchester City-sjef Pep Guardiola skal f\u00f8lge n\u00f8ye med.<\/p>\n<p>\n    Manchester City-manager Pep Guardiola stiller krav til Erling Braut Haaland og resten av spillerne. Foto: Jon Super \/ AP \/ NTB\n  <\/p>\n<p>F\u00f8rste juledag m\u00e5 nemlig City-spillerne opp p\u00e5 vekten for \u00e5 sjekke status, if\u00f8lge Guardiola. Spillerne har f\u00e5tt en kort juleferie etter 3-0-seieren over West Ham i helgen.<\/p>\n<p>Guardiola opplyste pressen at spillerne ble veid f\u00f8r ferien.<\/p>\n<p>\u2013 De kommer tilbake 25., og jeg skal v\u00e6re der og kontrollere hvor mange kilo som kommer opp og se om de kommer feite tilbake, sa Guardiola p\u00e5 en pressekonferanse.<\/p>\n<p>\u2013 I det \u00f8yeblikket de kommer tilbake etter tre dager, vil jeg se hvordan de ser ut. De kan spise i jula, men jeg vil ha kontroll p\u00e5 dem, fortalte han.<\/p>\n<p>27. desember venter et oppgj\u00f8r mot Nottingham Forest.<\/p>\n<p>\u2013 Tenk deg at en spiller som er perfekt n\u00e5, men som kommer tilbake tre kilo tyngre. Han blir i Manchester. Han reiser ikke til Nottingham, var Guardiolas klare beskjed.<\/p>\n<p>Spanjolen reiser selv en kort tur til Barcelona i julepausen.<\/p>\n","protected":false},"excerpt":{"rendered":"Det sies at det er viktigere hva man spiser mellom nytt\u00e5r og jul, ikke jul og nytt\u00e5r, men&hellip;\n","protected":false},"author":2,"featured_media":120826,"comment_status":"","ping_status":"","sticky":false,"template":"","format":"standard","meta":{"footnotes":""},"categories":[59],"tags":[30,28,29,14,83,82],"class_list":{"0":"post-120825","1":"post","2":"type-post","3":"status-publish","4":"format-standard","5":"has-post-thumbnail","7":"category-sport","8":"tag-no","9":"tag-norge","10":"tag-norway","11":"tag-nyheter","12":"tag-sport","13":"tag-sports"},"share_on_mastodon":{"url":"https:\/\/pubeurope.com\/@no\/115772868739341576","error":""},"_links":{"self":[{"href":"https:\/\/www.europesays.com\/no\/wp-json\/wp\/v2\/posts\/120825","targetHints":{"allow":["GET"]}}],"collection":[{"href":"https:\/\/www.europesays.com\/no\/wp-json\/wp\/v2\/posts"}],"about":[{"href":"https:\/\/www.europesays.com\/no\/wp-json\/wp\/v2\/types\/post"}],"author":[{"embeddable":true,"href":"https:\/\/www.europesays.com\/no\/wp-json\/wp\/v2\/users\/2"}],"replies":[{"embeddable":true,"href":"https:\/\/www.europesays.com\/no\/wp-json\/wp\/v2\/comments?post=120825"}],"version-history":[{"count":0,"href":"https:\/\/www.europesays.com\/no\/wp-json\/wp\/v2\/posts\/120825\/revisions"}],"wp:featuredmedia":[{"embeddable":true,"href":"https:\/\/www.europesays.com\/no\/wp-json\/wp\/v2\/media\/120826"}],"wp:attachment":[{"href":"https:\/\/www.europesays.com\/no\/wp-json\/wp\/v2\/media?parent=120825"}],"wp:term":[{"taxonomy":"category","embeddable":true,"href":"https:\/\/www.europesays.com\/no\/wp-json\/wp\/v2\/categories?post=120825"},{"taxonomy":"post_tag","embeddable":true,"href":"https:\/\/www.europesays.com\/no\/wp-json\/wp\/v2\/tags?post=120825"}],"curies":[{"name":"wp","href":"https:\/\/api.w.org\/{rel}","templated":true}]}}