{"id":120830,"date":"2025-12-24T05:28:49","date_gmt":"2025-12-24T05:28:49","guid":{"rendered":"https:\/\/www.europesays.com\/no\/120830\/"},"modified":"2025-12-24T05:28:49","modified_gmt":"2025-12-24T05:28:49","slug":"skjenketider-alkohol-kan-vi-se-fotball-uten-alkohol","status":"publish","type":"post","link":"https:\/\/www.europesays.com\/no\/120830\/","title":{"rendered":"Skjenketider, Alkohol | Kan vi se fotball uten alkohol?"},"content":{"rendered":"\n<p><b>Vi ser fram <\/b>til sommerens fotballfest, men at det skal v\u00e6re n\u00f8dvendig \u00e5 utvide skjenketiden for \u00e5 f\u00e5 en fotballfest er uforst\u00e5elig.<\/p>\n<p><b>Forel\u00f8pig vet vi<\/b> at bare en kamp starter kl. 02.00. Da er det mulig \u00e5 kj\u00f8pe alkohol i hele f\u00f8rste omgang av kampen.<\/p>\n<p><b>I pausen kan<\/b> de som er p\u00e5 et utested kj\u00f8pe s\u00e5 mye \u00f8l de orker slik at de har nok \u00e5 drikke i andre omgang. Med en eller to \u00f8lbokser pluss det de har drukket tidligere p\u00e5 natten, b\u00f8r de fleste ha nok alkohol innabords til \u00e5 kunne feire en seier.<\/p>\n<p><a class=\"simple-relation related-teaser article--c-eRUmMG article--c-eRUmMG-jKCPdD-design-default article--c-eRUmMG-iBPVJb-cv\" href=\"https:\/\/www.dt.no\/jubler-for-fotballfest-men-frykter-fyllefest\/s\/5-57-2752210\" rel=\"nofollow noopener\" target=\"_blank\">Jubler for fotballfest, men frykter fyllefest<\/a><\/p>\n<p><b>Er det slik<\/b> at fotball og \u00f8l er ul\u00f8selig forbundet?<\/p>\n<p><b>Kommer en ikke<\/b> i riktig stemning uten et \u00f8lglass i h\u00e5nden?<\/p>\n<p><b>Jeg g\u00e5r ofte<\/b> forbi minnesmerket etter Marcus Thrane ved Str\u00f8ms\u00f8 torg. Thrane var en sentral mann p\u00e5 1840-tallet og en foregangsperson for Arbeiderbevegelsen.<\/p>\n<p><b>Han kjempet for <\/b>sosial urettferdighet og arbeiderklassens fremgang. I den sammenheng ble alkoholen sett p\u00e5 som et onde som svekket arbeiderne og deres kamp for rettferdighet og velstand.<\/p>\n<p><a class=\"simple-relation related-teaser article--c-eRUmMG article--c-eRUmMG-jKCPdD-design-default article--c-eRUmMG-iBPVJb-cv\" href=\"https:\/\/www.dt.no\/onsker-a-utvide-skjenkingen-ikke-snakk-om-fyll-og-fanteri\/s\/5-57-2710429\" rel=\"nofollow noopener\" target=\"_blank\">\u00d8nsker \u00e5 utvide skjenkingen: \u2013 Ikke snakk om fyll og fanteri<\/a><\/p>\n<p><b>Arbeiderpartiet har v\u00e6rt<\/b> m\u00e5teholdent n\u00e5r det gjelder skjenketider, alkoholbruk og liberaliseringen. Det er skuffende at Arbeiderpartiet har glemt dette.<\/p>\n<p><b>En restriktiv alkoholpolitikk<\/b> har vist seg \u00e5 ha god effekt. Det gjelder Vinmonopol, forbud mot alkoholreklame, aldersgrenser for kj\u00f8p av alkohol, skjenketider og tidsbegrenset salg i butikker.<\/p>\n<p><b>Beklageligvis er statsminister <\/b>St\u00f8re positiv til liberalisering under fotball VM. Noe ogs\u00e5 Arbeiderpartiet stemte for i kommunestyret i Drammen. Landsm\u00f8tet vedtok tidligere at det skal v\u00e6re mulig \u00e5 nyte alkohol i parker og p\u00e5 andre offentlige steder.<\/p>\n<p><b>Statsministeren ble spurt<\/b> om det ikke burde liberaliseres ogs\u00e5 n\u00e5r det gjelder Oskar-utdelingen om en norsk film er nominert. Nei, film var ikke like viktig som fotball, mente St\u00f8re.<\/p>\n<p><b>En underlig forskjellsbehandling av<\/b> en statsminister.<\/p>\n<p><b>Hva med OL<\/b> i 2028 som skal arrangeres i Los Angeles? B\u00f8r skjenketidene utvides ogs\u00e5 den sommeren?<\/p>\n<p><a class=\"simple-relation related-teaser article--c-eRUmMG article--c-eRUmMG-jKCPdD-design-default article--c-eRUmMG-iBPVJb-cv\" href=\"https:\/\/www.dt.no\/en-levende-elveby-krever-billigere-ol\/o\/5-57-2747530\" rel=\"nofollow noopener\" target=\"_blank\">En levende elveby krever billigere \u00f8l<\/a><\/p>\n<p><b>Vi har samme<\/b> utfordring i 2032 med OL i Australia. Det er langt fram til vinter OL i Utah i 2034.<\/p>\n<p><b>Kan vi regne <\/b>med at det n\u00e5 blir utvidede skjenketider alt etter hvor idrettsarrangement finner sted og om regjeringspartiet liker sporten?<\/p>\n<p><b>Vet ikke de<\/b> som \u00f8nsker utvidet alkoholservering at alkohol er det hyppigst brukte rusmiddel og er \u00e5rsaken til de fleste rusrelaterte lidelser for enkeltmennesker og familier?<\/p>\n<p><b>KrF vil f\u00f8lge<\/b> politiets anbefaling om tidligere skjenketider.<\/p>\n<p><b>Men n\u00e5r vi<\/b> ikke f\u00e5r flertall for det, m\u00e5 vi holde p\u00e5 de fastsatte skjenketider.<\/p>\n<p><b>Vi kan ikke <\/b>utvide tiden alt etter hvilken idrettsgren eller kulturbegivenhet\\ som den aktuelle statsminister eller ledelse i et parti, mener er viktig nok.<\/p>\n<p><b>Andre saker fra dt.no<\/b><\/p>\n<p>  <a href=\"https:\/\/www.dt.no\/5-57-2759951\" class=\"related-teaser has-image default-story-teaser article--c-eRUmMG article--c-eRUmMG-jKCPdD-design-default\" rel=\"nofollow noopener\" target=\"_blank\"><\/p>\n<p>    <img decoding=\"async\" loading=\"lazy\"  src=\"https:\/\/www.europesays.com\/no\/wp-content\/uploads\/2025\/12\/DSC_8650.JPG\" alt=\"\" class=\"brick-c-cFOWSL\" style=\"\"\/><\/p>\n<p>\n            Les ogs\u00e5<\/p>\n<p>              Hedret med kortesje: \u2013Har v\u00e6rt en viktig del av oppveksten\n        <\/p>\n<p>  <\/a><\/p>\n<p>  <a href=\"https:\/\/www.dt.no\/5-57-2759777\" class=\"related-teaser has-image default-story-teaser article--c-eRUmMG article--c-eRUmMG-jKCPdD-design-default\" rel=\"nofollow noopener\" target=\"_blank\"><\/p>\n<p>    <img decoding=\"async\" loading=\"lazy\"  src=\"https:\/\/www.europesays.com\/no\/wp-content\/uploads\/2025\/12\/1766554129_281_18_kul_lotto2.jpg\" alt=\"\" class=\"brick-c-cFOWSL\" style=\"\"\/><\/p>\n<p>\n            Les ogs\u00e5<\/p>\n<p>              Mann fra drammensdistriktet ble million\u00e6r: \u2013 Vi f\u00e5r ikke tak i han\n        <\/p>\n<p>  <\/a><\/p>\n<p>  <a href=\"https:\/\/www.dt.no\/5-57-2759045\" class=\"related-teaser has-image default-story-teaser article--c-eRUmMG article--c-eRUmMG-jKCPdD-design-default\" rel=\"nofollow noopener\" target=\"_blank\"><\/p>\n<p>    <img decoding=\"async\" loading=\"lazy\"  src=\"https:\/\/www.europesays.com\/no\/wp-content\/uploads\/2025\/12\/IMG_6539.JPG\" alt=\"\" class=\"brick-c-cFOWSL\" style=\"\"\/><\/p>\n<p>\n            Les ogs\u00e5<\/p>\n<p>              Roser tilbudet: \u2013 Gir en annen mulighet til ungdommer\n        <\/p>\n<p>  <\/a><\/p>\n","protected":false},"excerpt":{"rendered":"Vi ser fram til sommerens fotballfest, men at det skal v\u00e6re n\u00f8dvendig \u00e5 utvide skjenketiden for \u00e5 f\u00e5&hellip;\n","protected":false},"author":2,"featured_media":120831,"comment_status":"","ping_status":"","sticky":false,"template":"","format":"standard","meta":{"footnotes":""},"categories":[59],"tags":[1095,36,14381,37,1754,156,30,28,29,1533,41,14380,83,82,3119,11971],"class_list":{"0":"post-120830","1":"post","2":"type-post","3":"status-publish","4":"format-standard","5":"has-post-thumbnail","7":"category-sport","8":"tag-alkohol","9":"tag-art","10":"tag-billy-taranger","11":"tag-debatt","12":"tag-krf","13":"tag-meninger","14":"tag-no","15":"tag-norge","16":"tag-norway","17":"tag-opinion","18":"tag-politikk","19":"tag-skjenketider","20":"tag-sport","21":"tag-sports","22":"tag-uteliv","23":"tag-vm-i-fotball"},"share_on_mastodon":{"url":"https:\/\/pubeurope.com\/@no\/115772900588023731","error":""},"_links":{"self":[{"href":"https:\/\/www.europesays.com\/no\/wp-json\/wp\/v2\/posts\/120830","targetHints":{"allow":["GET"]}}],"collection":[{"href":"https:\/\/www.europesays.com\/no\/wp-json\/wp\/v2\/posts"}],"about":[{"href":"https:\/\/www.europesays.com\/no\/wp-json\/wp\/v2\/types\/post"}],"author":[{"embeddable":true,"href":"https:\/\/www.europesays.com\/no\/wp-json\/wp\/v2\/users\/2"}],"replies":[{"embeddable":true,"href":"https:\/\/www.europesays.com\/no\/wp-json\/wp\/v2\/comments?post=120830"}],"version-history":[{"count":0,"href":"https:\/\/www.europesays.com\/no\/wp-json\/wp\/v2\/posts\/120830\/revisions"}],"wp:featuredmedia":[{"embeddable":true,"href":"https:\/\/www.europesays.com\/no\/wp-json\/wp\/v2\/media\/120831"}],"wp:attachment":[{"href":"https:\/\/www.europesays.com\/no\/wp-json\/wp\/v2\/media?parent=120830"}],"wp:term":[{"taxonomy":"category","embeddable":true,"href":"https:\/\/www.europesays.com\/no\/wp-json\/wp\/v2\/categories?post=120830"},{"taxonomy":"post_tag","embeddable":true,"href":"https:\/\/www.europesays.com\/no\/wp-json\/wp\/v2\/tags?post=120830"}],"curies":[{"name":"wp","href":"https:\/\/api.w.org\/{rel}","templated":true}]}}