{"id":120837,"date":"2025-12-24T05:45:07","date_gmt":"2025-12-24T05:45:07","guid":{"rendered":"https:\/\/www.europesays.com\/no\/120837\/"},"modified":"2025-12-24T05:45:07","modified_gmt":"2025-12-24T05:45:07","slug":"hendelser-askoy-mann-til-sykehus-etter-krasj-i-mur-forsokte-a-lope-vekk","status":"publish","type":"post","link":"https:\/\/www.europesays.com\/no\/120837\/","title":{"rendered":"Hendelser, Ask\u00f8y | Mann til sykehus etter krasj i mur: \u2013 Fors\u00f8kte \u00e5 l\u00f8pe vekk"},"content":{"rendered":"\n<p>Politiet fikk klokken 0110 natt til onsdag melding om en singelulykke p\u00e5 fylkesvei 562 ved Hauglandsmyra p\u00e5 Ask\u00f8y.<\/p>\n<p>En personbil skal ha kollidert i en mur langs veien, opplyser politiets operasjonsleder Morten Rebnord.<\/p>\n<p>\u2013 Bilf\u00f8rer, en mann i 20-\u00e5rene, fors\u00f8kte \u00e5 l\u00f8pe vekk, men ble holdt igjen av andre bilister som kom til stedet. F\u00f8rer klarte til slutt \u00e5 rive seg l\u00f8s og l\u00f8p av g\u00e5rde, men han ble stanset noen hundre meter unna av brannvesenet som var p\u00e5 vei til ulykken, forteller Rebnord til BA.<\/p>\n<p>Bilen skal ha f\u00e5tt store materielle skader. Politiet mistenker derfor at ulykken har skjedd i h\u00f8y fart.<\/p>\n<p>Mannen var alene i bilen.<\/p>\n<p>\u2013 F\u00f8reren ble tatt med til Haukeland sykehus for n\u00e6rmere unders\u00f8kelse. Eventuelle personskader er av ukjent omfang.<\/p>\n<p>I morgentimene onsdag er han fortsatt p\u00e5 sykehuset og politiet har ikke f\u00e5tt snakket med ham.<\/p>\n<p>Mannen mistenkes for \u00e5 ha kj\u00f8rt i rusp\u00e5virket tilstand og f\u00f8rerkortet hans er beslaglagt, melder operasjonslederen.<\/p>\n","protected":false},"excerpt":{"rendered":"Politiet fikk klokken 0110 natt til onsdag melding om en singelulykke p\u00e5 fylkesvei 562 ved Hauglandsmyra p\u00e5 Ask\u00f8y.&hellip;\n","protected":false},"author":2,"featured_media":1615,"comment_status":"","ping_status":"","sticky":false,"template":"","format":"standard","meta":{"footnotes":""},"categories":[10],"tags":[36,2271,20,21,24,25,15,168,22,23,13,30,28,29,14,16,1510,26,27,666],"class_list":{"0":"post-120837","1":"post","2":"type-post","3":"status-publish","4":"format-standard","5":"has-post-thumbnail","7":"category-norge","8":"tag-art","9":"tag-askoy","10":"tag-breaking-news","11":"tag-breakingnews","12":"tag-featured-news","13":"tag-featurednews","14":"tag-headlines","15":"tag-hendelser","16":"tag-latest-news","17":"tag-latestnews","18":"tag-news","19":"tag-no","20":"tag-norge","21":"tag-norway","22":"tag-nyheter","23":"tag-overskrifter","24":"tag-story","25":"tag-top-stories","26":"tag-topstories","27":"tag-trafikkulykke"},"share_on_mastodon":{"url":"https:\/\/pubeurope.com\/@no\/115772963136525328","error":""},"_links":{"self":[{"href":"https:\/\/www.europesays.com\/no\/wp-json\/wp\/v2\/posts\/120837","targetHints":{"allow":["GET"]}}],"collection":[{"href":"https:\/\/www.europesays.com\/no\/wp-json\/wp\/v2\/posts"}],"about":[{"href":"https:\/\/www.europesays.com\/no\/wp-json\/wp\/v2\/types\/post"}],"author":[{"embeddable":true,"href":"https:\/\/www.europesays.com\/no\/wp-json\/wp\/v2\/users\/2"}],"replies":[{"embeddable":true,"href":"https:\/\/www.europesays.com\/no\/wp-json\/wp\/v2\/comments?post=120837"}],"version-history":[{"count":0,"href":"https:\/\/www.europesays.com\/no\/wp-json\/wp\/v2\/posts\/120837\/revisions"}],"wp:featuredmedia":[{"embeddable":true,"href":"https:\/\/www.europesays.com\/no\/wp-json\/wp\/v2\/media\/1615"}],"wp:attachment":[{"href":"https:\/\/www.europesays.com\/no\/wp-json\/wp\/v2\/media?parent=120837"}],"wp:term":[{"taxonomy":"category","embeddable":true,"href":"https:\/\/www.europesays.com\/no\/wp-json\/wp\/v2\/categories?post=120837"},{"taxonomy":"post_tag","embeddable":true,"href":"https:\/\/www.europesays.com\/no\/wp-json\/wp\/v2\/tags?post=120837"}],"curies":[{"name":"wp","href":"https:\/\/api.w.org\/{rel}","templated":true}]}}