{"id":120838,"date":"2025-12-24T06:32:11","date_gmt":"2025-12-24T06:32:11","guid":{"rendered":"https:\/\/www.europesays.com\/no\/120838\/"},"modified":"2025-12-24T06:32:11","modified_gmt":"2025-12-24T06:32:11","slug":"ella-overbye-21-om-flukten-fra-bolivia-innspilling-voldsomt","status":"publish","type":"post","link":"https:\/\/www.europesays.com\/no\/120838\/","title":{"rendered":"Ella \u00d8verbye (21) om \u00abFlukten fra Bolivia\u00bb-innspilling: \u2013 Voldsomt"},"content":{"rendered":"\n<p class=\"_lead_o9xde_2 _lead_xtcu6_50 layout-component text-serif-m layout-normal text-serif-l layout-component layout-wide layout-padded _wide_17hqh_1 layout-padded\">Den unge skuespilleren m\u00e5tte spille ut alt fra keisersnitt til sl\u00e5sskamper for \u00abFlukten fra Bolivia\u00bb.<\/p>\n<p><img alt=\"En sm\u00f8rblid Ella \u00d8verbye intervjues av VG under et pressetreff for TV 2-serien \u00abFlukten fra Bolivia\u00bb.  Foto: Benjamin Brekken \/ VG\" class=\"_image_qp4xg_65 layout-component layout-wide\" data-fullscreen- data-track-element-type=\"Article image fullscreen\" data-track-name=\"ImageFullscreen\" fetchpriority=\"high\" decoding=\"sync\" loading=\"eager\" height=\"995\" itemprop=\"image\"  src=\"https:\/\/www.europesays.com\/no\/wp-content\/uploads\/2025\/12\/c8279f40-83e9-48aa-8baa-e621075ec4de\"  style=\"object-position:0% 0%\" width=\"1124\"\/>En sm\u00f8rblid Ella \u00d8verbye intervjues av VG under et pressetreff for TV 2-serien \u00abFlukten fra Bolivia\u00bb.  Foto: Benjamin Brekken \/ VG<\/p>\n<ul aria-hidden=\"true\" class=\"_images_ntbth_112\">\n<li><a class=\"_link_ntbth_117\" href=\"https:\/\/www.vg.no\/forfatter\/thor-benjamin-brekken\" style=\"z-index:1\" title=\"Benjamin Brekken\" rel=\"nofollow noopener\" target=\"_blank\"><img alt=\"Bilde av Benjamin Brekken\" class=\"_image_ntbth_93\" fetchpriority=\"low\" loading=\"lazy\" decoding=\"async\" itemprop=\"image\"  src=\"https:\/\/www.europesays.com\/no\/wp-content\/uploads\/2025\/12\/1766557928_141_a7e2b135-ec04-4aac-b1df-254547b32ff3\"  width=\"480\"\/><\/a><\/li>\n<\/ul>\n<p> Oppdatert onsdag 24. desember kl. 07:00     <\/p>\n<p class=\"_paragraph_o9xde_4 _paragraph_xtcu6_10 layout-component text-serif-m layout-normal text-serif-m layout-padded\">I august rasket hun med seg sin f\u00f8rste Amanda-nominasjon for rollen i Dag Johan Haugeruds <a href=\"https:\/\/www.vg.no\/rampelys\/i\/rP4xdA\/norge-vant-gullbjoernen-i-berlin\" data-track-element-type=\"Link\" data-track-id=\"link:rP4xdA\" class=\"_link_o9xde_39\" rel=\"nofollow noopener\" target=\"_blank\">\u00abGullbj\u00f8rnen\u00bb-vinnende film<\/a> \u00abDr\u00f8mmer\u00bb. N\u00e5 er hun aktuell i <a href=\"https:\/\/www.vg.no\/tag\/tv-2?utm_source=vg-article&amp;utm_medium=auto-tagger&amp;utm_campaign=OknePA\" class=\"_link_o9xde_39\" rel=\"nofollow noopener\" target=\"_blank\">TV 2<\/a>-serien \u00abFlukten fra Bolivia\u00bb, hvor hun virkelig fikk gjennomg\u00e5 under innspillingen.<\/p>\n<p class=\"_paragraph_o9xde_4 _paragraph_xtcu6_10 layout-component text-serif-m layout-normal text-serif-m layout-padded\">\u2013 Det var veldig krevende. Jeg har jo gjort litt av hvert f\u00f8r, men ikke p\u00e5 den m\u00e5ten her. N\u00e5r det gjelder b\u00e5de f\u00f8lelser og opplevelser. Det var alt fra depresjon til glede, fra f\u00f8dsel til intimscener, sier \u00d8verbye til VG under et pressetreff. <\/p>\n<p><img alt=\"Ella \u00d8verbye som karakteren Ida i \u00abFlukten fra Bolivia\u00bb.  Foto: TV 2 \/ TV 2\" class=\"_image_qp4xg_65 layout-component layout-normal\" data-fullscreen- data-track-element-type=\"Article image fullscreen\" data-track-name=\"ImageFullscreen\" decoding=\"async\" loading=\"lazy\" height=\"5120\" itemprop=\"image\"  src=\"https:\/\/www.europesays.com\/no\/wp-content\/uploads\/2025\/12\/5ba4b21d-e917-4688-885b-4e3c1e1abbdc\"  style=\"object-position:0% 0%\" width=\"8192\"\/>Ella \u00d8verbye som karakteren Ida i \u00abFlukten fra Bolivia\u00bb.  Foto: TV 2 \/ TV 2<\/p>\n<p class=\"_paragraph_o9xde_4 _paragraph_xtcu6_10 layout-component text-serif-m layout-normal text-serif-m layout-padded\">Serien, skapt av Emilie Beck, er inspirert av den <a href=\"https:\/\/www.vg.no\/nyheter\/i\/JklEj\/bolivia-saken-i-retten-i-norge-bruk-alt-du-kan-sex-penger-alt\" data-track-element-type=\"Link\" data-track-id=\"link:JklEj\" class=\"_link_o9xde_39\" rel=\"nofollow noopener\" target=\"_blank\">mye omtalte Bolivia-saken<\/a> om tre unge norske kvinner som ble tatt med 22 kilo kokain i bagasjen og havnet i et boliviansk fengsel. <\/p>\n<p>\u2013 Svette og klare<\/p>\n<p class=\"_paragraph_o9xde_4 _paragraph_xtcu6_10 layout-component text-serif-m layout-normal text-serif-m layout-padded\">\u00d8verbye trekker fram dagen p\u00e5 settet i S\u00f8r-Afrika da karakteren hennes skulle gjennom et keisersnitt som spesielt intenst. <\/p>\n<p class=\"_paragraph_o9xde_4 _paragraph_xtcu6_10 layout-component text-serif-m layout-normal text-serif-m layout-padded\">\u2013 Jeg tror vi gjorde tolv scener p\u00e5 tolv timer, eller noe s\u00e5nt. Det var virkelig en t\u00f8ff dag. Og vi var p\u00e5 fengselssettet, som er en labyrint av sett som ble bygget for \u00e5 ligne p\u00e5 den ekte f\u00f8destua inne blant cellene, forklarer 21-\u00e5ringen. <\/p>\n<p class=\"_paragraph_o9xde_4 _paragraph_xtcu6_10 layout-component text-serif-m layout-normal text-serif-m layout-padded\">For \u00e5 rekke alt innenfor tidsskjemaet m\u00e5tte skuespillerne og resten av teamet l\u00f8pe gjennom settet for \u00e5 rekke \u00e5 skifte.<\/p>\n<p class=\"_paragraph_o9xde_4 _paragraph_xtcu6_10 layout-component text-serif-m layout-normal text-serif-m layout-padded\">\u2013 Vi var svette og klare, for \u00e5 si det s\u00e5nn. Alle hadde satt seg p\u00e5 h\u00f8ygir den dagen. Det var veldig g\u00f8y og tidvis dritslitsomt. Tid var penger den dagen, p\u00e5 godt og vondt. <\/p>\n<p>\u2013 Voldsomt<\/p>\n<p class=\"_paragraph_o9xde_4 _paragraph_xtcu6_10 layout-component text-serif-m layout-normal text-serif-m layout-padded\">\u00abFlukten fra Bolivia\u00bb inneholder ogs\u00e5 voldelige sl\u00e5sscener hvor \u00d8verbye m\u00e5tte jobbe med stuntkoordinator.<\/p>\n<p class=\"_paragraph_o9xde_4 _paragraph_xtcu6_10 layout-component text-serif-m layout-normal text-serif-m layout-padded\">\u2013 Det var g\u00f8y, fordi jeg aldri har gjort det tidligere. Jeg har danset f\u00f8r, men aldri utf\u00f8rt noe s\u00e5nt som dette. Og jeg har holdt p\u00e5 med litt karate, men da var jeg bare ti \u00e5r gammel. S\u00e5 det var ingenting i n\u00e6rheten av det opplegget her, erkjenner \u00d8verbye. <\/p>\n<p><img alt=\"\u00abFlukten fra Bolivia\u00bb.  Foto: TV 2\" class=\"_image_qp4xg_65 layout-component layout-normal\" data-fullscreen- data-track-element-type=\"Article image fullscreen\" data-track-name=\"ImageFullscreen\" decoding=\"async\" loading=\"lazy\" height=\"4480\" itemprop=\"image\"  src=\"https:\/\/www.europesays.com\/no\/wp-content\/uploads\/2025\/12\/7440ce18-a7ca-4fdf-805e-fed7d12a88ab\"  style=\"object-position:0% 0%\" width=\"6720\"\/>\u00abFlukten fra Bolivia\u00bb.  Foto: TV 2<\/p>\n<p class=\"_paragraph_o9xde_4 _paragraph_xtcu6_10 layout-component text-serif-m layout-normal text-serif-m layout-padded\">Hun forklarer at realismen krevde at hun faktisk m\u00e5tte t\u00e5le at et slag kunne komme til \u00e5 lande. <\/p>\n<p class=\"_paragraph_o9xde_4 _paragraph_xtcu6_10 layout-component text-serif-m layout-normal text-serif-m layout-padded\">\u2013 Du f\u00e5r et slag her og der, liksom &#8230; Man er litt avhengig av \u00e5 bare falle rett ned p\u00e5 asfalten og sl\u00e5 seg litt. Men det er det som gj\u00f8r at det f\u00f8les ekte, da. Det blir jo virkeligere av det, understreker Oslo-jenta.<\/p>\n<p class=\"_paragraph_o9xde_4 _paragraph_xtcu6_10 layout-component text-serif-m layout-normal text-serif-m layout-padded\">\u2013 Men det var litt heftig og litt vondt, og voldsomt, f\u00f8yer hun til.<\/p>\n<p><img alt=\"\u00abFlukten fra Bolivia\u00bb.  Foto: TV 2\" class=\"_image_qp4xg_65 layout-component layout-normal\" data-fullscreen- data-track-element-type=\"Article image fullscreen\" data-track-name=\"ImageFullscreen\" decoding=\"async\" loading=\"lazy\" height=\"4608\" itemprop=\"image\"  src=\"https:\/\/www.europesays.com\/no\/wp-content\/uploads\/2025\/12\/c2641303-d156-429b-bd56-756ef8b8b766\"  style=\"object-position:0% 0%\" width=\"8192\"\/>\u00abFlukten fra Bolivia\u00bb.  Foto: TV 2F\u00f8ler frykt<\/p>\n<p class=\"_paragraph_o9xde_4 _paragraph_xtcu6_10 layout-component text-serif-m layout-normal text-serif-m layout-padded\">N\u00e5r det gjelder de mer t\u00e5rev\u00e5te og emosjonelle scenene, som telefonsamtaler med moren, m\u00e5tte \u00d8verbye grave dypt i egen erfaringsbank. <\/p>\n<p class=\"_paragraph_o9xde_4 _paragraph_xtcu6_10 layout-component text-serif-m layout-normal text-serif-m layout-padded\">\u2013 Jeg bruker eget liv veldig ofte, som veldig mange gj\u00f8r. Jeg finner frem dype, emosjonelle ting. Jeg spilte p\u00e5 mine egne f\u00f8lelser og mitt eget forhold til mammaen min, forteller hun. <\/p>\n<p><img alt=\"\u00abFlukten fra Bolivia\u00bb.  Foto: Inge du Toit\" class=\"_image_qp4xg_65 layout-component layout-normal\" data-fullscreen- data-track-element-type=\"Article image fullscreen\" data-track-name=\"ImageFullscreen\" decoding=\"async\" loading=\"lazy\" height=\"3119\" itemprop=\"image\"  src=\"https:\/\/www.europesays.com\/no\/wp-content\/uploads\/2025\/12\/066a2e94-2e44-4890-92ff-b00f5ea739ef\"  style=\"object-position:0% 0%\" width=\"4688\"\/>\u00abFlukten fra Bolivia\u00bb.  Foto: Inge du Toit<\/p>\n<p class=\"_paragraph_o9xde_4 _paragraph_xtcu6_10 layout-component text-serif-m layout-normal text-serif-m layout-padded\">\u00abFlukten fra Bolivia\u00bb er inspirert av virkelige hendelser, noe som ga jenta fra Kjels\u00e5s ekstra ansvarsf\u00f8lelse.<\/p>\n<p class=\"_paragraph_o9xde_4 _paragraph_xtcu6_10 layout-component text-serif-m layout-normal text-serif-m layout-padded\">\u2013 Det er helt uunng\u00e5elig n\u00e5r det er ekte mennesker involvert, selv om vi spiller fiktive karakterer i serien. Jeg har enorm respekt for hva de tre jentene har g\u00e5tt gjennom. S\u00e5 man f\u00f8ler ogs\u00e5 p\u00e5 en slags frykt, innr\u00f8mmer \u00d8verbye.<\/p>\n<p class=\"_paragraph_o9xde_4 _paragraph_xtcu6_10 layout-component text-serif-m layout-normal text-serif-m layout-padded\"><strong class=\"_strong_o9xde_25\">Se flere saker fra film- og serieverdenen: <\/strong><\/p>\n","protected":false},"excerpt":{"rendered":"Den unge skuespilleren m\u00e5tte spille ut alt fra keisersnitt til sl\u00e5sskamper for \u00abFlukten fra Bolivia\u00bb. En sm\u00f8rblid Ella&hellip;\n","protected":false},"author":2,"featured_media":120839,"comment_status":"","ping_status":"","sticky":false,"template":"","format":"standard","meta":{"footnotes":""},"categories":[58],"tags":[71,30,28,29,208,376,72],"class_list":{"0":"post-120838","1":"post","2":"type-post","3":"status-publish","4":"format-standard","5":"has-post-thumbnail","7":"category-underholdning","8":"tag-entertainment","9":"tag-no","10":"tag-norge","11":"tag-norway","12":"tag-tv-2","13":"tag-tv-serier","14":"tag-underholdning"},"share_on_mastodon":{"url":"https:\/\/pubeurope.com\/@no\/115773148234150929","error":""},"_links":{"self":[{"href":"https:\/\/www.europesays.com\/no\/wp-json\/wp\/v2\/posts\/120838","targetHints":{"allow":["GET"]}}],"collection":[{"href":"https:\/\/www.europesays.com\/no\/wp-json\/wp\/v2\/posts"}],"about":[{"href":"https:\/\/www.europesays.com\/no\/wp-json\/wp\/v2\/types\/post"}],"author":[{"embeddable":true,"href":"https:\/\/www.europesays.com\/no\/wp-json\/wp\/v2\/users\/2"}],"replies":[{"embeddable":true,"href":"https:\/\/www.europesays.com\/no\/wp-json\/wp\/v2\/comments?post=120838"}],"version-history":[{"count":0,"href":"https:\/\/www.europesays.com\/no\/wp-json\/wp\/v2\/posts\/120838\/revisions"}],"wp:featuredmedia":[{"embeddable":true,"href":"https:\/\/www.europesays.com\/no\/wp-json\/wp\/v2\/media\/120839"}],"wp:attachment":[{"href":"https:\/\/www.europesays.com\/no\/wp-json\/wp\/v2\/media?parent=120838"}],"wp:term":[{"taxonomy":"category","embeddable":true,"href":"https:\/\/www.europesays.com\/no\/wp-json\/wp\/v2\/categories?post=120838"},{"taxonomy":"post_tag","embeddable":true,"href":"https:\/\/www.europesays.com\/no\/wp-json\/wp\/v2\/tags?post=120838"}],"curies":[{"name":"wp","href":"https:\/\/api.w.org\/{rel}","templated":true}]}}