{"id":120842,"date":"2025-12-24T06:43:29","date_gmt":"2025-12-24T06:43:29","guid":{"rendered":"https:\/\/www.europesays.com\/no\/120842\/"},"modified":"2025-12-24T06:43:29","modified_gmt":"2025-12-24T06:43:29","slug":"kan-ha-stjalet-86-millioner-lydfiler","status":"publish","type":"post","link":"https:\/\/www.europesays.com\/no\/120842\/","title":{"rendered":"Kan ha stj\u00e5let 86 millioner lydfiler"},"content":{"rendered":"<p>Hackergruppen hevdet mandag \u00e5 ha stj\u00e5let opptil 86 millioner lydfiler fra musikktjenesten.<\/p>\n<p>De har til hensikt \u00e5 gj\u00f8re lydfilene tilgjengelige i et \u00e5pent arkiv med det form\u00e5l \u00e5 \u00abbevare menneskehetens kunnskap og kultur\u00bb, melder<a href=\"https:\/\/www.billboard.com\/business\/streaming\/spotify-music-library-leak-1236143970\/\" rel=\"noopener nofollow\" target=\"_blank\"> Billboard<\/a>.<\/p>\n<p>Identifiserer innbrudd<\/p>\n<p>Hackergruppen opplyser at metadata er gjort tilgjengelig i en f\u00f8rste utgivelse, og at lydfiler vil bli delt senere.<\/p>\n<p>Spotify opplyser i en uttalelse at de har identifisert et innbrudd, at metadata er stj\u00e5let og at ulovlige metoder er brukt for \u00e5 f\u00e5 tilgang til plattformens lydfiler.<\/p>\n<p>Som f\u00f8lge av dette har de n\u00e5 skjerpet sikkerheten.<\/p>\n<p>\u2013 Vi har innf\u00f8rt nye sikkerhetstiltak mot denne typen angrep p\u00e5 opphavsretten, og vi f\u00f8lger aktivt med p\u00e5 mistenkelig adferd, opplyser Spotify.<\/p>\n<p><a href=\"https:\/\/trdby.adressa.no\/kultur\/i\/n1gaqL\/spotify-wrapped-er-her-jeg-ble-78-aar-gammel\" rel=\"nofollow noopener\" target=\"_blank\"> <img decoding=\"async\" src=\"data:image\/gif;base64,R0lGODlhEAAJAIAAAP\/\/\/wAAACH5BAEAAAAALAAAAAAQAAkAAAIKhI+py+0Po5yUFQA7\" alt=\"\"\/>   \u00abSpotify Wrapped\u00bb er her: \u2013 Jeg ble 78 \u00e5r gammel  <\/a> \u00d8nsker et \u00e5pent arkiv<\/p>\n<p>Hackergruppen st\u00e5r bak nettsiden Anna&#8217;s Archive. Der kan man f\u00e5 tilgang til store mengder digitale b\u00f8ker og andre skriftlige kilder. Men framover skal det alts\u00e5 ogs\u00e5 ligge musikk p\u00e5 nettsiden, som gruppen omtaler som et \u00e5pent arkiv.<\/p>\n<p>Gruppen har ikke skaffet seg tilgang til data om brukerne. Sikkerhetsbruddet f\u00e5r alts\u00e5 ikke konsekvenser for de mange millioner menneskene som bruker Spotify.<\/p>\n<p><a href=\"https:\/\/trdby.adressa.no\/aktuelt\/i\/KMdqmo\/slik-vil-spotify-sette-en-stopper-for-ki-musikk\" rel=\"nofollow noopener\" target=\"_blank\"> <img decoding=\"async\" src=\"data:image\/gif;base64,R0lGODlhEAAJAIAAAP\/\/\/wAAACH5BAEAAAAALAAAAAAQAAkAAAIKhI+py+0Po5yUFQA7\" alt=\"\"\/>   Slik vil Spotify sette en stopper for KI-musikk  <\/a> <\/p>\n","protected":false},"excerpt":{"rendered":"Hackergruppen hevdet mandag \u00e5 ha stj\u00e5let opptil 86 millioner lydfiler fra musikktjenesten. De har til hensikt \u00e5 gj\u00f8re&hellip;\n","protected":false},"author":2,"featured_media":120843,"comment_status":"","ping_status":"","sticky":false,"template":"","format":"standard","meta":{"footnotes":""},"categories":[58],"tags":[14382,2607,71,1584,3258,30,28,29,251,3312,72],"class_list":{"0":"post-120842","1":"post","2":"type-post","3":"status-publish","4":"format-standard","5":"has-post-thumbnail","7":"category-underholdning","8":"tag-arkiv","9":"tag-billboard","10":"tag-entertainment","11":"tag-hacking","12":"tag-innbrudd","13":"tag-no","14":"tag-norge","15":"tag-norway","16":"tag-spotify","17":"tag-strommetjenester","18":"tag-underholdning"},"share_on_mastodon":{"url":"https:\/\/pubeurope.com\/@no\/115773191168683554","error":""},"_links":{"self":[{"href":"https:\/\/www.europesays.com\/no\/wp-json\/wp\/v2\/posts\/120842","targetHints":{"allow":["GET"]}}],"collection":[{"href":"https:\/\/www.europesays.com\/no\/wp-json\/wp\/v2\/posts"}],"about":[{"href":"https:\/\/www.europesays.com\/no\/wp-json\/wp\/v2\/types\/post"}],"author":[{"embeddable":true,"href":"https:\/\/www.europesays.com\/no\/wp-json\/wp\/v2\/users\/2"}],"replies":[{"embeddable":true,"href":"https:\/\/www.europesays.com\/no\/wp-json\/wp\/v2\/comments?post=120842"}],"version-history":[{"count":0,"href":"https:\/\/www.europesays.com\/no\/wp-json\/wp\/v2\/posts\/120842\/revisions"}],"wp:featuredmedia":[{"embeddable":true,"href":"https:\/\/www.europesays.com\/no\/wp-json\/wp\/v2\/media\/120843"}],"wp:attachment":[{"href":"https:\/\/www.europesays.com\/no\/wp-json\/wp\/v2\/media?parent=120842"}],"wp:term":[{"taxonomy":"category","embeddable":true,"href":"https:\/\/www.europesays.com\/no\/wp-json\/wp\/v2\/categories?post=120842"},{"taxonomy":"post_tag","embeddable":true,"href":"https:\/\/www.europesays.com\/no\/wp-json\/wp\/v2\/tags?post=120842"}],"curies":[{"name":"wp","href":"https:\/\/api.w.org\/{rel}","templated":true}]}}