{"id":120861,"date":"2025-12-24T07:24:24","date_gmt":"2025-12-24T07:24:24","guid":{"rendered":"https:\/\/www.europesays.com\/no\/120861\/"},"modified":"2025-12-24T07:24:24","modified_gmt":"2025-12-24T07:24:24","slug":"kulturaktoren-ronja-bosy-ronja-23-med-rorende-hyllest-til-moren","status":"publish","type":"post","link":"https:\/\/www.europesays.com\/no\/120861\/","title":{"rendered":"Kulturakt\u00f8ren, Ronja Bosy | Ronja (23) med r\u00f8rende hyllest til moren"},"content":{"rendered":"\n<ul>\n<li><b>Kulturakt\u00f8r: <\/b>Ronja Bosy<\/li>\n<li><b>Alder:<\/b> 23 \u00e5r<\/li>\n<li><b>Bosted:<\/b> Fredrikstad sentrum<\/li>\n<li><b>Aktuell med:<\/b> Konserten \u00abLyden av desember\u00bb p\u00e5 V\u00e6rk i Gamlebyen den 28. desember.<\/li>\n<\/ul>\n<p><b>\u2013 Hva kan publikum forvente seg p\u00e5 romjulskonserten?<\/b><\/p>\n<p>\u2013 Publikum kan forvente seg en konsert stappet full av god norsk julemusikk som vekker nostalgif\u00f8lelsen, og forh\u00e5pentligvis f\u00e5r den deg til \u00e5 tenke litt. P\u00e5 konserten min fokuserer jeg ikke bare p\u00e5 alt det positive jula har \u00e5 by p\u00e5, men ogs\u00e5 de utfordringene som ofte kommer rundt juletida. Jeg synes det er viktig at man ikke bare skal romantisere en tid som for veldig mange er t\u00f8ff og vond til tider. Men det blir ogs\u00e5 noen stunder til \u00e5 virkelig sette pris p\u00e5 jula og den fine tida den ogs\u00e5 er. Ogs\u00e5 kommer det kanskje en liten musikalsang midt inni der!<\/p>\n<p><b> \u2013 Hvordan startet interessen din for musikk og teater?<\/b><\/p>\n<p>\u2013 Den har p\u00e5 mange m\u00e5ter alltid v\u00e6rt der. Jeg begynte vist \u00e5 plystre f\u00f8r jeg kunne snakke, og mamma tok meg med p\u00e5 min f\u00f8rste teaterforestilling da jeg var ett \u00e5r og fire m\u00e5neder, og hun sier at jeg var helt trollbundet fra f\u00f8rste stund. Mamma er ogs\u00e5 veldig aktiv i teatermilj\u00f8et her i byen, og det er takket v\u00e6re henne at jeg startet \u00e5 synge i kor og meldte meg inn i teater som fem\u00e5ring. Det som startet som en hobby har n\u00e5 blitt noe jeg jobber for \u00e5 kunne leve av!<\/p>\n<p><b>\u2013 Hvem fortjener \u00e5 f\u00e5 kommunens Kong Frederiks Hederspris \u2013 og hvorfor?<\/b><\/p>\n<p>\u2013 Her er jeg nok litt inhabil, men mamma. Else-Marie Bosy Hansen. Jeg tror ikke Fredrikstad-folket skj\u00f8nner hvor lite av kultur-Fredrikstad som hadde g\u00e5tt rundt hvis det ikke var for den dama. Til tider s\u00e5 tenker jeg at hun har dobbelt s\u00e5 mange timer i d\u00f8gnet som alle oss andre. Det er ingen andre jeg kjenner som st\u00e5r p\u00e5 som ho. \u00abTrenger du en hatt, ja men det kan jeg fikse\u00bb, \u00abSkulle vi ha malt den delen der? Jeg tar det\u00bb. Hun er definisjonen av et ja-menneske.<\/p>\n<p>   <img decoding=\"async\" width=\"6686\" height=\"4457\" fetchpriority=\"low\"  loading=\"lazy\"  src=\"https:\/\/www.europesays.com\/no\/wp-content\/uploads\/2025\/12\/bak_vollene-09.jpg\" alt=\"\" class=\"brick-c-cFOWSL\" style=\"--brick-image-ratio: 6686 \/ 4457;\"\/><\/p>\n<p>      Else Marie Bosy Hansen og Ronja Bosy var p\u00e5 forestillingen \u00abLivet Bak Vollene\u00bb i sommer.<br \/>\n      Foto: Kristoffer Wullum Andersen (FB-arkiv)\n    <\/p>\n<p>\u2013 Mange tror hun jobber med kultur hundre prosent men nei da, hun jobber hundre prosent som l\u00e6rer ogs\u00e5. Mamma har ogs\u00e5 et helt eget \u00f8ye for det estetiske p\u00e5 scenen og f\u00e5r absolutt alle i hele ensemblet til \u00e5 skinne i de flotte kostymene hennes. Hun er kostyme ansvarlig, rekvistansvarlig, inspisient, hjelper til med scenografi og er alles teatermamma. Hun er min favorittkollega og det er ingen som fortjener den prisen mer enn henne.<\/p>\n<p><b>\u2013 Hvilket m\u00e5l er du fast bestemt p\u00e5 \u00e5 n\u00e5?<\/b><\/p>\n<p>\u2013 At jeg ikke skal gi meg! Jeg er veldig klar over at det er ikke bare bare \u00e5 jobbe innenfor kulturfeltet, men det er det eneste jeg vil og da skal jeg f\u00e5 det til! Litt cheesy sitat fra Walt Disney her, men \u00abIf you can dream it, you can do it\u00bb \u2013 og jeg lever litt med det i bakhodet.<\/p>\n<p>   <img decoding=\"async\" width=\"2048\" height=\"1152\" fetchpriority=\"low\"  loading=\"lazy\"  src=\"https:\/\/www.europesays.com\/no\/wp-content\/uploads\/2025\/12\/foto_+Martin+Lande+.JPG\" alt=\"\" class=\"brick-c-cFOWSL\" style=\"--brick-image-ratio: 2048 \/ 1152;\"\/><\/p>\n<p><b>\u2013 Hvilken Fredrikstad-innbygger \u00f8nsker du \u00e5 spise middag med \u2013 og hvorfor?<\/b><\/p>\n<p>\u2013 Her m\u00e5 jeg si to stykk. Det m\u00e5 nok bli med Martine Tufvesson Lundberg og s\u00f8steren hennes Anniken Bakken Lundberg. Mitt favoritt s\u00f8skenpar!<\/p>\n<p>\u2013 Jeg er s\u00e5 heldig som har f\u00e5tt jobbet mye med Martine og Anniken. Martine var ogs\u00e5 en av skuespillerpedagogene jeg hadde da jeg tok bachelor p\u00e5 Kristiania. Martine er et s\u00e5nt menneske jeg alltid vil prate lenge med, om de store og de sm\u00e5 tingene.<\/p>\n<p>   <img decoding=\"async\" width=\"4112\" height=\"3084\" fetchpriority=\"low\"  loading=\"lazy\"  src=\"https:\/\/www.europesays.com\/no\/wp-content\/uploads\/2025\/12\/foto_+Jonas+Fjeld+2.JPG\" alt=\"\" class=\"brick-c-cFOWSL\" style=\"--brick-image-ratio: 4112 \/ 3084;\"\/><\/p>\n<p>      Ronja Bosy og Martine Tufvesson Lundberg<br \/>\n      Foto: Jonas Fjeld (privat)\n    <\/p>\n<p>\u2013 Anniken er jeg s\u00e5 heldig \u00e5 f\u00e5 jobbe med p\u00e5 litt diverse \u2013 blant annet i Plankebyen Ungdomsteater. Hun er en av de menneskene jeg alltid f\u00f8ler meg trygg rundt. Det er f\u00e5 mennesker som inspirerer meg s\u00e5 mye som de to der, og en middag med Lundberg s\u00f8strene hadde jeg absolutt takket ja til.<\/p>\n<p><b>\u2013 Hvem dr\u00f8mmer du om \u00e5 samarbeide med \u2013 lokale, nasjonale eller internasjonale artister?<\/b><\/p>\n<p>\u2013 Det er mange skuespiller \u00abkollegaer\u00bb jeg \u00f8nsker \u00e5 jobbe med en gang i fremtiden, men hvis det er ett sted jeg \u00f8nsker \u00e5 st\u00e5 en dag s\u00e5 er det p\u00e5 Folketeateret. Scenekvelder produserer de st\u00f8rste og mest storsl\u00e5tte forestillingene her til lands, og \u00e5 kunne st\u00e5 p\u00e5 den scenen foran 1.400 mennesker kveld etter kveld er en av de st\u00f8rste dr\u00f8mmene.<\/p>\n<p>   <img decoding=\"async\" width=\"2048\" height=\"1365\" fetchpriority=\"low\"  loading=\"lazy\"  src=\"https:\/\/www.europesays.com\/no\/wp-content\/uploads\/2025\/12\/foto_+Kulturv%C3%A6rste.JPG\" alt=\"\" class=\"brick-c-cFOWSL\" style=\"--brick-image-ratio: 2048 \/ 1365;\"\/><\/p>\n<p><b>\u2013 Hvilken kulturakt\u00f8r fra v\u00e5rt distrikt har imponert deg mest det siste \u00e5ret? Og hvorfor?<\/b><\/p>\n<p>\u2013 Her m\u00e5 jeg nevne to bautaer innen lokalkulturen, Hans-Petter Th\u00f8gersen og Ole-Hermann Gudim Lundberg. Alt de har gjort og fortsetter \u00e5 gj\u00f8r innenfor kulturen her i byen er makel\u00f8st. De sto virkelig p\u00e5 under Kulturbr\u00f8let, for \u00e5 nevne noe, de er ogs\u00e5 to menn som aldri gir seg og som virkelig sl\u00e5r et slag for lokalkulturen. De imponerer meg \u00e5r etter \u00e5r, og jeg har s\u00e5 utrolig mye \u00e5 takke dem for.<\/p>\n<p>  <a href=\"https:\/\/www.f-b.no\/5-59-3505246\" class=\"related-teaser has-image default-story-teaser article--c-eRUmMG article--c-eRUmMG-jKCPdD-design-default\" rel=\"nofollow noopener\" target=\"_blank\"><\/p>\n<p>    <img decoding=\"async\" loading=\"lazy\"  src=\"https:\/\/www.europesays.com\/no\/wp-content\/uploads\/2025\/12\/DSC_7159.jpg\" alt=\"\" class=\"brick-c-cFOWSL\" style=\"\"\/><\/p>\n<p>\n            Les ogs\u00e5<\/p>\n<p>              Kulturkuttet: \u2013 Kommer ikke til \u00e5 st\u00e5 null kroner\n        <\/p>\n<p>  <\/a><\/p>\n<p><b>\u2013 Hva er dine daglige rutiner som du ikke klarer deg uten?<\/b><\/p>\n<p>\u2013 Iskaffe! Enkelt og greit. Dagen m\u00e5 starte med en iskaffe, uansett \u00e5rstid, hvis ikke blir det en d\u00e5rlig dag.<\/p>\n<p><b>\u2013 Hvordan h\u00e5ndterer du kritikk (som d\u00e5rlige anmeldelser)?<\/b><\/p>\n<p>\u2013 Har ikke hatt s\u00e5 mange solo-oppdrag enn\u00e5, s\u00e5 jeg har ikke opplevd \u00e5 f\u00e5 s\u00e5 mange anmeldelser, men tror nok jeg hadde pr\u00f8vd \u00e5 b\u00f8rste det av meg noe, men ta til meg eventuelt forbedringer.<\/p>\n<p>   <img decoding=\"async\" width=\"3024\" height=\"4032\" fetchpriority=\"low\"  loading=\"lazy\"  src=\"https:\/\/www.europesays.com\/no\/wp-content\/uploads\/2025\/12\/IMG_3991.jpeg\" alt=\"\" class=\"brick-c-cFOWSL\" style=\"--brick-image-ratio: 3024 \/ 4032;\"\/><\/p>\n<p><b> \u2013 Hva er det som har skjedd i livet ditt som du tror folk ville v\u00e6re overrasket over \u00e5 h\u00f8re? <\/b><\/p>\n<p>\u2013 N\u00e5 deler jeg mye av livet mitt p\u00e5 sosiale medier, s\u00e5 det er nok lite folk ikke vet fra f\u00f8r av, men noen blir kanskje overrasket av \u00e5 h\u00f8re at, i \u00e5r var jeg en av de som fikk Kulturr\u00e5det sitt \u00abDiverse stipend for nyutdannede scenekunstnere\u00bb, og dro alene p\u00e5 studietur til London denne sommeren. Jeg var i London i to uker og gikk p\u00e5 musikalkurs hos LAMDA (London Academy of Music and Dramatic Arts) noe som var utrolig stas og ganske kult syntes jeg.<\/p>\n<p>   <img decoding=\"async\" width=\"3024\" height=\"4032\" fetchpriority=\"low\"  loading=\"lazy\"  src=\"https:\/\/www.europesays.com\/no\/wp-content\/uploads\/2025\/12\/IMG_7613.jpeg\" alt=\"\" class=\"brick-c-cFOWSL\" style=\"--brick-image-ratio: 3024 \/ 4032;\"\/><\/p>\n<p><b> \u2013 Hva er den mest pinlige hendelsen du har opplevd offentlig som du n\u00e5 kan le av?<\/b><\/p>\n<p>\u2013 Nei, det er jeg ganske usikker p\u00e5. Kommer ikke p\u00e5 noen veldig pinlige hendelser som har skjedd i det siste. For rundt 10 \u00e5r siden tryna jeg midt p\u00e5 Karl Johan og fikk kakao i hele h\u00e5ret. Det var jo litt pinlig der og da.<\/p>\n<p><b> \u2013 Hva er den spr\u00f8este tingen du har gjort som ingen vet om?<\/b><\/p>\n<p>\u2013 Ikke noe spr\u00f8tt jeg har gjort, men en ting f\u00e5 vet om meg er at n\u00e5r jeg skal kose meg ekstra mye en dag s\u00e5 kj\u00f8per jeg Fjordland sin \u00abflesk og duppe\u00bb til middag.<\/p>\n<p>   <img decoding=\"async\" width=\"7326\" height=\"4886\" fetchpriority=\"low\"  loading=\"lazy\"  src=\"https:\/\/www.europesays.com\/no\/wp-content\/uploads\/2025\/12\/_MG_1034.jpg\" alt=\"\" class=\"brick-c-cFOWSL\" style=\"--brick-image-ratio: 7326 \/ 4886;\"\/><\/p>\n<p>      Ronja Bosy (t.v) spilte i 2022 Victoria, assistent for Hauge, og Morgan Lillehjem (t.h) spilte leder lokalsamfunnsutvalg i Hauge i forestillingen \u00abLysglimt\u00bb om Hans Nielsen Hauge.<\/p>\n<p><b>\u2013 Hvis du kunne \u00abhacket\u00bb en kjendis p\u00e5 sosiale medier, hvem ville det v\u00e6rt og hva er det f\u00f8rste du ville poste?<\/b><\/p>\n<p>\u2013 Tja, si det. Kanskje en kjendis som har en f\u00f8lgeskare som er veldig glad i jul, s\u00e5 kunne jeg promotert litt for egen julekonsert via de, haha!<\/p>\n<p><b>\u2013 Hva er planene dine for 2026?<\/b><\/p>\n<p>\u2013 Planene mine er \u00e5 jobbe enda hardere enn i 2025, men ogs\u00e5 v\u00e6re flinkere p\u00e5 \u00e5 lytte til kroppen n\u00e5r det trengs. Har heldigvis litt \u00e5 bryne meg p\u00e5 til vinteren\/v\u00e5ren, blant annet Dunkejon p\u00e5 City Scene i februar og premiere med Plankebyen, hvor jeg er inspisient i slutten av april. Forh\u00e5pentligvis kommer det ogs\u00e5 noen flere spennende prosjekter utover 2026<\/p>\n","protected":false},"excerpt":{"rendered":"Kulturakt\u00f8r: Ronja Bosy Alder: 23 \u00e5r Bosted: Fredrikstad sentrum Aktuell med: Konserten \u00abLyden av desember\u00bb p\u00e5 V\u00e6rk i&hellip;\n","protected":false},"author":2,"featured_media":120862,"comment_status":"","ping_status":"","sticky":false,"template":"","format":"standard","meta":{"footnotes":""},"categories":[58],"tags":[36,71,5010,282,14384,30,28,29,14385,1510,72,14386],"class_list":{"0":"post-120861","1":"post","2":"type-post","3":"status-publish","4":"format-standard","5":"has-post-thumbnail","7":"category-underholdning","8":"tag-art","9":"tag-entertainment","10":"tag-gamlebyen","11":"tag-kultur-underholdning","12":"tag-kulturaktoren","13":"tag-no","14":"tag-norge","15":"tag-norway","16":"tag-ronja-bosy","17":"tag-story","18":"tag-underholdning","19":"tag-vaerk"},"share_on_mastodon":{"url":"https:\/\/pubeurope.com\/@no\/115773352549049487","error":""},"_links":{"self":[{"href":"https:\/\/www.europesays.com\/no\/wp-json\/wp\/v2\/posts\/120861","targetHints":{"allow":["GET"]}}],"collection":[{"href":"https:\/\/www.europesays.com\/no\/wp-json\/wp\/v2\/posts"}],"about":[{"href":"https:\/\/www.europesays.com\/no\/wp-json\/wp\/v2\/types\/post"}],"author":[{"embeddable":true,"href":"https:\/\/www.europesays.com\/no\/wp-json\/wp\/v2\/users\/2"}],"replies":[{"embeddable":true,"href":"https:\/\/www.europesays.com\/no\/wp-json\/wp\/v2\/comments?post=120861"}],"version-history":[{"count":0,"href":"https:\/\/www.europesays.com\/no\/wp-json\/wp\/v2\/posts\/120861\/revisions"}],"wp:featuredmedia":[{"embeddable":true,"href":"https:\/\/www.europesays.com\/no\/wp-json\/wp\/v2\/media\/120862"}],"wp:attachment":[{"href":"https:\/\/www.europesays.com\/no\/wp-json\/wp\/v2\/media?parent=120861"}],"wp:term":[{"taxonomy":"category","embeddable":true,"href":"https:\/\/www.europesays.com\/no\/wp-json\/wp\/v2\/categories?post=120861"},{"taxonomy":"post_tag","embeddable":true,"href":"https:\/\/www.europesays.com\/no\/wp-json\/wp\/v2\/tags?post=120861"}],"curies":[{"name":"wp","href":"https:\/\/api.w.org\/{rel}","templated":true}]}}