{"id":120863,"date":"2025-12-24T07:27:10","date_gmt":"2025-12-24T07:27:10","guid":{"rendered":"https:\/\/www.europesays.com\/no\/120863\/"},"modified":"2025-12-24T07:27:10","modified_gmt":"2025-12-24T07:27:10","slug":"mange-drukner-pa-kanarioyene","status":"publish","type":"post","link":"https:\/\/www.europesays.com\/no\/120863\/","title":{"rendered":"Mange drukner p\u00e5 Kanari\u00f8yene"},"content":{"rendered":"<p class=\"kicker bg-cyan color_mobile_bg-cyan hasTextPadding mobile-hasTextPadding\" style=\"\">Reise<\/p>\n<p>  Kommer med b\u00f8nn til alle turister i forkant av h\u00f8ysesongen p\u00e5 Kanari\u00f8yene.<\/p>\n<p>\n    POPUL\u00c6RT: Mange r\u00f8mmer vinter og kulde for \u00e5 slikke sol og bade p\u00e5 Kanari\u00f8yene, men for mange har ferien endt i tragedie de siste \u00e5rene. Bildet er tatt p\u00e5 Tenerife. Foto: Shutterstock\n  <\/p>\n<p>  <a id=\"topic-banner-link\" href=\"#\" target=\"_blank\" rel=\"noopener noreferrer\"><br \/>\n    <img decoding=\"async\" id=\"topic-banner-image\" src=\"\" alt=\"\" style=\"max-width:100%; height:auto; border-radius:8px; transition:filter 0.3s ease;\"\/><br \/>\n  <\/a><\/p>\n<p>N\u00e5r vinteren og kulda setter inn, \u00abr\u00f8mmer\u00bb b\u00e5de nordmenn og andre turister til Kanari\u00f8yene.\u00a0<\/p>\n<p>Det viser ogs\u00e5 statistikken til <a href=\"https:\/\/dinside.dagbladet.no\/reise\/stikker-til-varmen\/83822578\" rel=\"nofollow noopener\" target=\"_blank\">de store charteroperat\u00f8rene her til lands<\/a>.<\/p>\n<p>Samtidig har det v\u00e6rt mange drukningsulykker p\u00e5 de popul\u00e6re \u00f8yene de siste \u00e5rene, og det er turistene som er mest utsatt.\u00a0\u00a0<\/p>\n<p>        GJ\u00d8R DET ALENE: \u00c5 sm\u00f8re ryggen er vanskelig .. Her f\u00e5r du et helt ok tips og et tips som er fantastisk! Video: Dennis Appelong Hagbru \/ H\u00e5vard Bj\u00f8rnerem. Programleder: Embla Hjort-Larsen. <\/p>\n<p>Over 200 d\u00f8de\t<\/p>\n<p>&#8211; Syv av ti personer som d\u00f8r av drukning p\u00e5 Kanari\u00f8yene er turister, sier Sebasti\u00e1n Quintana Galv\u00e1n, til det spanske reisenettstedet <a href=\"https:\/\/www.tourinews.es\/destinos-turismo\/siete-cada-diez-fallecidos-ahogados-en-mar-en-canarias-son-turistas_4490133_102.html\" rel=\"nofollow noopener\" target=\"_blank\">Tourinews<\/a>.<\/p>\n<p>Han er president i organisasjonen \u00abCanarias 1500 km de costa\u00bb, som jobber med \u00e5 forebygge ulykker i vann.<\/p>\n<p>I en h\u00f8ring i det kanariske parlamentet viste Quintana til den tragiske hendelsen ved havbassenget Isla Cangrejo i Los Gigantes p\u00e5 Tenerife, der fire personer mistet livet <a href=\"https:\/\/www.dagbladet.no\/nyheter\/60-dode-kan-skje-plutselig\/83954785\" rel=\"nofollow noopener\" target=\"_blank\">tidligere denne m\u00e5neden<\/a>.<\/p>\n<p class=\"font-weight-bold m-font-weight-bold\" data-lab-font_weight=\"font-weight-bold\">Turister fra 35 ulike land har v\u00e6rt rammet. Flest kommer fra Tyskland med 95 tilfeller, etterfulgt av Storbritannia med 36. Totalt har 217 utenlandske turister mistet livet de siste 18 \u00e5ra if\u00f8lge <a href=\"https:\/\/www.tourinews.es\/destinos-turismo\/siete-cada-diez-fallecidos-ahogados-en-mar-en-canarias-son-turistas_4490133_102.html\" rel=\"nofollow noopener\" target=\"_blank\">nettstedet<\/a>.<\/p>\n<p>Saken ble f\u00f8rst omtalt av reisenettstedet <a href=\"https:\/\/flysmart24.no\/2025\/12\/23\/slar-alarm-ikke-ga-for-a-ta-selfies\/\" rel=\"nofollow noopener\" target=\"_blank\">Flysmart24<\/a> her til lands.<\/p>\n<p>        <img loading=\"lazy\" decoding=\"async\" src=\"https:\/\/www.europesays.com\/no\/wp-content\/uploads\/2025\/12\/84024134.webp\" width=\"980\" height=\"559\" title=\"IKKE BAD: Ser du et r\u00f8dt flagg p\u00e5 stranda, betyr det badeforbud. Foto: Shutterstock\" alt=\"\" class=\"\" style=\"--aspect-ratio-image: 1.75; \"\/><\/p>\n<p>\n        IKKE BAD: Ser du et r\u00f8dt flagg p\u00e5 stranda, betyr det badeforbud. Foto: Shutterstock\n    <\/p>\n<p>&#8211; Minimal effekt\t<\/p>\n<p>Quintana mener hotellene m\u00e5 ta st\u00f8rre ansvar for \u00e5 f\u00e5 advart turistene.<\/p>\n<p class=\"font-weight-bold m-font-weight-bold\" data-lab-font_weight=\"font-weight-bold\">&#8211; De ankommer i \u00abflymodus\u00bb, helt avslappet, og tanken p\u00e5 \u00e5 kunne bli utsatt for en ulykke streifer dem ikke engang, sier han.<\/p>\n<p>Han anbefaler at hotellene setter opp skilt p\u00e5 resepsjonen p\u00e5 flere spr\u00e5k ved farevarsler.<\/p>\n<p>&#8211; Det ville v\u00e6rt til stor hjelp. Varslene som aktiveres i dag har praktisk talt minimal effekt p\u00e5 turistene som bes\u00f8ker oss, avslutter han.<\/p>\n<p>Fagsjef for drukningsforebygging i Redningsselskapet, Tanja Krangnes\u00a0 forklarte <a href=\"https:\/\/www.dagbladet.no\/nyheter\/60-dode-kan-skje-plutselig\/83954785\" rel=\"nofollow noopener\" target=\"_blank\">tidligere denne m\u00e5neden<\/a> at farene ved b\u00f8lger er st\u00f8rre enn mange er klar over.<\/p>\n<p>&#8211; Store b\u00f8lger er en risiko, og en enkelt d\u00f8nning kan komme plutselig, sa hun.<\/p>\n<p class=\"font-weight-bold m-font-weight-bold\" data-lab-font_weight=\"font-weight-bold\">Den siste tida har s\u00e6rlig s\u00e5kalte \u00abrip currents\u00bb blitt trukket fram som \u00e5rsak til flere ulykker p\u00e5 Tenerife. Dette er smale str\u00f8mmer som trekker folk raskt utover.<\/p>\n<p>Hun understreket at folk m\u00e5 holde avstand til sj\u00f8en i ruskev\u00e6r og aldri snu ryggen til b\u00f8lgene.<\/p>\n","protected":false},"excerpt":{"rendered":"Reise Kommer med b\u00f8nn til alle turister i forkant av h\u00f8ysesongen p\u00e5 Kanari\u00f8yene. POPUL\u00c6RT: Mange r\u00f8mmer vinter og&hellip;\n","protected":false},"author":2,"featured_media":120864,"comment_status":"","ping_status":"","sticky":false,"template":"","format":"standard","meta":{"footnotes":""},"categories":[12],"tags":[20,21,24,25,1991,15,5600,22,23,3998,13,30,28,29,14,16,1992,4062,26,27,42,43,44,45],"class_list":{"0":"post-120863","1":"post","2":"type-post","3":"status-publish","4":"format-standard","5":"has-post-thumbnail","7":"category-verden","8":"tag-breaking-news","9":"tag-breakingnews","10":"tag-featured-news","11":"tag-featurednews","12":"tag-ferie","13":"tag-headlines","14":"tag-kanarioyene","15":"tag-latest-news","16":"tag-latestnews","17":"tag-metadz","18":"tag-news","19":"tag-no","20":"tag-norge","21":"tag-norway","22":"tag-nyheter","23":"tag-overskrifter","24":"tag-reise","25":"tag-syden","26":"tag-top-stories","27":"tag-topstories","28":"tag-verden","29":"tag-world","30":"tag-world-news","31":"tag-worldnews"},"share_on_mastodon":{"url":"https:\/\/pubeurope.com\/@no\/115773364392379681","error":""},"_links":{"self":[{"href":"https:\/\/www.europesays.com\/no\/wp-json\/wp\/v2\/posts\/120863","targetHints":{"allow":["GET"]}}],"collection":[{"href":"https:\/\/www.europesays.com\/no\/wp-json\/wp\/v2\/posts"}],"about":[{"href":"https:\/\/www.europesays.com\/no\/wp-json\/wp\/v2\/types\/post"}],"author":[{"embeddable":true,"href":"https:\/\/www.europesays.com\/no\/wp-json\/wp\/v2\/users\/2"}],"replies":[{"embeddable":true,"href":"https:\/\/www.europesays.com\/no\/wp-json\/wp\/v2\/comments?post=120863"}],"version-history":[{"count":0,"href":"https:\/\/www.europesays.com\/no\/wp-json\/wp\/v2\/posts\/120863\/revisions"}],"wp:featuredmedia":[{"embeddable":true,"href":"https:\/\/www.europesays.com\/no\/wp-json\/wp\/v2\/media\/120864"}],"wp:attachment":[{"href":"https:\/\/www.europesays.com\/no\/wp-json\/wp\/v2\/media?parent=120863"}],"wp:term":[{"taxonomy":"category","embeddable":true,"href":"https:\/\/www.europesays.com\/no\/wp-json\/wp\/v2\/categories?post=120863"},{"taxonomy":"post_tag","embeddable":true,"href":"https:\/\/www.europesays.com\/no\/wp-json\/wp\/v2\/tags?post=120863"}],"curies":[{"name":"wp","href":"https:\/\/api.w.org\/{rel}","templated":true}]}}