{"id":120869,"date":"2025-12-24T07:34:38","date_gmt":"2025-12-24T07:34:38","guid":{"rendered":"https:\/\/www.europesays.com\/no\/120869\/"},"modified":"2025-12-24T07:34:38","modified_gmt":"2025-12-24T07:34:38","slug":"barn-og-unge-skole-bor-ikke-kongseik-elever-dra-pa-klassetur-med-hvite-busser","status":"publish","type":"post","link":"https:\/\/www.europesays.com\/no\/120869\/","title":{"rendered":"Barn og unge, Skole | B\u00f8r ikke Kongseik-elever dra p\u00e5 klassetur med Hvite Busser?"},"content":{"rendered":"\n<p>Slike reiser er ogs\u00e5 trukket frem i Ekstremismekommisjonens rapport som en kilde til forebygging mot ekstremisme og radikalisering, og Utdanningsdirektoratet gir tilskudd til turene som et ledd i Handlingsplan mot antisemittisme. I 2024 besluttet Stortinget at regjeringen skulle se p\u00e5 l\u00f8sninger for at flere elever skal kunne reise p\u00e5 slike turer.<\/p>\n<p><b>De viktige holdningsskapende skoleturene har n\u00e5 dessverre blitt ganske dyre. I Hvite Busser gj\u00f8r vi alt vi kan for at turene skal bli s\u00e5 billige som mulig, men svak kronekurs og generell prisstigning gj\u00f8r at prisen har \u00f8kt, noe som igjen \u00f8ker dugnadspresset og egenandelen ved foreldrefinansierte turer.<\/b><\/p>\n<p>  <a href=\"https:\/\/www.tb.no\/5-76-2743817\" class=\"related-teaser has-image default-story-teaser article--c-eRUmMG article--c-eRUmMG-jKCPdD-design-default\" rel=\"nofollow noopener\" target=\"_blank\"><\/p>\n<p>    <img decoding=\"async\" loading=\"lazy\"  src=\"https:\/\/www.europesays.com\/no\/wp-content\/uploads\/2025\/12\/polen+tur+2.jpg\" alt=\"\" class=\"brick-c-cFOWSL\" style=\"\"\/><\/p>\n<p>\n            Les ogs\u00e5<\/p>\n<p>              Anita reagerer p\u00e5 at skolen frar\u00e5der Polen-turer: \u2013 En reise jeg har hatt med meg hele livet\n        <\/p>\n<p>  <\/a><br \/>\n  Alternativer til \u00e5 frar\u00e5de reisen<\/p>\n<p>Nylig kunne vi lese i T\u00f8nsbergs Blad at FAU og skoleledelsen ved Kongseik ungdomsskole uttrykker bekymring for at den tradisjonelle skoleturen til Polen kan skape \u00f8konomisk press og ulikhet, og frar\u00e5der n\u00e5 foreldrene \u00e5 arrangere slike turer.<\/p>\n<p>Vi i Hvite Busser deler bekymringen for negativ effekt p\u00e5 klassemilj\u00f8et n\u00e5r deler av klassen blir igjen hjemme. Vi vet ogs\u00e5 at flere skoler st\u00e5r foran de samme utfordringene.<\/p>\n<p><b>Heldigvis finnes det andre l\u00f8sninger enn \u00e5 kutte ut turene. Mange ungdomsskoler rundt om i landet l\u00f8ser utfordringen ved \u00e5 engasjere seg i klasseturen heller enn \u00e5 frar\u00e5de den. Man kan ogs\u00e5 vurdere kortere og rimeligere turer til inn- eller utland, noe foreldregruppen ved Kongseik allerede er i gang med.<\/b><\/p>\n<p>  <a href=\"https:\/\/www.tb.no\/5-76-2714872\" class=\"related-teaser has-image default-opinion-teaser article--c-eRUmMG article--c-eRUmMG-jKCPdD-design-default\" rel=\"nofollow noopener\" target=\"_blank\"><\/p>\n<p>    <img decoding=\"async\" loading=\"lazy\"  src=\"https:\/\/www.europesays.com\/no\/wp-content\/uploads\/2025\/12\/04c6f89f-7fb9-4b5c-bc70-6ea4f4bec91a.bin\" alt=\"\" class=\"brick-c-cFOWSL\" style=\"\"\/><\/p>\n<p>\n            Les ogs\u00e5<\/p>\n<p>              Ivrige ungdommer jobber for eget prosjekt\n        <\/p>\n<p>  <\/a><br \/>\n  N\u00e5r skolen og foreldre samarbeider om klasseturen<\/p>\n<p>Hvert \u00e5r reiser mange klasser p\u00e5 skoletur som et resultat av et fruktbart samarbeid mellom skole og foreldre. Ofte er kommunen med p\u00e5 laget ved \u00e5 legge til rette for reiser i skoletiden, og i noen tilfeller ogs\u00e5 med bidrag fra kommunebudsjettet. Slike samarbeid gir en hel rekke heldige effekter:<\/p>\n<ul>\n<li>Turen kan bli billigere: Foreldrestyrte turer, slik som Kongseiks, legges til skolens ferier n\u00e5r det er absolutt dyrest \u00e5 reise. Dersom kommunen og skolen tillater \u00e5 reise i lavsesong i skoletiden, er det penger \u00e5 spare.<\/li>\n<li>L\u00e6ringsutbyttet fra turen kan styrkes dersom turen tas inn i klasserommet gjennom for- og etterarbeid.<\/li>\n<li>Styrke undervisningen: Turene gir mange spennende innfallsvinkler og muligheter i klasseromsundervisningen, og kan berike og underst\u00f8tte den ordin\u00e6re undervisningen. Det pedagogiske opplegget p\u00e5 turene er forankret i l\u00e6replanen og legger til rette for praktisk, engasjerende og utforskende l\u00e6ring som er godt egnet til \u00e5 treffe alle elever.<\/li>\n<li>L\u00e6rere med p\u00e5 turen kan b\u00e5de forsterke det faglige utbyttet, og dempe potensielle konflikter i elevgruppen.<\/li>\n<li>Skolens forsikring og ordensregler gjelder og sparer foreldrene for mye ansvar og papirarbeid.<\/li>\n<li>Engasjerte foreldre: Ungdomsskoletiden er veldig kort, og foreldre flest rekker knapt \u00e5 engasjere seg f\u00f8r barnet har startet p\u00e5 videreg\u00e5ende. Forberedelsen og gjennomf\u00f8ringen av en klassetur skaper nye b\u00e5nd mellom foreldre og styrker skole-hjem samarbeidet.<\/li>\n<li>H\u00f8yere deltakelse: Tall fra Udir viser at deltakelsen p\u00e5 skoleturen ligger vesentlig h\u00f8yere n\u00e5r skolen st\u00e5r som medarrang\u00f8r, enn n\u00e5r foreldrene arrangerer tur alene.<\/li>\n<li>Retningslinjene i gratisprinsippet \u00e5pner for et slikt samarbeid mellom skole og foreldre, men det er viktig at f\u00f8ringene for dugnad og donasjoner f\u00f8lges.<\/li>\n<\/ul>\n<p><b>Ved Kongseik finnes det allerede et sterkt foreldreengasjement for \u00e5 arrangere og dugnads-finansiere sosiale og samfunnsnyttige skoleturer fulle av l\u00e6ringsmuligheter. Dette burde bejubles og forvaltes som en dyrebar gave av skolens ledelse, istedenfor \u00e5 frar\u00e5des.<\/b><\/p>\n","protected":false},"excerpt":{"rendered":"Slike reiser er ogs\u00e5 trukket frem i Ekstremismekommisjonens rapport som en kilde til forebygging mot ekstremisme og radikalisering,&hellip;\n","protected":false},"author":2,"featured_media":120870,"comment_status":"","ping_status":"","sticky":false,"template":"","format":"standard","meta":{"footnotes":""},"categories":[12],"tags":[36,524,20,21,24,25,15,14387,22,23,156,13,30,28,29,14,1533,16,804,26,27,431,42,43,44,45],"class_list":{"0":"post-120869","1":"post","2":"type-post","3":"status-publish","4":"format-standard","5":"has-post-thumbnail","7":"category-verden","8":"tag-art","9":"tag-barn-og-unge","10":"tag-breaking-news","11":"tag-breakingnews","12":"tag-featured-news","13":"tag-featurednews","14":"tag-headlines","15":"tag-hvite-busser","16":"tag-latest-news","17":"tag-latestnews","18":"tag-meninger","19":"tag-news","20":"tag-no","21":"tag-norge","22":"tag-norway","23":"tag-nyheter","24":"tag-opinion","25":"tag-overskrifter","26":"tag-skole","27":"tag-top-stories","28":"tag-topstories","29":"tag-tonsberg","30":"tag-verden","31":"tag-world","32":"tag-world-news","33":"tag-worldnews"},"share_on_mastodon":{"url":"https:\/\/pubeurope.com\/@no\/115773392052771926","error":""},"_links":{"self":[{"href":"https:\/\/www.europesays.com\/no\/wp-json\/wp\/v2\/posts\/120869","targetHints":{"allow":["GET"]}}],"collection":[{"href":"https:\/\/www.europesays.com\/no\/wp-json\/wp\/v2\/posts"}],"about":[{"href":"https:\/\/www.europesays.com\/no\/wp-json\/wp\/v2\/types\/post"}],"author":[{"embeddable":true,"href":"https:\/\/www.europesays.com\/no\/wp-json\/wp\/v2\/users\/2"}],"replies":[{"embeddable":true,"href":"https:\/\/www.europesays.com\/no\/wp-json\/wp\/v2\/comments?post=120869"}],"version-history":[{"count":0,"href":"https:\/\/www.europesays.com\/no\/wp-json\/wp\/v2\/posts\/120869\/revisions"}],"wp:featuredmedia":[{"embeddable":true,"href":"https:\/\/www.europesays.com\/no\/wp-json\/wp\/v2\/media\/120870"}],"wp:attachment":[{"href":"https:\/\/www.europesays.com\/no\/wp-json\/wp\/v2\/media?parent=120869"}],"wp:term":[{"taxonomy":"category","embeddable":true,"href":"https:\/\/www.europesays.com\/no\/wp-json\/wp\/v2\/categories?post=120869"},{"taxonomy":"post_tag","embeddable":true,"href":"https:\/\/www.europesays.com\/no\/wp-json\/wp\/v2\/tags?post=120869"}],"curies":[{"name":"wp","href":"https:\/\/api.w.org\/{rel}","templated":true}]}}