{"id":120881,"date":"2025-12-24T07:50:32","date_gmt":"2025-12-24T07:50:32","guid":{"rendered":"https:\/\/www.europesays.com\/no\/120881\/"},"modified":"2025-12-24T07:50:32","modified_gmt":"2025-12-24T07:50:32","slug":"bengt-are-bor-i-telt-har-ikke-vaert-inne-pa-seks-ar","status":"publish","type":"post","link":"https:\/\/www.europesays.com\/no\/120881\/","title":{"rendered":"Bengt-Are bor i telt: &#8211; Har ikke v\u00e6rt inne p\u00e5 seks \u00e5r"},"content":{"rendered":"<p>&#8211; Woah, det har v\u00e6rt en hektisk uke!\u00a0<\/p>\n<p>Det utbryter Bengt-Are Barstad p\u00e5 telefon til Dagbladet.\u00a0<\/p>\n<p>Det er 24. desember, og 53-\u00e5ringen befinner seg i et h\u00f8yfjellsomr\u00e5de i Hattfjelldal kommune i Helgeland, hvor puddersn\u00f8 ligger som et hvitt teppe over campen.<\/p>\n<p class=\"font-weight-bold m-font-weight-bold\" data-lab-font_weight=\"font-weight-bold\">Mens nordmenn i de tusen hjem krysser fingre og t\u00e6r for at kveldens svor skal bli spr\u00f8, koker Bengt-Are ribbe i m\u00f8rkt \u00f8l p\u00e5 en primus.<\/p>\n<p>For noen dager siden pyntet han innerteltet med b\u00e5de lyslenker og nisser. Og tillegg til \u00abNasse N\u00f8ff\u00bb som putrer i gryta, har han sneket inn litt lutefisk p\u00e5 kveldens meny:<\/p>\n<p>&#8211; Her har julestemningen alts\u00e5 satt seg for lengst. Men jeg er ikke s\u00e5 glad i akevitt &#8211; s\u00e5 i kveld skal jeg kose meg med den finske lik\u00f8ren Minttu!<\/p>\n<p>        <img loading=\"lazy\" decoding=\"async\" src=\"https:\/\/www.europesays.com\/no\/wp-content\/uploads\/2025\/12\/83919735.webp\" width=\"667\" height=\"381\" title=\"SVIN TIL KVELDS: \u00d8lkokt ribbe er en slager i leiren til Bengt-Are, \u00e5r etter \u00e5r. Foto: Privat.\" alt=\"\" class=\"\" style=\"--aspect-ratio-image: 1.75; \"\/><\/p>\n<p>\n        SVIN TIL KVELDS: \u00d8lkokt ribbe er en slager i leiren til Bengt-Are, \u00e5r etter \u00e5r. Foto: Privat.\n    <\/p>\n<p>Flere tusen dager ute\u00a0\t<\/p>\n<p>I over et halvt ti\u00e5r har friskusen hatt et ellevilt prosjekt. Sammen med polarhundene sine har han nemlig levd ute i naturen <a href=\"https:\/\/naturkanal1.no\/video\/2000-dager-ute\/\" rel=\"nofollow noopener\" target=\"_blank\">i 2000 dager i strekk<\/a>.\u00a0<\/p>\n<p class=\"font-weight-bold m-font-weight-bold\" data-lab-font_weight=\"font-weight-bold\">&#8211; Dette er den sjette jula ute, som er helt rart \u00e5 tenke p\u00e5. Vi har ikke v\u00e6rt innomhus siden 2019.<\/p>\n<p>Bengt-Are snakker rolig, men blidt. Rundt ham h\u00f8res viltre bjeff.<\/p>\n<p>&#8211; Jeg har f\u00e5tt valper i teltet! Det er full propell her hele tida. Det er det st\u00f8rste jeg har opplevd siden jeg forlot sivilisasjonen, utbryter han, og forteller at han har hatt to dr\u00f8mmer i l\u00f8pet av reisen:<\/p>\n<ul class=\"font-weight-bold m-font-weight-bold\" data-lab-font_weight=\"font-weight-bold\">\n<li class=\"lab-bodytext-line font-weight-normal m-font-weight-normal\" data-lab-font_weight=\"font-weight-normal\">\u00c5 f\u00e5 valper.<\/li>\n<li class=\"lab-bodytext-line font-weight-normal m-font-weight-normal\" data-lab-font_weight=\"font-weight-normal\">\u00c5 f\u00e5 seile med nordlandsb\u00e5ten langs Nordlandskysten.<\/li>\n<\/ul>\n<p>          <img loading=\"lazy\" decoding=\"async\" src=\"https:\/\/www.europesays.com\/no\/wp-content\/uploads\/2025\/12\/83970717.webp\" width=\"1800\" height=\"846\" title=\"\" alt=\"\" class=\"\" style=\"--aspect-ratio-image: 2.13; \"\/><\/p>\n<p>        Ole Heggen\n    <\/p>\n<p>        &#8211; N\u00e5 kan jeg huke av begge boksene, sier han blidt:<\/p>\n<p>          <img loading=\"lazy\" decoding=\"async\" src=\"https:\/\/www.europesays.com\/no\/wp-content\/uploads\/2025\/12\/83970716.webp\" width=\"1800\" height=\"702\" title=\"\" alt=\"\" class=\"\" style=\"--aspect-ratio-image: 2.56; \"\/><\/p>\n<p>        Ole Heggen\n    <\/p>\n<p>R\u00f8per: &#8211; Enda st\u00f8rre\u00a0\t<\/p>\n<p class=\"font-weight-normal m-font-weight-normal\" data-lab-font_weight=\"font-weight-normal\">Til tross for at jula er i full gang, er det lite tegn til stress i leiren til Bengt-Are.<\/p>\n<p class=\"font-weight-normal m-font-weight-normal\" data-lab-font_weight=\"font-weight-normal\">&#8211; Stresset som foreg\u00e5r i sivilisasjonen ang\u00e5r ikke meg, sier han raskt fra forteltet, hvor det putrer fra primusen.<\/p>\n<p class=\"font-weight-normal m-font-weight-normal\" data-lab-font_weight=\"font-weight-normal\">&#8211; Min kj\u00e6re mor har hjulpet meg med \u00e5 kj\u00f8pe inn gaver til s\u00f8nnene mine, men det er alt.\u00a0<\/p>\n<p class=\"font-weight-normal m-font-weight-normal\" data-lab-font_weight=\"font-weight-normal\">53-\u00e5ringen sier han tenker \u00e5 ta igjen \u00abalt s\u00e5nt der\u00bb seinere, n\u00e5r han \u00abikke er ute hele tida\u00bb.\u00a0<\/p>\n<p class=\"font-weight-normal m-font-weight-normal no_italic m-no_italic\" data-lab-italic=\"\" data-lab-font_weight=\"font-weight-normal\">&#8211; Jeg har en halvveis plan om \u00e5 f\u00e5 til en skikkelig familiejul i 2026, f\u00f8r jeg i 2027 drar ut p\u00e5 et enda st\u00f8rre turprosjekt enn det jeg er ute p\u00e5 n\u00e5.\u00a0<\/p>\n<p>        <img loading=\"lazy\" decoding=\"async\" src=\"https:\/\/www.europesays.com\/no\/wp-content\/uploads\/2025\/12\/83970715.webp\" width=\"667\" height=\"427\" title=\"SKAL INNOMHUS: Om f\u00e5 m\u00e5neder skal 53-\u00e5ringen, for f\u00f8rste gang p\u00e5 leeeenge, ta seg en tur innomhus. Foto: Ole Grotb\u00e6k Heggen.\" alt=\"\" class=\"\" style=\"--aspect-ratio-image: 1.56; \"\/><\/p>\n<p>\n        SKAL INNOMHUS: Om f\u00e5 m\u00e5neder skal 53-\u00e5ringen, for f\u00f8rste gang p\u00e5 leeeenge, ta seg en tur innomhus. Foto: Ole Grotb\u00e6k Heggen.\n    <\/p>\n<p>Strekker strikken lenger\t<\/p>\n<p>Tr\u00f8nderen holder ikke kortene tett til brystet, og deler raskt planene for 2027:<\/p>\n<p class=\"font-weight-bold m-font-weight-bold\" data-lab-font_weight=\"font-weight-bold\">&#8211;\u00a0 Da vil jeg utforske Nord-Finland, og det tenker jeg \u00e5 gj\u00f8re i ett og et halvt \u00e5r &#8211; uten forsyning!<\/p>\n<p>Ideen har utviklet seg i hodet p\u00e5 friskusen det siste \u00e5ret, og i tida framover m\u00e5 han planlegge mye.<\/p>\n<p>&#8211; Jeg f\u00e5r nytte av alt jeg har l\u00e6rt p\u00e5 denne turen, samtidig som jeg kommer til \u00e5 l\u00e6re enda mer om hvordan jeg kan overleve i villmarka, sier han engasjert.\u00a0<\/p>\n<p>        <img loading=\"lazy\" decoding=\"async\" src=\"https:\/\/www.europesays.com\/no\/wp-content\/uploads\/2025\/12\/83970713.webp\" width=\"667\" height=\"561\" title=\"GIRA P\u00c5 MER: Bengt-Are har v\u00e6rt ute i \u00e5revis. N\u00e5 er han klar for \u00e5 strekke strikken enda lenger. Foto: Ole Grotb\u00e6k Heggen.\" alt=\"\" class=\"\" style=\"--aspect-ratio-image: 1.19; \"\/><\/p>\n<p>\n        GIRA P\u00c5 MER: Bengt-Are har v\u00e6rt ute i \u00e5revis. N\u00e5 er han klar for \u00e5 strekke strikken enda lenger. Foto: Ole Grotb\u00e6k Heggen.\n    <\/p>\n<p class=\"font-weight-normal m-font-weight-normal\" data-lab-font_weight=\"font-weight-normal\">53-\u00e5ringen forteller at han stortrives ute i det fri. Derfor kjenner han en melankoli knyte seg i brystet denne jula:<\/p>\n<p class=\"font-weight-bold m-font-weight-bold\" data-lab-font_weight=\"font-weight-bold\">&#8211; 2000 dager ute n\u00e6rmer seg slutten, og det p\u00e5virker hum\u00f8ret mitt en del. Det er rart for meg at prosjektet jeg har sett fram til, og gledet meg til hele livet, snart er over.\u00a0<\/p>\n<p class=\"font-weight-normal m-font-weight-normal\" data-lab-font_weight=\"font-weight-normal\">Raskt henter han seg inn igjen og understreker at han \u00abbare m\u00e5 omstille seg oppi hodet\u00bb.\u00a0<\/p>\n<p class=\"font-weight-normal m-font-weight-normal\" data-lab-font_weight=\"font-weight-normal\">&#8211; Jeg skal nyte siste rest av 2025, alts\u00e5. Og jeg gleder meg veldig til julemiddagen!\u00a0<\/p>\n<p>&#8211; Savner det skikkelig\t<\/p>\n<p>Siden 2019 har Bengt-Ares far kommet med proviant med jevne mellomrom, sommer som vinter.<\/p>\n<p class=\"font-weight-bold m-font-weight-bold\" data-lab-font_weight=\"font-weight-bold\">Spesielt jule-rasjoneringen er stas, og i \u00e5r sto alts\u00e5 lutefisk, ribbe og lammel\u00e5r p\u00e5 \u00f8nskelista.<\/p>\n<p class=\"font-weight-normal m-font-weight-normal\" data-lab-font_weight=\"font-weight-normal\">&#8211; Jeg har ogs\u00e5 f\u00e5tt tre glass med molteb\u00e6rsyltet\u00f8y. Jeg vokste opp med dette, og savner det skikkelig midtvinters. S\u00e5 det blir desserten i kveld, sier han, og ramser opp flere \u00abn\u00f8dvendigheter\u00bb som alltid er med:<\/p>\n<ul>\n<li class=\"lab-bodytext-line\">R\u00f8kt te (Lapsang)<\/li>\n<li class=\"lab-bodytext-line\">Brunsukker<\/li>\n<li class=\"lab-bodytext-line\">Litt krydder<\/li>\n<li class=\"lab-bodytext-line\">Ekte sm\u00f8r<\/li>\n<li class=\"lab-bodytext-line\">Dadler<\/li>\n<\/ul>\n<p>&#8211; S\u00e5 er det selvf\u00f8lgelig med mat og kos til hundene ogs\u00e5!<\/p>\n<p>&#8211; Ikke dusjet siden 2019\t<\/p>\n<p>F\u00f8rste gang Dagbladet slo av en prat med Bengt-Are, var p\u00e5 julaften i 2023. I sn\u00f8fokk og ulende vind hadde han gjort klar primusen i ytterteltet. Ogs\u00e5 da kokte han ribbe i \u00f8l med nellikspiker og appelsin.\u00a0<\/p>\n<p class=\"font-weight-bold m-font-weight-bold\" data-lab-font_weight=\"font-weight-bold\">Den gang r\u00f8pte han at det ikke bare var stekeovn og kj\u00f8kkenfasiliteter det skortet p\u00e5 oppe p\u00e5 vidda:<\/p>\n<p>          <img loading=\"lazy\" decoding=\"async\" src=\"https:\/\/www.europesays.com\/no\/wp-content\/uploads\/2025\/12\/83919739.webp\" width=\"1800\" height=\"720\" title=\"\" alt=\"\" class=\"\" style=\"--aspect-ratio-image: 2.50; \"\/><\/p>\n<p>        &#8211; Jeg har ikke dusjet siden 2019, sa han og skrattlo.<\/p>\n<p class=\"font-weight-normal m-font-weight-normal\" data-lab-font_weight=\"font-weight-normal\">Han fortalte ogs\u00e5 at han i perioder med harde forflyttinger og mye svetting, kan kjenne at han stinker. Da fyrer han opp et surt bj\u00f8rkeb\u00e5l og st\u00e5r i r\u00f8yken en stund.<\/p>\n<p>&#8211; S\u00e5 skifter jeg undert\u00f8y cirka \u00e9n gang i m\u00e5neden. Da er det alltid luksus \u00e5 hoppe inn i et nytt ullsett!\u00a0<\/p>\n<p>        <img loading=\"lazy\" decoding=\"async\" src=\"https:\/\/www.europesays.com\/no\/wp-content\/uploads\/2025\/12\/83970711.webp\" width=\"667\" height=\"734\" title=\"GUTTEN I R\u00d8YKEN: Bengt-Are fyrer gjerne opp et b\u00e5l for \u00e5 r\u00f8yke vekk litt stank. Foto: Ole Grotb\u00e6k Heggen.\" alt=\"\" class=\"\" style=\"--aspect-ratio-image: 0.91; \"\/><\/p>\n<p>\n        GUTTEN I R\u00d8YKEN: Bengt-Are fyrer gjerne opp et b\u00e5l for \u00e5 r\u00f8yke vekk litt stank. Foto: Ole Grotb\u00e6k Heggen.\n    <\/p>\n<p class=\"font-weight-normal m-font-weight-normal\" data-lab-font_weight=\"font-weight-normal\">Bengt-Are kan fortsatt se langt etter en varm dusj med sjampo og balsam, innr\u00f8mmer han til Dagbladet i dag.\u00a0<\/p>\n<p class=\"font-weight-bold m-font-weight-bold\" data-lab-font_weight=\"font-weight-bold\">Men i motsetning til sist, har han blitt n\u00f8yere p\u00e5 \u00e5 ta seg en \u00abkattevask\u00bb &#8211; noe det er en god grunn til:\u00a0<\/p>\n<p class=\"font-weight-normal m-font-weight-normal\" data-lab-font_weight=\"font-weight-normal\">Bengt-Are har nemlig f\u00e5tt seg kj\u00e6reste.<\/p>\n<p>        <img loading=\"lazy\" decoding=\"async\" src=\"https:\/\/www.europesays.com\/no\/wp-content\/uploads\/2025\/12\/84000169.webp\" width=\"667\" height=\"574\" title=\"FANT LYKKEN: Livet smiler om kapp med sola for Bengt-Are, som har funnet tonen med turkamerat og f\u00f8lgesvenn Sissel Hvitsand. Foto. Privat.\" alt=\"\" class=\"\" style=\"--aspect-ratio-image: 1.16; \"\/><\/p>\n<p>\n        FANT LYKKEN: Livet smiler om kapp med sola for Bengt-Are, som har funnet tonen med turkamerat og f\u00f8lgesvenn Sissel Hvitsand. Foto. Privat.\n    <\/p>\n<p>Etter flere \u00e5r ute og alene, henger det n\u00e5 en rosa badedrakt p\u00e5 tarpen hans om sommeren. Br\u00e5tt st\u00e5r det rosa crocs i forteltet.<\/p>\n<p>&#8211; Ogs\u00e5 lukter det parfyme i teltet mitt, sier han og humrer.\u00a0<\/p>\n<p>53-\u00e5ringen kremter lett. Det \u00e5 satse p\u00e5 kj\u00e6rligheten ute i marka har ikke v\u00e6rt noen selvf\u00f8lge.\u00a0<\/p>\n<p>          <img loading=\"lazy\" decoding=\"async\" src=\"https:\/\/www.europesays.com\/no\/wp-content\/uploads\/2025\/12\/83970709.webp\" width=\"1800\" height=\"702\" title=\"\" alt=\"\" class=\"\" style=\"--aspect-ratio-image: 2.56; \"\/><\/p>\n<p>        Ole Heggen\n    <\/p>\n<p>        &#8211; Jeg har hatt et par n\u00e6r-d\u00f8den-opplevelser i l\u00f8pet av prosjektet mitt.<\/p>\n<p>          <img loading=\"lazy\" decoding=\"async\" src=\"https:\/\/www.europesays.com\/no\/wp-content\/uploads\/2025\/12\/83970705.webp\" width=\"1800\" height=\"846\" title=\"\" alt=\"\" class=\"\" style=\"--aspect-ratio-image: 2.13; \"\/><\/p>\n<p>        Ole Heggen\n    <\/p>\n<p>        &#8211; Men skumlest av alt var da jeg fikk bes\u00f8k av Sissel for f\u00f8rste gang.<\/p>\n<p>Full klaff\t<\/p>\n<p>Det startet med noen meldinger p\u00e5 Messenger. Allerede da kjente Bengt-Are p\u00e5 en \u00abconnection\u00bb.\u00a0<\/p>\n<p class=\"font-weight-normal m-font-weight-normal\" data-lab-font_weight=\"font-weight-normal\">&#8211; Men for meg som er s\u00e5 fri og frank, og lever som jeg gj\u00f8r, var tanken p\u00e5 \u00e5 f\u00e5 meg kj\u00e6reste kjempeskummel, skyter han inn.<\/p>\n<p class=\"font-weight-bold m-font-weight-bold\" data-lab-font_weight=\"font-weight-bold\">S\u00e5, en nervefull sommerdag for tre \u00e5r siden, kom Sissel kj\u00f8rende til Bengt-Ares dav\u00e6rende leirplass i Indre Troms.\u00a0<\/p>\n<p class=\"font-weight-normal m-font-weight-normal\" data-lab-font_weight=\"font-weight-normal\">Der la de ut p\u00e5 en 14 dagers hard og fin tur, hvor det ble full klaff, forteller eventyreren. Han r\u00f8per at campen har f\u00e5tt en \u00abkvinnelig touch\u00bb, som gj\u00f8r at ogs\u00e5 han m\u00e5 kj\u00f8re en liten \u00abgeneralshine\u00bb, eller feltvask, i teltet.\u00a0<\/p>\n<p>        <img loading=\"lazy\" decoding=\"async\" src=\"https:\/\/www.europesays.com\/no\/wp-content\/uploads\/2025\/12\/83919742.webp\" width=\"667\" height=\"614\" title=\"FANT KJ\u00c6RLIGHETEN: Da Bengt-Are la i vei p\u00e5 tur for seks \u00e5r siden, ante han ikke at han kom til \u00e5 ha kj\u00e6reste ved slutten av prosjektet. Foto: Ole Grotb\u00e6k Heggen.\" alt=\"\" class=\"\" style=\"--aspect-ratio-image: 1.09; \"\/><\/p>\n<p>\n        FANT KJ\u00c6RLIGHETEN: Da Bengt-Are la i vei p\u00e5 tur for seks \u00e5r siden, ante han ikke at han kom til \u00e5 ha kj\u00e6reste ved slutten av prosjektet. Foto: Ole Grotb\u00e6k Heggen.\n    <\/p>\n<p class=\"font-weight-normal m-font-weight-normal\" data-lab-font_weight=\"font-weight-normal\">Bengt-Are sier det \u00absikkert ikke er bare-bare\u00bb \u00e5 v\u00e6re sammen med en villmarking.<\/p>\n<p class=\"no_italic m-no_italic font-weight-normal m-font-weight-normal\" data-lab-italic=\"\" data-lab-font_weight=\"font-weight-normal\">&#8211; Men hun vet godt \u00e5ssen liv jeg lever, og hun er helt innforst\u00e5tt med \u00e5ssen \u00abkallj\u00bb hun har blitt sammen med, ler han.<\/p>\n<p class=\"italic m-italic font-weight-normal m-font-weight-normal\" data-lab-italic=\"italic\" data-lab-font_weight=\"font-weight-normal\">&#8211; Har dere v\u00e6rt innomhus sammen, da?\u00a0<\/p>\n<p class=\"no_italic m-no_italic font-weight-normal m-font-weight-normal\" data-lab-italic=\"\" data-lab-font_weight=\"font-weight-normal\">&#8211; Nei, nei. hun m\u00e5 komme ut til meg og teltet i skauen!<\/p>\n<p>        <img loading=\"lazy\" decoding=\"async\" src=\"https:\/\/www.europesays.com\/no\/wp-content\/uploads\/2025\/12\/84000171.webp\" width=\"667\" height=\"547\" title=\"TURKJ\u00c6R: Ogs\u00e5 Sissel er glad i tur, mark - og hunder. Foto. Privat.\" alt=\"\" class=\"\" style=\"--aspect-ratio-image: 1.22; \"\/><\/p>\n<p>\n        TURKJ\u00c6R: Ogs\u00e5 Sissel er glad i tur, mark &#8211; og hunder. Foto. Privat.\n    <\/p>\n<p>&#8211; Gir en ny dimensjon\t<\/p>\n<p>Livet i marka, singel eller ei, er som regel stille og rolig, forteller Bengt-Are. Om morgenen v\u00e5kner han i teltet med hundene rundt seg.\u00a0<\/p>\n<p>F\u00f8rst sjekker han v\u00e6rmeldingen p\u00e5 mobilen &#8211; s\u00e5 skumleser han Dagbladet.no.\u00a0<\/p>\n<p class=\"font-weight-bold m-font-weight-bold\" data-lab-font_weight=\"font-weight-bold\">&#8211; N\u00e5 ler dere sikkert, men det er sant. Det er mest for \u00e5 forsikre meg om at sivilisasjonen best\u00e5r, ler han.\u00a0<\/p>\n<p class=\"font-weight-normal m-font-weight-normal\" data-lab-font_weight=\"font-weight-normal\">Etter dette tenner han opp b\u00e5l og gj\u00f8r klart til en fin morgenstund med frokost. Er Sissel p\u00e5 bes\u00f8k, lager han kokekaffe til henne, og te til seg selv.\u00a0<\/p>\n<p class=\"font-weight-normal m-font-weight-normal\" data-lab-font_weight=\"font-weight-normal\">&#8211; Det er ekstra godt \u00e5 ha Sissel i leiren. Det gir utelivet mitt en ny dimensjon, sier han varmt.\u00a0<\/p>\n<p>        <img loading=\"lazy\" decoding=\"async\" src=\"https:\/\/www.europesays.com\/no\/wp-content\/uploads\/2025\/12\/83970721.webp\" width=\"980\" height=\"559\" title=\"FRILUFTSMANN: Bengt-Are har laget seg et skikkelig liv i skogen. Foto: Ole Grotb\u00e6k Heggen.\" alt=\"\" class=\"\" style=\"--aspect-ratio-image: 1.75; \"\/><\/p>\n<p>\n        FRILUFTSMANN: Bengt-Are har laget seg et skikkelig liv i skogen. Foto: Ole Grotb\u00e6k Heggen.\n    <\/p>\n<p>&#8211; Har det best ute\t<\/p>\n<p>Friluftslivet har alltid v\u00e6rt Bengt-Ares plattform. Han f\u00f8ler seg aldri friere enn n\u00e5r han er ute i naturen.\u00a0<\/p>\n<p>Et minne han aldri glemmer, er da han som 25-\u00e5ring satt alene i Femundsmarka, mens sommerfuglene svirret viltert i magen.<\/p>\n<p class=\"font-weight-bold m-font-weight-bold\" data-lab-font_weight=\"font-weight-bold\">&#8211; Jeg visste allerede da at det var ute jeg ville leve, forteller han.<\/p>\n<p class=\"font-weight-normal m-font-weight-normal\" data-lab-font_weight=\"font-weight-normal\">Med tida fikk han seg imidlertid kj\u00e6reste, og deretter to s\u00f8nner.\u00a0<\/p>\n<p>53-\u00e5ringen forteller at han satte jobb og familie f\u00f8rst. Men i det stille fortsatte utelivs-dr\u00f8mmen \u00e5 vokse. Han bestemte seg for \u00e5 pakke sekken og lukke utgangsd\u00f8ra for siste gang etter yngstes\u00f8nnens 19-\u00e5rsdag.\u00a0<\/p>\n<p>&#8211; Jeg \u00f8nsket \u00e5 bo ute, der jeg hadde det best. Og her har jeg det fortsatt best, sier Bengt-Are selvsikkert.\u00a0<\/p>\n<p>        <img loading=\"lazy\" decoding=\"async\" src=\"https:\/\/www.europesays.com\/no\/wp-content\/uploads\/2025\/12\/83970704.webp\" width=\"980\" height=\"559\" title=\"FAMILIEFOR\u00d8KELSE: En av Bengt-Ares store dr\u00f8mmer gikk i oppfyllelse i september i \u00e5r: Han fikk valper i teltet! Foto: Ole Grotb\u00e6k Heggen.\" alt=\"\" class=\"\" style=\"--aspect-ratio-image: 1.75; \"\/><\/p>\n<p>\n        FAMILIEFOR\u00d8KELSE: En av Bengt-Ares store dr\u00f8mmer gikk i oppfyllelse i september i \u00e5r: Han fikk valper i teltet! Foto: Ole Grotb\u00e6k Heggen.\n    <\/p>\n<p>&#8211; Sann villmarking\t<\/p>\n<p>Julefreden har for lengst senket seg over leiren i Hattfjelldal. Med ribba og lutefisken klar, tenker Bengt-Are p\u00e5 tida som ligger foran ham.<\/p>\n<p class=\"font-weight-bold m-font-weight-bold\" data-lab-font_weight=\"font-weight-bold\">P\u00e5 ny\u00e5ret, n\u00e6rmere bestemt onsdag den 11. februar 2026, er det seks \u00e5r siden han flyttet ut i marka. Det er ogs\u00e5:\u00a0<\/p>\n<ul class=\"font-weight-normal m-font-weight-normal\" data-lab-font_weight=\"font-weight-normal\">\n<li class=\"lab-bodytext-line\">2192 dager siden han sist satte sine fjellvante bein i et hus.\u00a0<\/li>\n<li class=\"lab-bodytext-line\">52 608 timer han ikke har stresset over konflikter p\u00e5 arbeidsplassen, ettermiddagsrush eller andre \u00abhverdagsproblemer\u00bb.<\/li>\n<li class=\"lab-bodytext-line\">3 156 480 minutter han har brukt i skog og mark, med turer, jakt og fiske. <\/li>\n<\/ul>\n<p class=\"font-weight-normal m-font-weight-normal\" data-lab-font_weight=\"font-weight-normal\">Det hele skal markeres med en heidundrandes villmarksfest, forteller han ivrig. Og etter dette kommer den turglade tr\u00f8nderen til \u00e5 v\u00e6re &#8211; iallfall noe &#8211; innomhus for en periode.<\/p>\n<p>          <img loading=\"lazy\" decoding=\"async\" src=\"https:\/\/www.europesays.com\/no\/wp-content\/uploads\/2025\/12\/83919743.webp\" width=\"1800\" height=\"720\" title=\"\" alt=\"\" class=\"\" style=\"--aspect-ratio-image: 2.50; \"\/><\/p>\n<p>        Men friluft vil fortsatt v\u00e6re i fokus, presiserer han:<\/p>\n<p>          <img loading=\"lazy\" decoding=\"async\" src=\"https:\/\/www.europesays.com\/no\/wp-content\/uploads\/2025\/12\/83919738.webp\" width=\"1800\" height=\"720\" title=\"\" alt=\"\" class=\"\" style=\"--aspect-ratio-image: 2.50; \"\/><\/p>\n<p>        &#8211; Det vil det alltid v\u00e6re;<\/p>\n<p>          <img loading=\"lazy\" decoding=\"async\" src=\"https:\/\/www.europesays.com\/no\/wp-content\/uploads\/2025\/12\/83919741.webp\" width=\"1800\" height=\"810\" title=\"\" alt=\"\" class=\"\" style=\"--aspect-ratio-image: 2.22; \"\/><\/p>\n<p>        &#8211; Jeg er en sann villmarking helt inn til beinet.<\/p>\n","protected":false},"excerpt":{"rendered":"&#8211; Woah, det har v\u00e6rt en hektisk uke!\u00a0 Det utbryter Bengt-Are Barstad p\u00e5 telefon til Dagbladet.\u00a0 Det er&hellip;\n","protected":false},"author":2,"featured_media":120882,"comment_status":"","ping_status":"","sticky":false,"template":"","format":"standard","meta":{"footnotes":""},"categories":[10],"tags":[20,21,24,25,3797,15,1521,5593,13692,9242,22,23,13,30,28,29,14,16,4005,26,27,14388],"class_list":{"0":"post-120881","1":"post","2":"type-post","3":"status-publish","4":"format-standard","5":"has-post-thumbnail","7":"category-norge","8":"tag-breaking-news","9":"tag-breakingnews","10":"tag-featured-news","11":"tag-featurednews","12":"tag-friluftsliv","13":"tag-headlines","14":"tag-jakt","15":"tag-jul","16":"tag-julefeiring","17":"tag-julemat","18":"tag-latest-news","19":"tag-latestnews","20":"tag-news","21":"tag-no","22":"tag-norge","23":"tag-norway","24":"tag-nyheter","25":"tag-overskrifter","26":"tag-some","27":"tag-top-stories","28":"tag-topstories","29":"tag-villmark"},"share_on_mastodon":{"url":"https:\/\/pubeurope.com\/@no\/115773454974760679","error":""},"_links":{"self":[{"href":"https:\/\/www.europesays.com\/no\/wp-json\/wp\/v2\/posts\/120881","targetHints":{"allow":["GET"]}}],"collection":[{"href":"https:\/\/www.europesays.com\/no\/wp-json\/wp\/v2\/posts"}],"about":[{"href":"https:\/\/www.europesays.com\/no\/wp-json\/wp\/v2\/types\/post"}],"author":[{"embeddable":true,"href":"https:\/\/www.europesays.com\/no\/wp-json\/wp\/v2\/users\/2"}],"replies":[{"embeddable":true,"href":"https:\/\/www.europesays.com\/no\/wp-json\/wp\/v2\/comments?post=120881"}],"version-history":[{"count":0,"href":"https:\/\/www.europesays.com\/no\/wp-json\/wp\/v2\/posts\/120881\/revisions"}],"wp:featuredmedia":[{"embeddable":true,"href":"https:\/\/www.europesays.com\/no\/wp-json\/wp\/v2\/media\/120882"}],"wp:attachment":[{"href":"https:\/\/www.europesays.com\/no\/wp-json\/wp\/v2\/media?parent=120881"}],"wp:term":[{"taxonomy":"category","embeddable":true,"href":"https:\/\/www.europesays.com\/no\/wp-json\/wp\/v2\/categories?post=120881"},{"taxonomy":"post_tag","embeddable":true,"href":"https:\/\/www.europesays.com\/no\/wp-json\/wp\/v2\/tags?post=120881"}],"curies":[{"name":"wp","href":"https:\/\/api.w.org\/{rel}","templated":true}]}}