{"id":120914,"date":"2025-12-24T09:12:10","date_gmt":"2025-12-24T09:12:10","guid":{"rendered":"https:\/\/www.europesays.com\/no\/120914\/"},"modified":"2025-12-24T09:12:10","modified_gmt":"2025-12-24T09:12:10","slug":"nytt-utkast-til-fredsavtale-apner-for-ukrainsk-nato-medlemskap","status":"publish","type":"post","link":"https:\/\/www.europesays.com\/no\/120914\/","title":{"rendered":"Nytt utkast til fredsavtale \u00e5pner for ukrainsk Nato-medlemskap"},"content":{"rendered":"\n<p class=\"_lead_o9xde_2 _lead_xtcu6_50 layout-component text-serif-m layout-normal text-serif-l layout-component layout-wide layout-padded _wide_17hqh_1 layout-padded\">I et nytt utkast til en fredsavtale mellom Ukraina og Russland \u00e5pnes det for at Ukraina kan bli Nato-medlem i fremtiden, if\u00f8lge president Volodymyr Zelenskyj.<\/p>\n<p><img alt=\"Ukrainas president Volodymyr Zelenskyj avbildet i Norge i forbindelse med et bes\u00f8k i oktober.  Foto: Javad Parsa \/ NTB\" class=\"_image_qp4xg_65 layout-component layout-wide\" data-fullscreen- data-track-element-type=\"Article image fullscreen\" data-track-name=\"ImageFullscreen\" fetchpriority=\"high\" decoding=\"sync\" loading=\"eager\" height=\"5760\" itemprop=\"image\"  src=\"https:\/\/www.europesays.com\/no\/wp-content\/uploads\/2025\/12\/a225c667-9a2f-48cf-8d0c-d0c96393d563\"  style=\"object-position:0% 0%\" width=\"8640\"\/>Ukrainas president Volodymyr Zelenskyj avbildet i Norge i forbindelse med et bes\u00f8k i oktober.  Foto: Javad Parsa \/ NTB<\/p>\n<ul aria-hidden=\"true\" class=\"_images_ntbth_112\">\n<li><a class=\"_link_ntbth_117\" href=\"https:\/\/www.vg.no\/forfatter\/ntb\" style=\"z-index:1\" title=\"NTB\" rel=\"nofollow noopener\" target=\"_blank\"><img alt=\"Bilde av NTB\" class=\"_image_ntbth_93\" fetchpriority=\"low\" loading=\"lazy\" decoding=\"async\" itemprop=\"image\"  src=\"https:\/\/www.europesays.com\/no\/wp-content\/uploads\/2025\/12\/1766567530_148_c33980b0-5d07-4027-84a1-813f90a7c8d6\"  width=\"480\"\/><\/a><\/li>\n<\/ul>\n<p> Oppdatert onsdag 24. desember kl. 09:44     <\/p>\n<p class=\"_paragraph_o9xde_4 _paragraph_xtcu6_10 layout-component text-serif-m layout-normal text-serif-m layout-padded\">I det f\u00f8rste utkastet, som inneholdt 28 punkter, het det at Ukraina skulle grunnlovsfeste at landet aldri skulle bli Nato-medlem. I det nye forslaget, som er p\u00e5 20 punkter, er denne betingelsen fjernet.<\/p>\n<p class=\"_paragraph_o9xde_4 _paragraph_xtcu6_10 layout-component text-serif-m layout-normal text-serif-m layout-padded\">\u2013 Det er Nato-medlemmenes valg om de vil ha Ukraina eller ikke. Vi har g\u00e5tt bort fra de foresl\u00e5tte endringene i Ukrainas grunnlov som ville ha forbudt Ukraina fra \u00e5 bli med i Nato, sa Zelenskyj under presentasjonen av den reviderte fredsplanen i Kyiv.<\/p>\n<p class=\"_paragraph_o9xde_4 _paragraph_xtcu6_10 layout-component text-serif-m layout-normal text-serif-m layout-padded\">Presidenten opplyser ogs\u00e5 at det ikke har lyktes ukrainske og amerikanske forhandlingsteam \u00e5 komme til enighet om langsiktige territorielle sp\u00f8rsm\u00e5l. Zelenskyj ber derfor om et m\u00f8te p\u00e5 lederniv\u00e5.<\/p>\n<p class=\"_paragraph_o9xde_4 _paragraph_xtcu6_10 layout-component text-serif-m layout-normal text-serif-m layout-padded\">\u2013 Vi har ikke oppn\u00e5dd enighet med den amerikanske siden n\u00e5r det gjelder territoriet i Donetsk-regionen og atomkraftverket i Zaporizjzja. Vi er klare for et m\u00f8te med USA p\u00e5 lederniv\u00e5 for \u00e5 ta opp sensitive sp\u00f8rsm\u00e5l, sier han, uten \u00e5 presisere om et eventuelt lederm\u00f8te ville inkludert Russlands president Vladimir Putin.<\/p>\n<p class=\"_paragraph_o9xde_4 _paragraph_xtcu6_10 layout-component text-serif-m layout-normal text-serif-m layout-padded\">I den reviderte planen foresl\u00e5s det at Ukraina skal avholde valg s\u00e5 snart avtalen signeres. I det tidligere utkastet var det fastsatt en frist p\u00e5 100 dager.<\/p>\n<p class=\"_paragraph_o9xde_4 _paragraph_xtcu6_10 layout-component text-serif-m layout-normal text-serif-m layout-padded\">Amerikanske representanter holdt i forrige uke en rekke m\u00f8ter i Miami med delegasjoner fra Ukraina og Russland, samt flere europeiske representanter. B\u00e5de Ukraina og USA har omtalt m\u00f8tene som produktive.<\/p>\n","protected":false},"excerpt":{"rendered":"I et nytt utkast til en fredsavtale mellom Ukraina og Russland \u00e5pnes det for at Ukraina kan bli&hellip;\n","protected":false},"author":2,"featured_media":120915,"comment_status":"","ping_status":"","sticky":false,"template":"","format":"standard","meta":{"footnotes":""},"categories":[12],"tags":[20,21,24,25,15,22,23,13,30,28,29,14,16,26,27,42,43,44,45],"class_list":{"0":"post-120914","1":"post","2":"type-post","3":"status-publish","4":"format-standard","5":"has-post-thumbnail","7":"category-verden","8":"tag-breaking-news","9":"tag-breakingnews","10":"tag-featured-news","11":"tag-featurednews","12":"tag-headlines","13":"tag-latest-news","14":"tag-latestnews","15":"tag-news","16":"tag-no","17":"tag-norge","18":"tag-norway","19":"tag-nyheter","20":"tag-overskrifter","21":"tag-top-stories","22":"tag-topstories","23":"tag-verden","24":"tag-world","25":"tag-world-news","26":"tag-worldnews"},"share_on_mastodon":{"url":"https:\/\/pubeurope.com\/@no\/115773777780614498","error":""},"_links":{"self":[{"href":"https:\/\/www.europesays.com\/no\/wp-json\/wp\/v2\/posts\/120914","targetHints":{"allow":["GET"]}}],"collection":[{"href":"https:\/\/www.europesays.com\/no\/wp-json\/wp\/v2\/posts"}],"about":[{"href":"https:\/\/www.europesays.com\/no\/wp-json\/wp\/v2\/types\/post"}],"author":[{"embeddable":true,"href":"https:\/\/www.europesays.com\/no\/wp-json\/wp\/v2\/users\/2"}],"replies":[{"embeddable":true,"href":"https:\/\/www.europesays.com\/no\/wp-json\/wp\/v2\/comments?post=120914"}],"version-history":[{"count":0,"href":"https:\/\/www.europesays.com\/no\/wp-json\/wp\/v2\/posts\/120914\/revisions"}],"wp:featuredmedia":[{"embeddable":true,"href":"https:\/\/www.europesays.com\/no\/wp-json\/wp\/v2\/media\/120915"}],"wp:attachment":[{"href":"https:\/\/www.europesays.com\/no\/wp-json\/wp\/v2\/media?parent=120914"}],"wp:term":[{"taxonomy":"category","embeddable":true,"href":"https:\/\/www.europesays.com\/no\/wp-json\/wp\/v2\/categories?post=120914"},{"taxonomy":"post_tag","embeddable":true,"href":"https:\/\/www.europesays.com\/no\/wp-json\/wp\/v2\/tags?post=120914"}],"curies":[{"name":"wp","href":"https:\/\/api.w.org\/{rel}","templated":true}]}}