{"id":120920,"date":"2025-12-24T09:20:13","date_gmt":"2025-12-24T09:20:13","guid":{"rendered":"https:\/\/www.europesays.com\/no\/120920\/"},"modified":"2025-12-24T09:20:13","modified_gmt":"2025-12-24T09:20:13","slug":"rubio-stenger-grensen-for-europeiske-sensur-byrakrater","status":"publish","type":"post","link":"https:\/\/www.europesays.com\/no\/120920\/","title":{"rendered":"Rubio stenger grensen for europeiske \u00absensur-byr\u00e5krater\u00bb"},"content":{"rendered":"<p><strong>Den amerikanske utenriksministeren Marco Rubio varsler tirsdag kveld innreiseforbud mot ledende europeiske skikkelser i det han kaller \u00abden globale sensur-industrikomplekset\u00bb. Tiltaket kommer som en direkte reaksjon p\u00e5 EUs fors\u00f8k p\u00e5 \u00e5 regulere amerikanske sosiale medier-plattformer.<\/strong><\/p>\n<p>\u2013 I altfor lang tid har ideologer i Europa ledet organiserte fors\u00f8k p\u00e5 \u00e5 tvinge amerikanske plattformer til \u00e5 straffe amerikanske synspunkter de er uenige i. Trump-administrasjonen vil ikke lenger tolerere disse grove handlingene av ekstraterritoriell sensur, skriver Rubio i et innlegg p\u00e5 X.<\/p>\n<p>Utenriksministeren opplyser at det amerikanske utenriksdepartementet vil ta skritt for \u00e5 nekte innreise til USA for ledende akt\u00f8rer i det han beskriver som et globalt sensur-apparat.<\/p>\n<p>\u2013 Vi st\u00e5r klare og villige til \u00e5 utvide denne listen dersom andre ikke snur, fortsetter Rubio.<\/p>\n<blockquote class=\"twitter-tweet\" data-width=\"550\" data-dnt=\"true\">\n<p lang=\"en\" dir=\"ltr\">For far too long, ideologues in Europe have led organized efforts to coerce American platforms to punish American viewpoints they oppose. The Trump Administration will no longer tolerate these egregious acts of extraterritorial censorship.<\/p>\n<p>Today, <a href=\"https:\/\/twitter.com\/StateDept?ref_src=twsrc%5Etfw\" rel=\"nofollow noopener\" target=\"_blank\">@StateDept<\/a> will take steps to\u2026<\/p>\n<p>\u2014 Secretary Marco Rubio (@SecRubio) <a href=\"https:\/\/twitter.com\/SecRubio\/status\/2003547575580815814?ref_src=twsrc%5Etfw\" rel=\"nofollow noopener\" target=\"_blank\">December 23, 2025<\/a><\/p><\/blockquote>\n<p><strong>Eskalerende konflikt om tech-regulering<\/strong><\/p>\n<p>Utspillet kommer etter en langvarig og stadig mer spent konflikt mellom USA og EU om regulering av sosiale medier og teknologiselskaper.<\/p>\n<p>I desember 2024 utstedte EU-kommisjonen sin f\u00f8rste bot under Digital Services Act (DSA) \u2013 en straff p\u00e5 120 millioner euro til X for brudd p\u00e5 innholdsrapportering og villedende bruk av bl\u00e5 verifiseringsmerker. Meta har tidligere f\u00e5tt GDPR-b\u00f8ter for til sammen over 2 milliarder euro, inkludert en rekordbot p\u00e5 1,2 milliarder euro i 2023 for overf\u00f8ring av europeiske brukerdata til USA uten tilstrekkelig beskyttelse.<\/p>\n<p>Amerikanerne mener EUs regelverk \u2013 inkludert Digital Markets Act (DMA), DSA, GDPR og den kommende AI-loven \u2013 i praksis fungerer som diskriminerende \u00abde facto-tollsatser\u00bb som rammer amerikanske selskaper uforholdsmessig hardt. Fem av seks selskaper som er klassifisert som \u00abgatekeepers\u00bb under DMA er amerikanske.<\/p>\n<p>Konflikten eskalerte ytterligere da Trump-administrasjonen truet med mottiltak, inkludert tollsatser, eksportrestriksjoner p\u00e5 databrikker og formelle handelsklager. Det er ansl\u00e5tt at EUs regelverk kan koste amerikanske teknologiselskaper opptil 97,6 milliarder dollar \u00e5rlig.<\/p>\n<p><strong>Bretons brev i sentrum<\/strong><\/p>\n<p>Et kontroversielt brev fra tidligere EU-kommiss\u00e6r Thierry Breton til Elon Musk i august 2024 st\u00e5r n\u00e5 i sentrum for debatten. Brevet ble sendt f\u00f8r en planlagt direktesending p\u00e5 X mellom Musk og Donald Trump.<\/p>\n<p>I brevet minnet Breton X-eieren om plattformens juridiske forpliktelser under DSA, og understreket at X som \u00abVery Large Online Platform\u00bb har \u00abden juridiske forpliktelsen til \u00e5 sikre X\u2019s overholdelse av EU-lov og praksis\u00bb. Han advarte ogs\u00e5 mot spredning av \u00abskadelig innhold\u00bb og krevde at plattformen m\u00e5tte ha \u00abproporsjonale og effektive tiltak p\u00e5 plass for \u00e5 beskytte brukerne\u00bb.<\/p>\n<p>  \ud83d\udcc4 Bretons brev til Elon Musk \u2013 12. august 2024<\/p>\n<p><strong>Fra:<\/strong> Thierry Breton, EU-kommiss\u00e6r<br \/><strong>Til:<\/strong> Elon Musk (\u00abDear Mr Musk\u00bb)<br \/><strong>Kontekst:<\/strong> Sendt i forbindelse med \u00abnylige hendelser i Storbritannia\u00bb og f\u00f8r planlagt direktesending mellom Musk og presidentkandidat Donald Trump p\u00e5 X<\/p>\n<p>  Hovedinnhold i brevet:<\/p>\n<p><strong>Juridisk grunnlag:<\/strong><br \/>Breton minner Musk om at X er klassifisert som en \u00abVery Large Online Platform\u00bb under EUs Digital Services Act (DSA), noe som gir selskapet juridiske forpliktelser til \u00e5 sikre overholdelse av EU-lov og praksis.<\/p>\n<p><strong>Balansegangen mellom frihet og beskyttelse:<\/strong><br \/>Brevet understreker at X m\u00e5 sikre b\u00e5de ytringsfrihet, informasjonsfrihet og mediefrihet \u2013 samtidig som plattformen m\u00e5 ha \u00abproporsjonale og effektive tiltak\u00bb p\u00e5 plass for \u00e5 beskytte brukerne mot skadelig innhold ved store hendelser som kan \u00f8ke risikoprofilen til X.<\/p>\n<p><strong>Konkrete krav til innholdsmoderering:<\/strong><br \/>Breton lister opp at X m\u00e5:<\/p>\n<ul style=\"line-height: 1.8;\">\n<li>Ta \u00abumiddelbar, flittig, ikke-vilk\u00e5rlig og objektiv handling\u00bb ved mottak av varsler om ulovlig innhold<\/li>\n<li>Informere brukere om hvordan de kan varsle om relevant innhold<\/li>\n<li>Offentlig rapportere om innholdsmodereringstiltak<\/li>\n<\/ul>\n<p><strong>Kritisk poeng om Musks egen rolle:<\/strong><br \/>Breton p\u00e5peker eksplisitt at DSA-forpliktelsene gjelder \u00abhele brukersamfunnet og innholdet p\u00e5 X (inkludert deg selv som bruker med over 190 millioner f\u00f8lgere)\u00bb \u2013 en direkte advarsel om at ogs\u00e5 Musks egne innlegg m\u00e5 modereres.<\/p>\n<p><strong>P\u00e5g\u00e5ende rettsprosesser:<\/strong><br \/>Brevet nevner at det allerede p\u00e5g\u00e5r formelle prosedyrer mot X under DSA, spesielt knyttet til \u00abspredning av ulovlig innhold og effektiviteten av tiltak mot desinformasjon\u00bb.<\/p>\n<p><strong>EU overv\u00e5ker innholdet:<\/strong><br \/>Breton understreker at siden relevant innhold er tilgjengelig for EU-brukere og forsterkes i EUs jurisdiksjon, \u00abkan vi ikke utelukke potensielle ringvirkninger i EU\u00bb. EU overv\u00e5ker derfor \u00abpotensielle risikoer i EU forbundet med spredningen av innhold\u00bb som kan oppfordre til vold eller desinformasjon i forbindelse med valg.<\/p>\n<p><strong>Historiske eksempler:<\/strong><br \/>Brevet nevner at manglende h\u00e5ndtering av innhold kan v\u00e6re relevant \u00abi sammenheng med de p\u00e5g\u00e5ende prosedyrene og en overordnet vurdering av Xs overholdelse av EU-lov\u00bb. Som eksempler nevnes tidligere problemer med \u00abspredning og forsterkning av terrorinnhold eller innhold som oppfordrer til vold, hat og rasisme i EU, som i forbindelse med de nylige oppt\u00f8yene i Storbritannia\u00bb.<\/p>\n<p><strong>Klar advarsel og trussel:<\/strong><br \/>Breton avslutter med en klar advarsel:<\/p>\n<blockquote style=\"border-left: 4px solid #dc3545; padding-left: 15px; margin: 15px 0; font-style: italic; color: #555;\"><p>\n    \u00abMine tjenester og jeg vil v\u00e6re ekstremt \u00e5rv\u00e5kne overfor ethvert bevis som peker p\u00e5 brudd p\u00e5 DSA og vil ikke n\u00f8le med \u00e5 gj\u00f8re full bruk av v\u00e5rt verkt\u00f8y, inkludert ved \u00e5 vedta midlertidige tiltak, dersom det skulle v\u00e6re n\u00f8dvendig for \u00e5 beskytte EU-borgere mot alvorlig skade.\u00bb\n  <\/p><\/blockquote>\n<p><strong>Kopimottaker:<\/strong><br \/>Brevet er ogs\u00e5 sendt i kopi til Linda Yaccarino, administrerende direkt\u00f8r i X.<\/p>\n<p style=\"margin-top: 20px; padding-top: 15px; border-top: 1px solid #ddd; font-size: 0.95em; color: #666;\">\n  <strong>Hvorfor dette brevet n\u00e5 er kontroversielt:<\/strong><br \/>Trump-administrasjonen mener brevet representerer et fors\u00f8k p\u00e5 \u00abekstraterritoriell sensur\u00bb \u2013 at en europeisk byr\u00e5krat pr\u00f8vde \u00e5 p\u00e5virke innholdet i en samtale mellom to amerikanere p\u00e5 en amerikansk plattform. Breton selv forsvarer brevet som en legitim p\u00e5minnelse om juridiske forpliktelser under EU-lov.\n  <\/p>\n<p>Amerikanske myndigheter beskriver n\u00e5 Bretons brev som bare ett eksempel p\u00e5 et systematisk europeisk press mot amerikanske plattformer.<\/p>\n<p><strong>Anklager om sensur<\/strong><\/p>\n<p>Grunnlegger og administrerende direkt\u00f8r i StateArmor, Michael Lucci, som delte Bretons brev p\u00e5 X, skriver:<\/p>\n<p>\u2013 Du skrev et brev hvor du krevde at en amerikansk gr\u00fcnder skulle sensurere den tidligere og fremtidige presidenten av Amerika, i Amerika. N\u00e5 kommer konsekvensene. Du har gjort nok skade.<\/p>\n<p>Breton selv har reagert kraftig p\u00e5 tiltakene. I et svar p\u00e5 X sammenligner han situasjonen med McCarthys heksejakt p\u00e5 1950-tallet, da mistenkte kommunister ble politisk forfulgt i USA.<\/p>\n<p>\u2013 Er McCarthys heksejakt tilbake, skriver den tidligere EU-kommiss\u00e6ren.<\/p>\n<blockquote class=\"twitter-tweet\" data-width=\"550\" data-dnt=\"true\">\n<p lang=\"en\" dir=\"ltr\">You wrote a letter demanding an American entrepreneur censor the past and future president of America in America.<\/p>\n<p>Now the consequences come. You\u2019ve done enough damage. Sit this one out going forward. <a href=\"https:\/\/t.co\/1vLcR8jULG\" rel=\"nofollow\">pic.twitter.com\/1vLcR8jULG<\/a><\/p>\n<p>\u2014 Michael Lucci (@Michael7ucci) <a href=\"https:\/\/twitter.com\/Michael7ucci\/status\/2003626129152958468?ref_src=twsrc%5Etfw\" rel=\"nofollow noopener\" target=\"_blank\">December 24, 2025<\/a><\/p><\/blockquote>\n<p>If\u00f8lge Axios er de fem personene som nektes innreise til USA:<\/p>\n<p>\u2022 Thierry Breton \u2013 tidligere EU-kommiss\u00e6r og ansvarlig for teknologi-regulering<br \/>\u2022 Imran Ahmed \u2013 administrerende direkt\u00f8r i Center for Countering Digital Hate (CCDH)<br \/>\u2022 Clare Melford \u2013 leder for Global Disinformation Index (GDI) i Storbritannia<br \/>\u2022 Josephine Ballon \u2013 leder i den tyske organisasjonen HateAid<br \/>\u2022 Lena Hodenberg \u2013 leder i den tyske organisasjonen HateAid<\/p>\n<p>EU p\u00e5 sin side fastholder at regelverket er n\u00f8dvendig for \u00e5 beskytte forbrukere, sikre rettferdig konkurranse og begrense Big Techs makt, og avviser at reglene er proteksjonistiske.<\/p>\n<p>\u2013 Vi har en plikt til \u00e5 holde selskaper ansvarlige, og det fortjener respekt, uttalte EUs konkurransekommiss\u00e6r Teresa Ribera nylig.<\/p>\n<p>Konflikten illustrerer det stadig dypere skillet mellom USA og EU n\u00e5r det gjelder regulering av sosiale medier, med europeiske myndigheter som \u00f8nsker strengere kontroll med innhold, mens Trump-administrasjonen omtaler slike tiltak som sensur og innblanding i amerikansk ytringsfrihet.<\/p>\n<p><script async src=\"https:\/\/platform.twitter.com\/widgets.js\" charset=\"utf-8\"><\/script><\/p>\n","protected":false},"excerpt":{"rendered":"Den amerikanske utenriksministeren Marco Rubio varsler tirsdag kveld innreiseforbud mot ledende europeiske skikkelser i det han kaller \u00abden&hellip;\n","protected":false},"author":2,"featured_media":120921,"comment_status":"","ping_status":"","sticky":false,"template":"","format":"standard","meta":{"footnotes":""},"categories":[12],"tags":[20,21,279,24,25,15,22,23,972,13,30,28,29,14,16,6596,26,27,50,42,43,44,45,3492],"class_list":{"0":"post-120920","1":"post","2":"type-post","3":"status-publish","4":"format-standard","5":"has-post-thumbnail","7":"category-verden","8":"tag-breaking-news","9":"tag-breakingnews","10":"tag-eu","11":"tag-featured-news","12":"tag-featurednews","13":"tag-headlines","14":"tag-latest-news","15":"tag-latestnews","16":"tag-marco-rubio","17":"tag-news","18":"tag-no","19":"tag-norge","20":"tag-norway","21":"tag-nyheter","22":"tag-overskrifter","23":"tag-sensur","24":"tag-top-stories","25":"tag-topstories","26":"tag-usa","27":"tag-verden","28":"tag-world","29":"tag-world-news","30":"tag-worldnews","31":"tag-ytringsfrihet"},"share_on_mastodon":{"url":"https:\/\/pubeurope.com\/@no\/115773808629941644","error":""},"_links":{"self":[{"href":"https:\/\/www.europesays.com\/no\/wp-json\/wp\/v2\/posts\/120920","targetHints":{"allow":["GET"]}}],"collection":[{"href":"https:\/\/www.europesays.com\/no\/wp-json\/wp\/v2\/posts"}],"about":[{"href":"https:\/\/www.europesays.com\/no\/wp-json\/wp\/v2\/types\/post"}],"author":[{"embeddable":true,"href":"https:\/\/www.europesays.com\/no\/wp-json\/wp\/v2\/users\/2"}],"replies":[{"embeddable":true,"href":"https:\/\/www.europesays.com\/no\/wp-json\/wp\/v2\/comments?post=120920"}],"version-history":[{"count":0,"href":"https:\/\/www.europesays.com\/no\/wp-json\/wp\/v2\/posts\/120920\/revisions"}],"wp:featuredmedia":[{"embeddable":true,"href":"https:\/\/www.europesays.com\/no\/wp-json\/wp\/v2\/media\/120921"}],"wp:attachment":[{"href":"https:\/\/www.europesays.com\/no\/wp-json\/wp\/v2\/media?parent=120920"}],"wp:term":[{"taxonomy":"category","embeddable":true,"href":"https:\/\/www.europesays.com\/no\/wp-json\/wp\/v2\/categories?post=120920"},{"taxonomy":"post_tag","embeddable":true,"href":"https:\/\/www.europesays.com\/no\/wp-json\/wp\/v2\/tags?post=120920"}],"curies":[{"name":"wp","href":"https:\/\/api.w.org\/{rel}","templated":true}]}}