{"id":120962,"date":"2025-12-24T10:18:16","date_gmt":"2025-12-24T10:18:16","guid":{"rendered":"https:\/\/www.europesays.com\/no\/120962\/"},"modified":"2025-12-24T10:18:16","modified_gmt":"2025-12-24T10:18:16","slug":"jan-thomas-deler-rorende-julehilsen-til-sin-avdode-mor","status":"publish","type":"post","link":"https:\/\/www.europesays.com\/no\/120962\/","title":{"rendered":"Jan Thomas deler r\u00f8rende julehilsen til sin avd\u00f8de mor"},"content":{"rendered":"<p class=\"kicker \" style=\"\">Jan Thomas:<\/p>\n<p>  Kjendisstylisten deler r\u00f8rende julemelding med f\u00f8lgerne sine.\u00a0<\/p>\n<p>\n    STORT SAVN: TV-profilen har den siste tida v\u00e6rt aktuell som dommer i \u00abSkal vi danse\u00bb. N\u00e5 hedrer han sin mor p\u00e5 sosiale medier. Han Foto: Thomas Andersen \/ TV 2\n  <\/p>\n<p>God mat, gave\u00e5pning og tid med n\u00e6re og kj\u00e6re h\u00f8rer jula til, men for mange er det ogs\u00e5 en tid for \u00e5 reflektere og minnes de som ikke lenger er med oss.\u00a0<\/p>\n<p>Det gj\u00f8r ogs\u00e5 kjendisstylist og \u00abSkal vi danse\u00bb-dommer Jan Thomas (58), som deler en \u00e5penhjertig hilsen til sin avd\u00f8de mor, Anny \u00d8stervold, som d\u00f8de sommeren 2013.\u00a0<\/p>\n<p>    <a itemprop=\"url\" href=\"https:\/\/www.dagbladet.no\/kjendis\/jeg-foler-meg-ensom\/84022795\" rel=\"nofollow noopener\" target=\"_blank\"><\/p>\n<p>        <img loading=\"lazy\" decoding=\"async\" src=\"https:\/\/www.europesays.com\/no\/wp-content\/uploads\/2025\/12\/84023057.webp\" width=\"980\" height=\"441\" title=\"- Jeg f\u00f8ler meg ensom\" alt=\"\" class=\"lazyload\" style=\"--aspect-ratio-image: 2.22; \"\/><\/p>\n<p>        &#8211; Jeg f\u00f8ler meg ensom<\/p>\n<p>    <\/a><\/p>\n<p>\u00abKj\u00e6re mamma. I dag er det lille julaften, en dag som en gang var fylt av spenning, latter og lukten av pinnekj\u00f8tt, der Bj\u00f8rn og jeg ventet spent p\u00e5 julaften og alt som l\u00e5 under treet. N\u00e5 sitter jeg p\u00e5 balkongen min i Mexico med kaffekoppen i h\u00e5nden, palmetr\u00e6r i m\u00f8rket og venter p\u00e5 solen som snart skal st\u00e5 opp\u00bb, skriver han i et innlegg delt p\u00e5 sosiale medier.\u00a0<\/p>\n<p>        <img loading=\"lazy\" decoding=\"async\" src=\"https:\/\/www.europesays.com\/no\/wp-content\/uploads\/2025\/12\/84025223.webp\" width=\"686\" height=\"680\" title=\"FAMILIE: I et nytt innlegg takker Jan Thomas forloveden og hunden Tyr for all kj\u00e6rlighet og trygghet. Foto: Skjermbilde fra Instagram\/@janthomasofficial\" alt=\"\" class=\"\" style=\"--aspect-ratio-image: 1.01; \"\/><\/p>\n<p>\n        FAMILIE: I et nytt innlegg takker Jan Thomas forloveden og hunden Tyr for all kj\u00e6rlighet og trygghet. Foto: Skjermbilde fra Instagram\/@janthomasofficial\n    <\/p>\n<p>\u00abForandret seg for alltid\u00bb\t<\/p>\n<p>\u00d8stervold ble funnet d\u00f8d hjemme i Skien, 69 \u00e5r gammel. D\u00f8dsfallet kom sv\u00e6rt overraskende p\u00e5 58-\u00e5ringen, da moren skal ha v\u00e6rt frisk da hun d\u00f8de.\u00a0<\/p>\n<p>De seinere \u00e5rene satte Jan Thomas og forloveden Harlem Alexander (38) i gang en ny juletradisjon og satte kursen mot varmere str\u00f8k for \u00e5 feire jul, n\u00e6rmere bestemt Mexico.\u00a0<\/p>\n<p>        OVERRASKER: Da \u00abA-laget\u00bb stiller Linn Sk\u00e5ber et uventet skilpadde-sp\u00f8rsm\u00e5l, begynner t\u00e5rene \u00e5 trille hos skuespillerlegenden. Video: \u00abA-laget\u00bb\/ NRK\/ R\u00f8d L\u00f8per<\/p>\n<p>Dette \u00e5ret blir den tolvte julefeiringa utenlands for dansedommeren.<\/p>\n<p>\u00abJulen forandret seg for alltid da jeg mistet deg, og kanskje er det derfor jeg ofte r\u00f8mmer den, for alt blir s\u00e5 forsterket, savnet, lengselen og minnene. Men mamma, jeg vil at du skal vite at jeg har det bra\u00bb,\u00a0skriver han videre i innlegget.<\/p>\n<p>    <a itemprop=\"url\" href=\"https:\/\/www.dagbladet.no\/kjendis\/en-annerledes-jul\/83996573\" rel=\"nofollow noopener\" target=\"_blank\"><\/p>\n<p>        <img loading=\"lazy\" decoding=\"async\" src=\"https:\/\/www.europesays.com\/no\/wp-content\/uploads\/2025\/12\/84001923.webp\" width=\"980\" height=\"441\" title=\"- En annerledes jul\" alt=\"\" class=\"lazyload\" style=\"--aspect-ratio-image: 2.22; \"\/><\/p>\n<p>        &#8211; En annerledes jul<\/p>\n<p>    <\/a><\/p>\n<p>TV-profilen legger ikke skjul p\u00e5 sin takknemlighet overfor familien han har i dag.\u00a0<\/p>\n<p>\u00abOg aller mest har jeg Harlem og Tyr, kj\u00e6rligheten min, tryggheten min og mannen jeg skal gifte meg med neste \u00e5r. Av hele mitt hjerte skulle jeg \u00f8nske du hadde m\u00f8tt dem begge. Du ville elsket dem.\u00bb\u00a0<\/p>\n<p>N\u00e6r relasjon\t<\/p>\n<p>Da Jan Thomas bodde i USA og jobbet som stylist for flere store amerikanske filmstudioer, holdt han kontakten med sin mor hele tida, selv om han ikke s\u00e5 henne p\u00e5 13 \u00e5r.<\/p>\n<p>        TATT P\u00c5 FERSKEN: Hva befinner seg under Skal vi danse-dommernes bord? Jan Thomas har svaret. Reporter: Nora Skavhaug \/ Foto: Danny Son To \/ R\u00f8d L\u00f8per <\/p>\n<p>\u00d8stervold var ogs\u00e5 forlover da s\u00f8nnen giftet seg med Christopher M\u00f8rch Husby i 2009.<\/p>\n<p>\u00abJeg elsker deg, jeg savner deg, og jeg b\u00e6rer deg med meg i alt jeg er. Jeg har skapt mine egne tradisjoner n\u00e5, for det er en tid for \u00e5 leve og en tid for \u00e5 d\u00f8, og jeg lever, mamma, hver eneste dag, hvert eneste \u00f8yeblikk.\u00bb<\/p>\n<p>    <a itemprop=\"url\" href=\"https:\/\/www.dagbladet.no\/kjendis\/snolos-i-jula\/84024594\" rel=\"nofollow noopener\" target=\"_blank\"><\/p>\n<p>        <img loading=\"lazy\" decoding=\"async\" src=\"https:\/\/www.europesays.com\/no\/wp-content\/uploads\/2025\/12\/84024650.webp\" width=\"980\" height=\"441\" title=\"Sn\u00f8l\u00f8s i jula\" alt=\"\" class=\"lazyload\" style=\"--aspect-ratio-image: 2.22; \"\/><\/p>\n<p>        Sn\u00f8l\u00f8s i jula<\/p>\n<p>    <\/a><\/p>\n<p>Jan Thomas oppfordrer ogs\u00e5 alle til \u00e5 holde sine n\u00e6re og kj\u00e6re litt ekstra tett denne julen, fordi man ikke vet hvor lang tid man har sammen med dem.\u00a0<\/p>\n<p>\u00abDette er s\u00e5rt og personlig \u00e5 dele, men akkurat n\u00e5 f\u00f8les det riktig. God jul\u00bb, avslutter han.\u00a0<\/p>\n","protected":false},"excerpt":{"rendered":"Jan Thomas: Kjendisstylisten deler r\u00f8rende julemelding med f\u00f8lgerne sine.\u00a0 STORT SAVN: TV-profilen har den siste tida v\u00e6rt aktuell&hellip;\n","protected":false},"author":2,"featured_media":120963,"comment_status":"","ping_status":"","sticky":false,"template":"","format":"standard","meta":{"footnotes":""},"categories":[12],"tags":[14391,20,21,576,24,25,15,2286,5593,12118,479,22,23,5881,13,30,28,29,14,16,26,27,42,43,44,45],"class_list":{"0":"post-120962","1":"post","2":"type-post","3":"status-publish","4":"format-standard","5":"has-post-thumbnail","7":"category-verden","8":"tag-anny-ostervold","9":"tag-breaking-news","10":"tag-breakingnews","11":"tag-dodsfall","12":"tag-featured-news","13":"tag-featurednews","14":"tag-headlines","15":"tag-jan-thomas","16":"tag-jul","17":"tag-juletradisjon","18":"tag-kjendis","19":"tag-latest-news","20":"tag-latestnews","21":"tag-mexico","22":"tag-news","23":"tag-no","24":"tag-norge","25":"tag-norway","26":"tag-nyheter","27":"tag-overskrifter","28":"tag-top-stories","29":"tag-topstories","30":"tag-verden","31":"tag-world","32":"tag-world-news","33":"tag-worldnews"},"share_on_mastodon":{"url":"https:\/\/pubeurope.com\/@no\/115774037133825156","error":""},"_links":{"self":[{"href":"https:\/\/www.europesays.com\/no\/wp-json\/wp\/v2\/posts\/120962","targetHints":{"allow":["GET"]}}],"collection":[{"href":"https:\/\/www.europesays.com\/no\/wp-json\/wp\/v2\/posts"}],"about":[{"href":"https:\/\/www.europesays.com\/no\/wp-json\/wp\/v2\/types\/post"}],"author":[{"embeddable":true,"href":"https:\/\/www.europesays.com\/no\/wp-json\/wp\/v2\/users\/2"}],"replies":[{"embeddable":true,"href":"https:\/\/www.europesays.com\/no\/wp-json\/wp\/v2\/comments?post=120962"}],"version-history":[{"count":0,"href":"https:\/\/www.europesays.com\/no\/wp-json\/wp\/v2\/posts\/120962\/revisions"}],"wp:featuredmedia":[{"embeddable":true,"href":"https:\/\/www.europesays.com\/no\/wp-json\/wp\/v2\/media\/120963"}],"wp:attachment":[{"href":"https:\/\/www.europesays.com\/no\/wp-json\/wp\/v2\/media?parent=120962"}],"wp:term":[{"taxonomy":"category","embeddable":true,"href":"https:\/\/www.europesays.com\/no\/wp-json\/wp\/v2\/categories?post=120962"},{"taxonomy":"post_tag","embeddable":true,"href":"https:\/\/www.europesays.com\/no\/wp-json\/wp\/v2\/tags?post=120962"}],"curies":[{"name":"wp","href":"https:\/\/api.w.org\/{rel}","templated":true}]}}