{"id":120964,"date":"2025-12-24T10:20:20","date_gmt":"2025-12-24T10:20:20","guid":{"rendered":"https:\/\/www.europesays.com\/no\/120964\/"},"modified":"2025-12-24T10:20:20","modified_gmt":"2025-12-24T10:20:20","slug":"linn-skaber-om-ensomhet-og-tap-i-nrk-serien-a-laget","status":"publish","type":"post","link":"https:\/\/www.europesays.com\/no\/120964\/","title":{"rendered":"Linn Sk\u00e5ber om ensomhet og tap i NRK-serien \u00abA-laget\u00bb"},"content":{"rendered":"<p>Gjennom h\u00f8sten har flere store kjendiser v\u00e6rt \u00e5 se i\u00a0<a href=\"https:\/\/www.dagbladet.no\/kjendis\/angrer-bittert\/82494140\" rel=\"nofollow noopener\" target=\"_blank\">NRK-suksessen \u00abA-laget\u00bb<\/a>, blant andre Erling Braut Haaland (25) og Atle Antonsen (56).<\/p>\n<p> I serien m\u00f8ter vi et knippe reportere med ulike funksjonsvariasjoner, som ikke er redde for \u00e5 stille \u00e6rlige og litt uvanlige sp\u00f8rsm\u00e5l til kjente norske fjes. <\/p>\n<p>    <a itemprop=\"url\" href=\"https:\/\/www.dagbladet.no\/kjendis\/kamelen-frikjennes\/84020719\" rel=\"nofollow noopener\" target=\"_blank\"><\/p>\n<p>        <img loading=\"lazy\" decoding=\"async\" src=\"https:\/\/www.europesays.com\/no\/wp-content\/uploads\/2025\/12\/84020595.webp\" width=\"980\" height=\"441\" title=\"Kamelen frikjennes\" alt=\"\" class=\"lazyload\" style=\"--aspect-ratio-image: 2.22; \"\/><\/p>\n<p>        Kamelen frikjennes<\/p>\n<p>    <\/a><\/p>\n<p> I den nyeste episoden er det skuespiller og komiker Linn Sk\u00e5ber (55) som skal ut i ilden, og det tar ikke lang tid f\u00f8r den blide 55-\u00e5ringen blir m\u00f8tt med sp\u00f8rsm\u00e5l om ensomhet, s\u00e5rbarhet og livets mer alvorlige sider. <\/p>\n<p>        <img loading=\"lazy\" decoding=\"async\" src=\"https:\/\/www.europesays.com\/no\/wp-content\/uploads\/2025\/12\/84023028.webp\" width=\"667\" height=\"374\" title=\"VANSKELIGE TEMA: Linn Sk\u00e5ber svarer p\u00e5 sp\u00f8rsm\u00e5l om ensomhet, kj\u00e6rlighet og hvordan det var \u00e5 miste s\u00e5 mange kj\u00e6re. Foto: Monster \/ NRK\" alt=\"\" class=\"\" style=\"--aspect-ratio-image: 1.78; filter: saturate(1.05);\"\/><\/p>\n<p>\n        VANSKELIGE TEMA: Linn Sk\u00e5ber svarer p\u00e5 sp\u00f8rsm\u00e5l om ensomhet, kj\u00e6rlighet og hvordan det var \u00e5 miste s\u00e5 mange kj\u00e6re. Foto: Monster \/ NRK\n    <\/p>\n<p>Ensomhet\t<\/p>\n<p>N\u00e5r hun blir spurt om r\u00e5d om hvordan man kan takle ensomhet, svarer hun utfyllende:\u00a0<\/p>\n<p>\u00a0&#8211; Jeg tror vi m\u00e5 omdefinere hva ensomhet er. Man sier ofte \u00abjeg er ensom\u00bb, og det er en ganske stor b\u00f8r \u00e5 b\u00e6re. Men hvis vi snur litt p\u00e5 det og heller sier \u00abjeg har ensomhet i dag\u00bb, kan det bli noe vi bytter litt p\u00e5. Jeg f\u00f8ler meg ogs\u00e5 ensom. Vi er alle ensomme, og vi kommer til verden alene. Da kan man si: \u00abKan du b\u00e6re min ensomhet litt i dag, s\u00e5 b\u00e6rer jeg din en annen dag\u00bb. Det har jeg lyst til \u00e5 anbefale, sier hun i episoden.<\/p>\n<p>        <img loading=\"lazy\" decoding=\"async\" src=\"https:\/\/www.europesays.com\/no\/wp-content\/uploads\/2025\/12\/84023086.webp\" width=\"667\" height=\"467\" title=\"\u00c6RESPRIS: Linn Sk\u00e5ber vant Wenche Foss' \u00c6respris for 2022, sammen med organisasjonen Skeiv Ungdom, for sitt sterke engasjement og livsglede som speiler Wenche Foss' verdier. Foto: Espen Solli\" alt=\"\" class=\"\" style=\"--aspect-ratio-image: 1.43; \"\/><\/p>\n<p>\n        \u00c6RESPRIS: Linn Sk\u00e5ber vant Wenche Foss&#8217; \u00c6respris for 2022, sammen med organisasjonen Skeiv Ungdom, for sitt sterke engasjement og livsglede som speiler Wenche Foss&#8217; verdier. Foto: Espen Solli\n    <\/p>\n<p>&#8211; F\u00f8les litt bortskjemt\t<\/p>\n<p> I forlengelsen av dette f\u00e5r hun ogs\u00e5 sp\u00f8rsm\u00e5l om forhold og kj\u00e6rlighet. Da understreker hun at en kj\u00e6reste ikke er en forutsetning for et godt liv, men heller en bonus.\u00a0<\/p>\n<p>        OVERRASKER: Norges rikeste, Gustav Witz\u00f8e, gjester \u00abA-laget\u00bb, og overrasker reporterne med en intim sp\u00f8k. Video: NRK TV\/ R\u00f8d L\u00f8per<\/p>\n<p>&#8211; Jeg tenker at hvis man blir totalt avhengig av et \u00f8nske, som det \u00e5 ha en kj\u00e6reste, kan det fort f\u00f8les litt bortskjemt. Det finnes mange steder i verden der folk ikke vet om de f\u00e5r mat, eller om de kan g\u00e5 trygt til skolen. Da f\u00f8les det rart at jeg skal g\u00e5 rundt og v\u00e6re lei meg fordi jeg ikke har kj\u00e6reste. Jeg h\u00e5per heller at det skjer, sier hun smilende. <\/p>\n<p>        <img loading=\"lazy\" decoding=\"async\" src=\"https:\/\/www.europesays.com\/no\/wp-content\/uploads\/2025\/12\/84023104.webp\" width=\"667\" height=\"487\" title=\"POSITIV: I episoden av \u00abA-laget\u00bb \u00e5pner Linn Sk\u00e5ber seg om sorgen etter faren, tanten og moren, samtidig som hun forteller hvordan hun klarer \u00e5 bevare en positiv innstilling.&#10;Foto: Espen Solli\" alt=\"\" class=\"\" style=\"--aspect-ratio-image: 1.37; \"\/><\/p>\n<p>\n        POSITIV: I episoden av \u00abA-laget\u00bb \u00e5pner Linn Sk\u00e5ber seg om sorgen etter faren, tanten og moren, samtidig som hun forteller hvordan hun klarer \u00e5 bevare en positiv innstilling.<br \/>\nFoto: Espen Solli\n    <\/p>\n<p>Mistet familien\u00a0\t<\/p>\n<p> For litt over \u00e5tte \u00e5r siden gikk <a href=\"https:\/\/www.dagbladet.no\/kultur\/linn-skaber-mistet-tre-av-sine-naermeste-pa-kort-tid\/66587023\" rel=\"nofollow noopener\" target=\"_blank\">Sk\u00e5bers far, Willy (75), bort til kreft<\/a>. \u00c5ret etter mistet skuespilleren tanta og moras tvillings\u00f8ster Astrid Skarheim (69), en person som sto henne sv\u00e6rt n\u00e6r, og som Sk\u00e5ber omtalte som sin reservemamma. I mars 2016 gikk mora Ragnhild (72) bort. <\/p>\n<p>    <a itemprop=\"url\" href=\"https:\/\/www.dagbladet.no\/kjendis\/feirer-jul-alene\/83966692\" rel=\"nofollow noopener\" target=\"_blank\"><\/p>\n<p>        <img loading=\"lazy\" decoding=\"async\" src=\"https:\/\/www.europesays.com\/no\/wp-content\/uploads\/2025\/12\/83966697.webp\" width=\"980\" height=\"441\" title=\"Feirer jul alene\" alt=\"\" class=\"lazyload\" style=\"--aspect-ratio-image: 2.22; \"\/><\/p>\n<p>        Feirer jul alene<\/p>\n<p>    <\/a><\/p>\n<p> Dette f\u00e5r hun ogs\u00e5 sp\u00f8rsm\u00e5l om av reporterne i \u00abA-laget\u00bb. <\/p>\n<p>&#8211; Det var jo det jeg hadde gruet meg til hele livet som skjedde, og veldig p\u00e5 likt. Det var en s\u00e5 absurd situasjon at alle var borte. N\u00e5r noe s\u00e5nt skjer, er det s\u00e5 rart \u00e5 v\u00e6re alene igjen at man gjerne takler andre absurde ting litt bedre.\u00a0<\/p>\n<p>        <img loading=\"lazy\" decoding=\"async\" src=\"https:\/\/www.europesays.com\/no\/wp-content\/uploads\/2025\/12\/84023123.webp\" width=\"667\" height=\"447\" title=\"AKTUELL: Linn Sk\u00e5ber er for tiden aktuell i serien \u00abEtter Benjamin\u00bb, hvor hun spiller moren til avd\u00f8de Benjamin Hermansen. Her er hun avbildet sammen med hovedrolleinnehaver Emil Stenseth.&#10;Foto: Jonas F\u00e6ste Laksekj\u00f8n \/ NTB\" alt=\"\" class=\"\" style=\"--aspect-ratio-image: 1.49; \"\/><\/p>\n<p>\n        AKTUELL: Linn Sk\u00e5ber er for tiden aktuell i serien \u00abEtter Benjamin\u00bb, hvor hun spiller moren til avd\u00f8de Benjamin Hermansen. Her er hun avbildet sammen med hovedrolleinnehaver Emil Stenseth.<br \/>\nFoto: Jonas F\u00e6ste Laksekj\u00f8n \/ NTB\n    <\/p>\n<p>Hun fortsetter:\u00a0<\/p>\n<p>\u00a0&#8211; Man tenker \u00abingenting er trygt\u00bb, derfor m\u00e5 jeg nyte det trygge mens det er her. S\u00e5 kanskje l\u00e6rte jeg litt av \u00e5 t\u00f8rre \u00e5 v\u00e6re alene i verden, som egentlig alle er, avslutter hun.\u00a0<\/p>\n","protected":false},"excerpt":{"rendered":"Gjennom h\u00f8sten har flere store kjendiser v\u00e6rt \u00e5 se i\u00a0NRK-suksessen \u00abA-laget\u00bb, blant andre Erling Braut Haaland (25) og&hellip;\n","protected":false},"author":2,"featured_media":120965,"comment_status":"","ping_status":"","sticky":false,"template":"","format":"standard","meta":{"footnotes":""},"categories":[5],"tags":[5368,20,21,24,25,15,19,479,22,23,3133,17,18,13,30,28,29,14,16,26,27],"class_list":{"0":"post-120964","1":"post","2":"type-post","3":"status-publish","4":"format-standard","5":"has-post-thumbnail","7":"category-overskrifter","8":"tag-a-laget","9":"tag-breaking-news","10":"tag-breakingnews","11":"tag-featured-news","12":"tag-featurednews","13":"tag-headlines","14":"tag-hovedoppslag","15":"tag-kjendis","16":"tag-latest-news","17":"tag-latestnews","18":"tag-linn-skaber","19":"tag-main-news","20":"tag-mainnews","21":"tag-news","22":"tag-no","23":"tag-norge","24":"tag-norway","25":"tag-nyheter","26":"tag-overskrifter","27":"tag-top-stories","28":"tag-topstories"},"share_on_mastodon":{"url":"https:\/\/pubeurope.com\/@no\/115774044928675523","error":""},"_links":{"self":[{"href":"https:\/\/www.europesays.com\/no\/wp-json\/wp\/v2\/posts\/120964","targetHints":{"allow":["GET"]}}],"collection":[{"href":"https:\/\/www.europesays.com\/no\/wp-json\/wp\/v2\/posts"}],"about":[{"href":"https:\/\/www.europesays.com\/no\/wp-json\/wp\/v2\/types\/post"}],"author":[{"embeddable":true,"href":"https:\/\/www.europesays.com\/no\/wp-json\/wp\/v2\/users\/2"}],"replies":[{"embeddable":true,"href":"https:\/\/www.europesays.com\/no\/wp-json\/wp\/v2\/comments?post=120964"}],"version-history":[{"count":0,"href":"https:\/\/www.europesays.com\/no\/wp-json\/wp\/v2\/posts\/120964\/revisions"}],"wp:featuredmedia":[{"embeddable":true,"href":"https:\/\/www.europesays.com\/no\/wp-json\/wp\/v2\/media\/120965"}],"wp:attachment":[{"href":"https:\/\/www.europesays.com\/no\/wp-json\/wp\/v2\/media?parent=120964"}],"wp:term":[{"taxonomy":"category","embeddable":true,"href":"https:\/\/www.europesays.com\/no\/wp-json\/wp\/v2\/categories?post=120964"},{"taxonomy":"post_tag","embeddable":true,"href":"https:\/\/www.europesays.com\/no\/wp-json\/wp\/v2\/tags?post=120964"}],"curies":[{"name":"wp","href":"https:\/\/api.w.org\/{rel}","templated":true}]}}