{"id":120966,"date":"2025-12-24T10:21:18","date_gmt":"2025-12-24T10:21:18","guid":{"rendered":"https:\/\/www.europesays.com\/no\/120966\/"},"modified":"2025-12-24T10:21:18","modified_gmt":"2025-12-24T10:21:18","slug":"ny-mann-pa-vei-inn-i-akademiet","status":"publish","type":"post","link":"https:\/\/www.europesays.com\/no\/120966\/","title":{"rendered":"Ny mann p\u00e5 vei inn i akademiet"},"content":{"rendered":"<p>        Manchester United\n    <\/p>\n<p class=\"kicker font-weight-bold m-font-weight-bold tertiary color_mobile_tertiary\" style=\"\">NOTISER:<\/p>\n<p>LES OGS\u00c5: <a href=\"https:\/\/www.united.no\/nyheter\/vant-apningskampen-i-afrikamesterskapet\/1408714\" rel=\"nofollow noopener\" target=\"_blank\">Forrige ukes notiser<\/a><\/p>\n<p>Onsdag 24. desember\u2013 Ny rekrutteringssjef for akademiet p\u00e5 vei<\/p>\n<p>Daily Mail skriver at United er i ferd med \u00e5 hente inn Newcastles Paul Midgley som sjef for akademi-rekrutteringen. Rollen har st\u00e5tt ubesatt etter at\u00a0Luke Fedorenko nylig ga seg for \u00e5 i stedet skulle jobbe for et agentselskap.\u00a0<\/p>\n<p>Midgley har hatt dette ansvaret i Newcastle i tre \u00e5r allerede, etter tidligere \u00e5 ha jobbet for b\u00e5de City, Leeds og Sunderland. Han har tidligere jobbet med b\u00e5de Jason Wilcox og akademisjef Stephen Torpey.<\/p>\n<p>If\u00f8lge Newcastle-kilder er det imidlertid fortsatt uavklart om Midgley g\u00e5r til United, og det kan v\u00e6re at klubben vil fors\u00f8ke \u00e5 stikke kjepper i hjulene for United (ogs\u00e5) her, slik de gjorde da United hentet Dan Ashworth for cirka to \u00e5r siden.<\/p>\n<p>Mandag 22. desemberTo klubber bytter trener i WSL<\/p>\n<p>To London-klubber i WSL har kvittet seg med trenerne sine i l\u00f8pet av de siste dagene.\u00a0<\/p>\n<p>West Ham kvittet seg med Rehanne Skinner, og har n\u00e5 ansatt Rita Guarino som klubbens nye hovedtrener.<\/p>\n<p>Den tidligere italienske spissen, med 99 kamper for det italienske landslaget, har trent Juventus og Inter, i tillegg til det italienske U17-landslaget.<\/p>\n<p>I tillegg til West Ham har ogs\u00e5 London City bestemt seg for \u00e5 gj\u00f8re et trenerbytte.\u00a0<\/p>\n<p>Jocelyn Pr\u00eacheur fikk sparken fra den ambisi\u00f8se klubben, og if\u00f8lge <a href=\"https:\/\/www.bbc.com\/sport\/football\/articles\/cdrnvg0z13po\" target=\"_blank\" rel=\"nofollow noopener\">BBC<\/a> kommer de til \u00e5 ansette den tidligere Tenerife-treneren Eder Maestre (39) som ny sjef.<\/p>\n<p>Robins fyller \u00e5r<\/p>\n<p>P\u00e5 denne dag i 1969 ble Mark Robins f\u00f8dt i Ashton-under-Lyne i Manchester, og den tidligere United-spissen fyller alts\u00e5 56 \u00e5r i dag. Gratulerer med dagen!<\/p>\n<p>Robins er mest kjent for \u00e5 ha scoret m\u00e5let som if\u00f8lge myten reddet Alex Fergusons jobb i 1990, da han avgjorde FA-cupkampen borte mot Nottingham Forest i tredje runde. Mange av de involverte akt\u00f8rene har senere avvist at Ferguson ville f\u00e5tt sparken om ikke Robins avgjorde den kampen, men Robins navn huskes uansett mest p\u00e5 grunn av akkurat den scoringen.<\/p>\n<p>Han spilte totalt 70 kamper for klubben, og scoret 17 m\u00e5l.<\/p>\n<p>Etter mange \u00e5rs imponerende jobb i Coventry City, er han n\u00e5 manager i Stoke City. De ligger p\u00e5 en 8. plass i Championship.\u00a0<\/p>\n<p>                <img decoding=\"async\" src=\"https:\/\/www.europesays.com\/no\/wp-content\/uploads\/2025\/12\/1370616.webp\" width=\"480\" height=\"274\" title=\"Mark Robins.\" alt=\"Stoke-manager Mark Robins, 3. mai 2025.\" loading=\"lazy\" style=\"\"\/><\/p>\n<p>\n            Mark Robins.<br \/>\n            Cameron Smith\n        <\/p>\n","protected":false},"excerpt":{"rendered":"Manchester United NOTISER: LES OGS\u00c5: Forrige ukes notiser Onsdag 24. desember\u2013 Ny rekrutteringssjef for akademiet p\u00e5 vei Daily&hellip;\n","protected":false},"author":2,"featured_media":120967,"comment_status":"","ping_status":"","sticky":false,"template":"","format":"standard","meta":{"footnotes":""},"categories":[59],"tags":[30,28,29,83,82],"class_list":{"0":"post-120966","1":"post","2":"type-post","3":"status-publish","4":"format-standard","5":"has-post-thumbnail","7":"category-sport","8":"tag-no","9":"tag-norge","10":"tag-norway","11":"tag-sport","12":"tag-sports"},"share_on_mastodon":{"url":"https:\/\/pubeurope.com\/@no\/115774048375565572","error":""},"_links":{"self":[{"href":"https:\/\/www.europesays.com\/no\/wp-json\/wp\/v2\/posts\/120966","targetHints":{"allow":["GET"]}}],"collection":[{"href":"https:\/\/www.europesays.com\/no\/wp-json\/wp\/v2\/posts"}],"about":[{"href":"https:\/\/www.europesays.com\/no\/wp-json\/wp\/v2\/types\/post"}],"author":[{"embeddable":true,"href":"https:\/\/www.europesays.com\/no\/wp-json\/wp\/v2\/users\/2"}],"replies":[{"embeddable":true,"href":"https:\/\/www.europesays.com\/no\/wp-json\/wp\/v2\/comments?post=120966"}],"version-history":[{"count":0,"href":"https:\/\/www.europesays.com\/no\/wp-json\/wp\/v2\/posts\/120966\/revisions"}],"wp:featuredmedia":[{"embeddable":true,"href":"https:\/\/www.europesays.com\/no\/wp-json\/wp\/v2\/media\/120967"}],"wp:attachment":[{"href":"https:\/\/www.europesays.com\/no\/wp-json\/wp\/v2\/media?parent=120966"}],"wp:term":[{"taxonomy":"category","embeddable":true,"href":"https:\/\/www.europesays.com\/no\/wp-json\/wp\/v2\/categories?post=120966"},{"taxonomy":"post_tag","embeddable":true,"href":"https:\/\/www.europesays.com\/no\/wp-json\/wp\/v2\/tags?post=120966"}],"curies":[{"name":"wp","href":"https:\/\/api.w.org\/{rel}","templated":true}]}}