{"id":120986,"date":"2025-12-24T10:48:13","date_gmt":"2025-12-24T10:48:13","guid":{"rendered":"https:\/\/www.europesays.com\/no\/120986\/"},"modified":"2025-12-24T10:48:13","modified_gmt":"2025-12-24T10:48:13","slug":"jorgen-strand-larsen-ble-buet-av-sine-egne","status":"publish","type":"post","link":"https:\/\/www.europesays.com\/no\/120986\/","title":{"rendered":"J\u00f8rgen Strand Larsen ble buet av sine egne"},"content":{"rendered":"<p>Tilv\u00e6relsen er blytung i Premier League-klubben Wolverhampton.<\/p>\n<p>Det merker ogs\u00e5 de norske landslagsspillerne David M\u00f8ller Wolfe og J\u00f8rgen Strand Larsen.<\/p>\n<p>I forrige ligarunde gikk klubben p\u00e5 nok et tap med 0-2 hjemme mot Brentford. Da fikk de\u00a0oransje tydelig beskjed fra egne supportere.\u00a0<\/p>\n<p>Over 20.000 Wolves-fans lot misn\u00f8yen f\u00e5 fritt spillerom etter sesongens 15. tap var et faktum.<\/p>\n<p>For Strand Larsen ble det ekstra tungt. Den norske spissen misbrukte et straffespark og ble m\u00f8tt av kraftig pipekonsert fra tribunene.<\/p>\n<p class=\"bold m-bold\" data-lab-font_weight=\"bold\">\u2013 Det er vanskelig for ham, sier manager Rob Edwards p\u00e5 en pressekonferanse.<\/p>\n<p>        <img class=\"image__img lazyload\" itemprop=\"image\" title=\"Foto: Nick Potts \/ Pa Photos \/ NTB\" alt=\"LANDSLAGSDUO: David M\u00f8ller Wolfe og J\u00f8rgen Strand Larsen har ikke f\u00e5tt det til \u00e5 stemme denne sesongen. Foto: Nick Potts \/ Pa Photos \/ NTB\" width=\"675\" height=\"419\" bad-src=\"https:\/\/www.europesays.com\/no\/wp-content\/uploads\/2025\/12\/18410510.webp\" fetchpriority=\"auto\" \/><\/p>\n<p>      LANDSLAGSDUO: David M\u00f8ller Wolfe og J\u00f8rgen Strand Larsen har ikke f\u00e5tt det til \u00e5 stemme denne sesongen.<br \/>\n         Foto: Nick Potts \/ Pa Photos \/ NTB<\/p>\n<p>Skrekkstart<\/p>\n<p>Tallene gir liten grunn til optimisme.<\/p>\n<p>Wolverhampton ligger helt sist p\u00e5 Premier League-tabellen, 17 poeng bak trygg plass.\u00a0<\/p>\n<p>      <img class=\"image__img lazyload\" itemprop=\"image\" title=\"Foto: Nick Potts \/ Pa Photos \/ NTB\" alt=\"T\u00d8FFE TIDER: J\u00f8rgen Strand Larsen og trener Rob Edwards har ikke kunnet juble mye sammen p\u00e5 fotballbanen. Foto: Nick Potts \/ Pa Photos \/ NTB\" width=\"978\" height=\"705\" bad-src=\"https:\/\/www.europesays.com\/no\/wp-content\/uploads\/2025\/12\/18405326.webp\" fetchpriority=\"auto\" \/><\/p>\n<p>      T\u00d8FFE TIDER: J\u00f8rgen Strand Larsen og trener Rob Edwards har ikke kunnet juble mye sammen p\u00e5 fotballbanen.<br \/>\n         Foto: Nick Potts \/ Pa Photos \/ NTB<\/p>\n<p>      <img class=\"image__img lazyload\" itemprop=\"image\" title=\"Foto: Nick Potts \/ Pa Photos \/ NTB\" alt=\"SKUFFET: J\u00f8rgen Strand Larsen. Foto: Nick Potts \/ Pa Photos \/ NTB\" width=\"978\" height=\"616\" bad-src=\"https:\/\/www.europesays.com\/no\/wp-content\/uploads\/2025\/12\/18410504.webp\" fetchpriority=\"auto\" \/><\/p>\n<p>      SKUFFET: J\u00f8rgen Strand Larsen.<br \/>\n         Foto: Nick Potts \/ Pa Photos \/ NTB<\/p>\n<p>Med bare to poeng etter 17 kamper har klubben tangert den verste sesongstarten uten seier i engelsk toppfotball, if\u00f8lge <a href=\"https:\/\/theanalyst.com\/articles\/wolves-17-games-without-a-win-equals-premier-league-record\" rel=\"nofollow noopener\" target=\"_blank\">Opta<\/a>.<\/p>\n<p>Den dystre rekorden deles med Newport County fra 1970\/71-sesongen i fjerde divisjon og Sheffield Uniteds 2020\/21-sesong i Premier League \u2013 som endte med nedrykk.<\/p>\n<p>Ogs\u00e5 Strand Larsens m\u00e5lt\u00f8rke bidrar til problemene.\u00a0<\/p>\n<p>P\u00e5 15 kamper har 25-\u00e5ringen kun scoret \u00e9n gang. Forrige sesong noterte den tidligere Sarpsborg-spissen seg for 15 m\u00e5l.<\/p>\n<p>\u2013 Et par i st\u00f8tteapparatet har snakket med ham. Han m\u00e5 jobbe seg gjennom dette, sier Edwards.<\/p>\n<p>F\u00f8lges av flere klubber<\/p>\n<p>Til tross for Wolves\u2019 svake sesong er Strand Larsen fortsatt attraktiv p\u00e5 overgangsmarkedet.<\/p>\n<p>\u2013 Han jobber hardt og har en god holdning, forsikrer manageren.<\/p>\n<p>If\u00f8lge <a href=\"https:\/\/www.nytimes.com\/athletic\/6908390\/2025\/12\/21\/west-ham-jorgen-strand-larsen-transfer-wolves\/\" rel=\"nofollow noopener\" target=\"_blank\">The Athletic<\/a> f\u00f8lger West Ham \u2013 og flere andre Premier League-klubber \u2013 situasjonen rundt haldenseren tett.<\/p>\n<p>Samtidig melder <a href=\"https:\/\/www.skysports.com\/football\/live-blog\/11095\/12476234\/transfer-centre-live-football-transfer-news-updates-and-rumours\" rel=\"nofollow noopener\" target=\"_blank\">Sky Sports<\/a> at West Hams tyske spiss Niclas F\u00fcllkrug er i Milano for \u00e5 fullf\u00f8re en overgang til AC Milan. Det kan \u00e5pne for en ledig spissplass i London-klubben.<\/p>\n<p>Likevel avdramatiserer Edwards overgangsspekulasjonene.<\/p>\n<p>\u2013 Jeg er ikke bekymret. Vi tar hver situasjon i januar individuelt. Noen spillere vil v\u00e6re interessante, selv i den posisjonen vi er i, sier Wolves-manageren.<\/p>\n<p>\u2013 Mitt fokus er \u00e5 f\u00e5 det beste ut av spillerne vi har, og l\u00f8fte dem som trenger det mest.<\/p>\n","protected":false},"excerpt":{"rendered":"Tilv\u00e6relsen er blytung i Premier League-klubben Wolverhampton. Det merker ogs\u00e5 de norske landslagsspillerne David M\u00f8ller Wolfe og J\u00f8rgen&hellip;\n","protected":false},"author":2,"featured_media":120987,"comment_status":"","ping_status":"","sticky":false,"template":"","format":"standard","meta":{"footnotes":""},"categories":[59],"tags":[30,28,29,83,82],"class_list":{"0":"post-120986","1":"post","2":"type-post","3":"status-publish","4":"format-standard","5":"has-post-thumbnail","7":"category-sport","8":"tag-no","9":"tag-norge","10":"tag-norway","11":"tag-sport","12":"tag-sports"},"share_on_mastodon":{"url":"https:\/\/pubeurope.com\/@no\/115774154483926334","error":""},"_links":{"self":[{"href":"https:\/\/www.europesays.com\/no\/wp-json\/wp\/v2\/posts\/120986","targetHints":{"allow":["GET"]}}],"collection":[{"href":"https:\/\/www.europesays.com\/no\/wp-json\/wp\/v2\/posts"}],"about":[{"href":"https:\/\/www.europesays.com\/no\/wp-json\/wp\/v2\/types\/post"}],"author":[{"embeddable":true,"href":"https:\/\/www.europesays.com\/no\/wp-json\/wp\/v2\/users\/2"}],"replies":[{"embeddable":true,"href":"https:\/\/www.europesays.com\/no\/wp-json\/wp\/v2\/comments?post=120986"}],"version-history":[{"count":0,"href":"https:\/\/www.europesays.com\/no\/wp-json\/wp\/v2\/posts\/120986\/revisions"}],"wp:featuredmedia":[{"embeddable":true,"href":"https:\/\/www.europesays.com\/no\/wp-json\/wp\/v2\/media\/120987"}],"wp:attachment":[{"href":"https:\/\/www.europesays.com\/no\/wp-json\/wp\/v2\/media?parent=120986"}],"wp:term":[{"taxonomy":"category","embeddable":true,"href":"https:\/\/www.europesays.com\/no\/wp-json\/wp\/v2\/categories?post=120986"},{"taxonomy":"post_tag","embeddable":true,"href":"https:\/\/www.europesays.com\/no\/wp-json\/wp\/v2\/tags?post=120986"}],"curies":[{"name":"wp","href":"https:\/\/api.w.org\/{rel}","templated":true}]}}