{"id":121018,"date":"2025-12-24T11:52:11","date_gmt":"2025-12-24T11:52:11","guid":{"rendered":"https:\/\/www.europesays.com\/no\/121018\/"},"modified":"2025-12-24T11:52:11","modified_gmt":"2025-12-24T11:52:11","slug":"soldater-fra-nord-korea-vil-til-nabolandet-i-sor","status":"publish","type":"post","link":"https:\/\/www.europesays.com\/no\/121018\/","title":{"rendered":"Soldater fra Nord-Korea vil til nabolandet i s\u00f8r"},"content":{"rendered":"<p class=\"kicker t15 font-weight-bold m-font-weight-bold color_mobile_no_bg_color quaternary color_mobile_quaternary font-Trim text-case-transform-upper mobile-hasTextPadding\" style=\"\">Nyheter<\/p>\n<p>    Nordkoreanske krigsfanger i Ukraina dr\u00f8mmer om et nytt liv i s\u00f8r.<\/p>\n<p>\n        NORD-KOREA: Leder Kim jong Un har sendt soldater til krigen i Ukraina.<br \/>\n        Foto: Korean Central News Agency\/Korea News Service, AP, NTB\n    <\/p>\n<p>To nordkoreanere som holdes som krigsfanger i Ukraina, skriver i et brev AFP har sett at de \u00f8nsker \u00e5 starte et nytt liv i S\u00f8r-Korea.<\/p>\n<p>\u2013 Takket v\u00e6re st\u00f8tten fra det s\u00f8rkoreanske folket, har nye dr\u00f8mmer og \u00f8nsker begynt \u00e5 sl\u00e5 rot, skriver de to soldatene i et brev til en rettighetsgruppe i S\u00f8r-Koreas hovedstad Seoul. Gruppen har delt brevet, som er datert i oktober, med nyhetsbyr\u00e5et AFP.<\/p>\n<p>If\u00f8lge etterretningstjenestene i S\u00f8r-Korea og flere vestlige land har Nord-Korea sendt tusenvis av soldater til \u00e5 st\u00f8tte Russlands krigf\u00f8ring i Ukraina. S\u00f8r-Korea ansl\u00e5r at minst 600 av soldatene er drept og at flere tusen er s\u00e5ret.<\/p>\n<p>\u2013 Vi er aldri alene<\/p>\n<p>Det har tidligere kommet meldinger om antyder at de to soldatene, som har v\u00e6rt i ukrainsk fangenskap siden januar, \u00f8nsket \u00e5 hoppe av til S\u00f8r-Korea. Brevet som n\u00e5 er blitt kjent, er imidlertid f\u00f8rste gang de har uttrykt dette \u00f8nsket med egne ord.<\/p>\n<p>I brevet takker de dem som jobber p\u00e5 deres vegne \u00abfor \u00e5 oppmuntre oss og for \u00e5 se at denne situasjonen ikke er en tragedie, men starten p\u00e5 et nytt liv\u00bb.<\/p>\n<p>\u2013 Vi tror fullt og fast at vi aldri er alene, og vi tenker p\u00e5 dem i S\u00f8r-Korea som v\u00e5re egne foreldre og s\u00f8sken og har bestemt oss for \u00e5 gi inn i deres favn, skriver de videre.<\/p>\n<p>Regnes som s\u00f8rkoreanske borgere<\/p>\n<p>De to soldatene har signert brevet, men av hensyn til sikkerheten deres er AFP blitt bedt om \u00e5 ikke bruke soldatenes navn.<\/p>\n<p>I henhold til S\u00f8r-Koreas grunnlov er alle koreanere \u2013 ogs\u00e5 de i nord \u2013 borgere av landet. Myndighetene har sagt at dette ogs\u00e5 gjelder soldater som tas til fange i Ukraina.\u00a0<\/p>\n<p>S\u00f8r-Korea har bedt Ukraina om ikke \u00e5 tvangsreturnere nordkoreanske krigsfanger, men respektere \u00f8nsket om \u00e5 reise til S\u00f8r-Korea.<\/p>\n","protected":false},"excerpt":{"rendered":"Nyheter Nordkoreanske krigsfanger i Ukraina dr\u00f8mmer om et nytt liv i s\u00f8r. NORD-KOREA: Leder Kim jong Un har&hellip;\n","protected":false},"author":2,"featured_media":121019,"comment_status":"","ping_status":"","sticky":false,"template":"","format":"standard","meta":{"footnotes":""},"categories":[12],"tags":[20,21,24,25,15,22,23,13,30,28,29,14,16,26,27,42,43,44,45],"class_list":{"0":"post-121018","1":"post","2":"type-post","3":"status-publish","4":"format-standard","5":"has-post-thumbnail","7":"category-verden","8":"tag-breaking-news","9":"tag-breakingnews","10":"tag-featured-news","11":"tag-featurednews","12":"tag-headlines","13":"tag-latest-news","14":"tag-latestnews","15":"tag-news","16":"tag-no","17":"tag-norge","18":"tag-norway","19":"tag-nyheter","20":"tag-overskrifter","21":"tag-top-stories","22":"tag-topstories","23":"tag-verden","24":"tag-world","25":"tag-world-news","26":"tag-worldnews"},"share_on_mastodon":{"url":"https:\/\/pubeurope.com\/@no\/115774406283889857","error":""},"_links":{"self":[{"href":"https:\/\/www.europesays.com\/no\/wp-json\/wp\/v2\/posts\/121018","targetHints":{"allow":["GET"]}}],"collection":[{"href":"https:\/\/www.europesays.com\/no\/wp-json\/wp\/v2\/posts"}],"about":[{"href":"https:\/\/www.europesays.com\/no\/wp-json\/wp\/v2\/types\/post"}],"author":[{"embeddable":true,"href":"https:\/\/www.europesays.com\/no\/wp-json\/wp\/v2\/users\/2"}],"replies":[{"embeddable":true,"href":"https:\/\/www.europesays.com\/no\/wp-json\/wp\/v2\/comments?post=121018"}],"version-history":[{"count":0,"href":"https:\/\/www.europesays.com\/no\/wp-json\/wp\/v2\/posts\/121018\/revisions"}],"wp:featuredmedia":[{"embeddable":true,"href":"https:\/\/www.europesays.com\/no\/wp-json\/wp\/v2\/media\/121019"}],"wp:attachment":[{"href":"https:\/\/www.europesays.com\/no\/wp-json\/wp\/v2\/media?parent=121018"}],"wp:term":[{"taxonomy":"category","embeddable":true,"href":"https:\/\/www.europesays.com\/no\/wp-json\/wp\/v2\/categories?post=121018"},{"taxonomy":"post_tag","embeddable":true,"href":"https:\/\/www.europesays.com\/no\/wp-json\/wp\/v2\/tags?post=121018"}],"curies":[{"name":"wp","href":"https:\/\/api.w.org\/{rel}","templated":true}]}}