{"id":121022,"date":"2025-12-24T11:55:04","date_gmt":"2025-12-24T11:55:04","guid":{"rendered":"https:\/\/www.europesays.com\/no\/121022\/"},"modified":"2025-12-24T11:55:04","modified_gmt":"2025-12-24T11:55:04","slug":"bli-med-hjem-til-halvor-bakke-se-bildene-fra-innsiden","status":"publish","type":"post","link":"https:\/\/www.europesays.com\/no\/121022\/","title":{"rendered":"Bli med hjem til Halvor Bakke: Se bildene fra innsiden"},"content":{"rendered":"<p class=\"kicker \" style=\"\">Bli med hjem til interi\u00f8rkongens juleperle<\/p>\n<p>  I 15 \u00e5r har Halvor Bakke kunnet nyte deilig f\u00f8rjulstid p\u00e5 praktfulle Trae g\u00e5rd.<\/p>\n<p>\n    GUTTEN I GRUA: \u2013Jeg elsker \u00e5 fyre med ved, b\u00e5de inne og ute, sier Halvor i \u00e5penbar kosestemning. Foto: Marte Marie Forsberg \/ Cappelen Damm\n  <\/p>\n<p>Interi\u00f8rkongen <a href=\"https:\/\/www.seher.no\/kjendis\/ny-jobb\/83842274\" rel=\"nofollow noopener\" target=\"_blank\">Halvor Bakke<\/a> (55) elsker julen, og siden 2010 har han sammen med familie og venner kunnet nyte sn\u00f8fylte vinterdager p\u00e5 sm\u00e5bruket sitt utenfor Stavern. <\/p>\n<p>    <a itemprop=\"url\" href=\"https:\/\/www.seher.no\/kjendis\/man-blir-livredd\/83995136\" rel=\"nofollow noopener\" target=\"_blank\"><\/p>\n<p>        <img loading=\"lazy\" decoding=\"async\" src=\"https:\/\/www.europesays.com\/no\/wp-content\/uploads\/2025\/12\/1766577259_903_83995142.webp\" width=\"980\" height=\"441\" title=\"- Man blir livredd\" alt=\"\" class=\"lazyload\" style=\"--aspect-ratio-image: 2.22; \"\/><\/p>\n<p>        &#8211; Man blir livredd<\/p>\n<p>    <\/a><\/p>\n<p class=\"font-weight-bold m-font-weight-bold\" data-lab-font_weight=\"font-weight-bold\">&#8211; Med 200 reised\u00f8gn i \u00e5ret er jeg helt avhengig av \u00e5 ha et sted \u00e5 lande. Her p\u00e5 Trae kan jeg bare v\u00e6re Halvor, sier den ettertraktede interi\u00f8reksperten og programlederen \u2013 godt kjent fra TV-programmer som \u00abEventyrlig oppussing\u00bb.<\/p>\n<p>        <img loading=\"lazy\" decoding=\"async\" src=\"https:\/\/www.europesays.com\/no\/wp-content\/uploads\/2025\/12\/83995586.webp\" width=\"667\" height=\"454\" title=\"G\u00c5RDSPERLE: Praktfulle Trae g\u00e5rd utenfor Stavern ble bygget i 1840-\u00e5rene. Foto: Marte Marie Forsberg \/ Cappelen Damm\" alt=\"\" class=\"\" style=\"--aspect-ratio-image: 1.47; \"\/><\/p>\n<p>\n        G\u00c5RDSPERLE: Praktfulle Trae g\u00e5rd utenfor Stavern ble bygget i 1840-\u00e5rene. Foto: Marte Marie Forsberg \/ Cappelen Damm\n    <\/p>\n<p>Sammen med stylistvenninnen Berit Vildalen, som han har v\u00e6rt i kreativt kompaniskap i en \u00e5rrekke, har han gitt ut bilde- og inspirasjonsboken \u00abJul\u00bb.\u00a0<\/p>\n<p>Her viser de frem sine ulike julehjem i all sin prakt \u2013 ikke minst Trae, som har en helt spesiell plass i Halvors hjerte.<\/p>\n<p>        <img loading=\"lazy\" decoding=\"async\" src=\"https:\/\/www.europesays.com\/no\/wp-content\/uploads\/2025\/12\/83995599.webp\" width=\"667\" height=\"554\" title=\"FRA SN\u00d8 TIL SAND: Vedkubbene hjemme p\u00e5 Trae byttes ut med solkrem n\u00e5r de r\u00f8de juledagene n\u00e6rmer seg. Foto: Marte Marie Forsberg \/ Cappelen Damm\" alt=\"\" class=\"\" style=\"--aspect-ratio-image: 1.20; \"\/><\/p>\n<p>\n        FRA SN\u00d8 TIL SAND: Vedkubbene hjemme p\u00e5 Trae byttes ut med solkrem n\u00e5r de r\u00f8de juledagene n\u00e6rmer seg. Foto: Marte Marie Forsberg \/ Cappelen Damm\n    <\/p>\n<p>        <img loading=\"lazy\" decoding=\"async\" src=\"https:\/\/www.europesays.com\/no\/wp-content\/uploads\/2025\/12\/83995642.webp\" width=\"686\" height=\"1029\" title=\"KJ\u00d8R P\u00c5! \u2013 Overless juletreet med pynt! r\u00e5der interi\u00f8rkongen. Men hjemme hos ham f\u00e5r det bare st\u00e5 fra lille julaften til f\u00f8rste nytt\u00e5rsdag. Etter det skal det ut! Foto: Marte Marie Forsberg \/ Cappelen Damm\" alt=\"\" class=\"\" style=\"--aspect-ratio-image: 0.67; \"\/><\/p>\n<p>\n        KJ\u00d8R P\u00c5! \u2013 Overless juletreet med pynt! r\u00e5der interi\u00f8rkongen. Men hjemme hos ham f\u00e5r det bare st\u00e5 fra lille julaften til f\u00f8rste nytt\u00e5rsdag. Etter det skal det ut! Foto: Marte Marie Forsberg \/ Cappelen Damm\n    <\/p>\n<p> \u2013Trae er et gammelt sted, fullt av historie i veggene. \u00c5 ta hensyn til hjemmets egenart og historie er viktig, uansett hvor man bor, sier Halvor.<\/p>\n<p>    <a itemprop=\"url\" href=\"https:\/\/www.seher.no\/kjendis\/gleder-oss\/83993440\" rel=\"nofollow noopener\" target=\"_blank\"><\/p>\n<p>        <img loading=\"lazy\" decoding=\"async\" src=\"https:\/\/www.europesays.com\/no\/wp-content\/uploads\/2025\/12\/1766577270_370_83993500.webp\" width=\"147\" height=\"98\" title=\"- Gleder oss\" alt=\"\" class=\"lazyload\" style=\"--aspect-ratio-image: 1.50; \"\/><\/p>\n<p>        &#8211; Gleder oss<\/p>\n<p>    <\/a><\/p>\n<p>Med respekt for og kj\u00e6rlighet til g\u00e5rdens opprinnelse fra 1840-tallet, har han tatt interi\u00f8ret i en mer m\u00f8rk og maskulin retning.<\/p>\n<p>\u2013 Det er enda mer meg, akkurat slik jeg vil ha det, p\u00e5peker Halvor.<\/p>\n<p>        <img loading=\"lazy\" decoding=\"async\" src=\"https:\/\/www.europesays.com\/no\/wp-content\/uploads\/2025\/12\/83995659.webp\" width=\"667\" height=\"647\" title=\"ALLE SKAL F\u00c5: Ogs\u00e5 sm\u00e5fuglene blir selvsagt&#10;m\u00f8tt p\u00e5 beste m\u00e5te p\u00e5 Trae g\u00e5rd. Foto: Marte Marie Forsberg \/ Cappelen Damm\" alt=\"\" class=\"\" style=\"--aspect-ratio-image: 1.03; \"\/><\/p>\n<p>\n        ALLE SKAL F\u00c5: Ogs\u00e5 sm\u00e5fuglene blir selvsagt<br \/>\nm\u00f8tt p\u00e5 beste m\u00e5te p\u00e5 Trae g\u00e5rd. Foto: Marte Marie Forsberg \/ Cappelen Damm\n    <\/p>\n<p>Juledekoren er selvsagt ogs\u00e5 vel gjennomtenkt.\u00a0<\/p>\n<p>Blant hans \u00e5rlige ritualer er \u00e5 ta seg noen fine skogsturer f\u00f8r sn\u00f8en kommer, p\u00e5 jakt etter mose og kongler som kan brukes til fine dekorasjoner.<\/p>\n<p>        AVSL\u00d8RT: N\u00e5r kongefamilien samles til julebakst, er det \u00e9n ting som g\u00e5r igjen. Kong Harald har nemlig en svakhet som mange vil kjenne seg igjen i. Reporter: Caroline Vagle. Video: Kine Falch<\/p>\n<p>\u2013 Jeg elsker \u00e5 pynte til jul, men du finner ikke et eneste r\u00f8dt innslag her, og jeg kan garanterte at huset er nissefritt. Du kan fint skape herlig julestemning uten r\u00f8dt, og for den saks skyld p\u00e5ske uten gult.<\/p>\n<p>        <img loading=\"lazy\" decoding=\"async\" src=\"https:\/\/www.europesays.com\/no\/wp-content\/uploads\/2025\/12\/83995663.webp\" width=\"686\" height=\"1029\" title=\"PUST I BAKKEN: Trae&#10;g\u00e5rd har med \u00e5rene f\u00e5tt en mer&#10;m\u00f8rkere og maskulin stil, som&#10;g\u00e5r godt sammen med husets&#10;originale t\u00f8mmervegger. \u2013 Det er&#10;enda mer meg, akkurat slik jeg&#10;vil ha det, sier en livsglad Halvor&#10;Bakke. Foto: Marte Marie Forsberg \/ Cappelen Damm\" alt=\"\" class=\"\" style=\"--aspect-ratio-image: 0.67; \"\/><\/p>\n<p>\n        PUST I BAKKEN: Trae<br \/>\ng\u00e5rd har med \u00e5rene f\u00e5tt en mer<br \/>\nm\u00f8rkere og maskulin stil, som<br \/>\ng\u00e5r godt sammen med husets<br \/>\noriginale t\u00f8mmervegger. \u2013 Det er<br \/>\nenda mer meg, akkurat slik jeg<br \/>\nvil ha det, sier en livsglad Halvor<br \/>\nBakke. Foto: Marte Marie Forsberg \/ Cappelen Damm\n    <\/p>\n<p>Overless treet!\u00a0\t<\/p>\n<p class=\"italic m-italic\" data-lab-italic=\"italic\">\u2013 Hva er dine beste interi\u00f8rtips til folk flest n\u00e5r det kommer til jul?<\/p>\n<p>\u2013 G\u00e5 ut i skogen og plukk kongler, granbar og mose. Fyll fat og lykter med disse naturelementene. Dette er b\u00e5de gratis, naturlig og vakkert! Juletreet b\u00f8r overlesses med pynt, selv om man ellers har det stram og rent i interi\u00f8ret. Et hav av levende lys redder ethvert julem\u00e5ltid. Et duftlys med en klassisk juleduft som du liker, setter stemningen ganske raskt, r\u00e5der interi\u00f8reksperten.<\/p>\n<p>        <img loading=\"lazy\" decoding=\"async\" src=\"https:\/\/www.europesays.com\/no\/wp-content\/uploads\/2025\/12\/83995667.webp\" width=\"686\" height=\"1029\" title=\"PEIS-HUS:&#10;Trae g\u00e5rd har&#10;mange vakre&#10;ildsteder. Og&#10;legg merke&#10;til den unike&#10;og personlige&#10;hundeputen! Foto: Marte Marie Forsberg \/ Cappelen Damm\" alt=\"\" class=\"\" style=\"--aspect-ratio-image: 0.67; \"\/><\/p>\n<p>\n        PEIS-HUS:<br \/>\nTrae g\u00e5rd har<br \/>\nmange vakre<br \/>\nildsteder. Og<br \/>\nlegg merke<br \/>\ntil den unike<br \/>\nog personlige<br \/>\nhundeputen! Foto: Marte Marie Forsberg \/ Cappelen Damm\n    <\/p>\n<p>Et pent dekket bord er halve m\u00e5ltidet, lyder et av Halvors mantra.\u00a0<\/p>\n<p>Og han bruker gjerne mye av sin selvbestemte og utvidede f\u00f8rjulstid til \u00e5 dekke til hyggelige og personlige bord til gjestene sine p\u00e5 Trae g\u00e5rd. <\/p>\n<p>        <img loading=\"lazy\" decoding=\"async\" src=\"https:\/\/www.europesays.com\/no\/wp-content\/uploads\/2025\/12\/83995681.webp\" width=\"686\" height=\"1029\" title=\"I SITT ESS:&#10;Halvor Bakke er p\u00e5 sitt&#10;lykkeligste n\u00e5r han kan&#10;f\u00e5 servere sine gjester&#10;god mat, drikke og et&#10;fortreffelig selskap. Det&#10;vil han bare ha mer av! Foto: Marte Marie Forsberg \/ Cappelen Damm\" alt=\"\" class=\"\" style=\"--aspect-ratio-image: 0.67; \"\/><\/p>\n<p>\n        I SITT ESS:<br \/>\nHalvor Bakke er p\u00e5 sitt<br \/>\nlykkeligste n\u00e5r han kan<br \/>\nf\u00e5 servere sine gjester<br \/>\ngod mat, drikke og et<br \/>\nfortreffelig selskap. Det<br \/>\nvil han bare ha mer av! Foto: Marte Marie Forsberg \/ Cappelen Damm\n    <\/p>\n<p>F\u00f8rjulstiden starter gjerne med at julemusikken flommer ut fra h\u00f8yttalerne allerede fra oktober av \u2013 mens g\u00e5rden sakte, men sikkert gj\u00f8res juleklar.<\/p>\n<p>        RIKTIG STEG: Se og H\u00f8rs kongehusekspert Caroline Vagle hyller kongehusets nye grep. Reporter: Caroline Vagle. Video: Kine Falch. Foto: NTB \/ Andreas Fadum.<\/p>\n<p>For n\u00e5r julestemningen intensiveres og de r\u00f8de dagene n\u00e6rmer seg, ja, da suser Halvor i vei mot sydligere str\u00f8k sammen med sin n\u00e6re venn og brand manager, Julian Bj\u00f8rnerem (31), \u2013 s\u00e5 ogs\u00e5 i \u00e5r.<\/p>\n<p>        <img loading=\"lazy\" decoding=\"async\" src=\"https:\/\/www.europesays.com\/no\/wp-content\/uploads\/2025\/12\/83995695.webp\" width=\"686\" height=\"1029\" title=\"EN FAVORITT: Bakerovnen brukes hele \u00e5ret, b\u00e5de som varmekilde og til \u00e5 lage mat \u2013 alt fra pinnekj\u00f8tt til pizza. Foto: Marte Marie Forsberg \/ Cappelen Damm\" alt=\"\" class=\"\" style=\"--aspect-ratio-image: 0.67; \"\/><\/p>\n<p>\n        EN FAVORITT: Bakerovnen brukes hele \u00e5ret, b\u00e5de som varmekilde og til \u00e5 lage mat \u2013 alt fra pinnekj\u00f8tt til pizza. Foto: Marte Marie Forsberg \/ Cappelen Damm\n    <\/p>\n<p>\u2013 Ja, julen i \u00e5r blir feiret i huset til Julian og meg i S\u00f8r-Afrika. Vi f\u00e5r bes\u00f8k av mamma, s\u00f8ster, svoger og to nieser og gleder oss stort til familietid og jul i shorts ved bassengkanten.<\/p>\n<p>        <img loading=\"lazy\" decoding=\"async\" src=\"https:\/\/www.europesays.com\/no\/wp-content\/uploads\/2025\/12\/83995707.webp\" width=\"686\" height=\"1029\" title=\"EGEN STIL:&#10;- Jeg gj\u00f8r det jeg liker, og&#10;har valgt et formspr\u00e5k som&#10;er mitt, p\u00e5peker Halvor \u2013&#10;en detaljens mester. Foto: Marte Marie Forsberg \/ Cappelen Damm\" alt=\"\" class=\"\" style=\"--aspect-ratio-image: 0.67; \"\/><\/p>\n<p>\n        EGEN STIL:<br \/>\n&#8211; Jeg gj\u00f8r det jeg liker, og<br \/>\nhar valgt et formspr\u00e5k som<br \/>\ner mitt, p\u00e5peker Halvor \u2013<br \/>\nen detaljens mester. Foto: Marte Marie Forsberg \/ Cappelen Damm\n    <\/p>\n<p class=\"italic m-italic\" data-lab-italic=\"italic\">\u2013 Og hva st\u00e5r p\u00e5 julemenyen?<\/p>\n<p>\u2013 Jeg er vokst opp med ribbe, men i de senere \u00e5rene er det blitt en god mix med b\u00e5de pinnekj\u00f8tt, mammas medisterkaker og ribbe de ulike dagene.<\/p>\n<p>        <img loading=\"lazy\" decoding=\"async\" src=\"https:\/\/www.europesays.com\/no\/wp-content\/uploads\/2025\/12\/83995717.webp\" width=\"667\" height=\"507\" title=\"PEISKOS: Halvor og&#10;vennen Julian feirer i \u00e5r jul i&#10;sitt nye hus i S\u00f8r-Afrika. Foto: Tore Skaar\" alt=\"\" class=\"\" style=\"--aspect-ratio-image: 1.32; \"\/><\/p>\n<p>\n        PEISKOS: Halvor og<br \/>\nvennen Julian feirer i \u00e5r jul i<br \/>\nsitt nye hus i S\u00f8r-Afrika. Foto: Tore Skaar\n    <\/p>\n<p>        <img loading=\"lazy\" decoding=\"async\" src=\"https:\/\/www.europesays.com\/no\/wp-content\/uploads\/2025\/12\/83995728.webp\" width=\"667\" height=\"514\" title=\"PLASS TIL TO:&#10;Halvor og Julian har&#10;mange koselige kroker&#10;der de kan sitte og&#10;nyte utsikten. Foto: Marte Marie Forsberg \/ Cappelen Damm\" alt=\"\" class=\"\" style=\"--aspect-ratio-image: 1.30; \"\/><\/p>\n<p>\n        PLASS TIL TO:<br \/>\nHalvor og Julian har<br \/>\nmange koselige kroker<br \/>\nder de kan sitte og<br \/>\nnyte utsikten. Foto: Marte Marie Forsberg \/ Cappelen Damm\n    <\/p>\n<p>Halvors beste juleminne stammer ogs\u00e5 fra en av de mange eksotiske turene i desember.<\/p>\n<p>\u2013 For noen \u00e5r siden leide Julian og jeg et nydelig strandhus i S\u00f8r-Afrika og hadde da tatt med oss pinnekj\u00f8tt fra Norge. Det ble dampet og tilberedt i bakerovnen, og ga oss en magisk opplevelse i det nydelige landet, str\u00e5ler Halvor.<\/p>\n<p>        <img loading=\"lazy\" decoding=\"async\" src=\"https:\/\/www.europesays.com\/no\/wp-content\/uploads\/2025\/12\/83995742.webp\" width=\"686\" height=\"446\" title=\"SORT OG HVITT: De stilfulle rommene g\u00e5r i sort og hvitt \u2013 og med til dels fyrrig kunst p\u00e5 veggen. Foto: Marte Marie Forsberg \/ Cappelen Damm\" alt=\"\" class=\"\" style=\"--aspect-ratio-image: 1.54; \"\/><\/p>\n<p>\n        SORT OG HVITT: De stilfulle rommene g\u00e5r i sort og hvitt \u2013 og med til dels fyrrig kunst p\u00e5 veggen. Foto: Marte Marie Forsberg \/ Cappelen Damm\n    <\/p>\n<p>Bakerovnen brukes forresten hele \u00e5ret, b\u00e5de som varmekilde og til \u00e5 lage mat. <\/p>\n<p>\u2013 Jeg elsker \u00e5 fyre med ved, b\u00e5de inne og ute. Det er noe helt eget og magisk som skjer rundt et ildsted \u2013 varmen, lukten, stemningen \u2013 det er et naturlig samlingspunkt, beskriver den kreative kraften fra Stavern. <\/p>\n<p>    <a itemprop=\"url\" href=\"https:\/\/www.seher.no\/kongelig\/nye-bilder-vekker-oppsikt\/83988238\" rel=\"nofollow noopener\" target=\"_blank\"><\/p>\n<p>        <img loading=\"lazy\" decoding=\"async\" src=\"https:\/\/www.europesays.com\/no\/wp-content\/uploads\/2025\/12\/1766577304_876_83988335.webp\" width=\"147\" height=\"98\" title=\"Nye bilder vekker oppsikt\" alt=\"\" class=\"lazyload\" style=\"--aspect-ratio-image: 1.50; \"\/><\/p>\n<p>        Nye bilder vekker oppsikt<\/p>\n<p>    <\/a><\/p>\n<p>Kontrasten mellom Trae og S\u00f8r-Afrika kan synes stor, men Halvor har sitt hjerte trygt forankret begge steder. Det viktigste for ham uansett hvor han er, er \u00e5 ha sine n\u00e6re og kj\u00e6re rundt seg.<\/p>\n<p class=\"font-weight-bold m-font-weight-bold\" data-lab-font_weight=\"font-weight-bold\">\u2013 S\u00e5 mitt fremste jule\u00f8nske i \u00e5r blir rett og slett \u00e5 f\u00e5 mer tid sammen med familie og venner, sl\u00e5r Halvor kj\u00e6rlig fast.<\/p>\n","protected":false},"excerpt":{"rendered":"Bli med hjem til interi\u00f8rkongens juleperle I 15 \u00e5r har Halvor Bakke kunnet nyte deilig f\u00f8rjulstid p\u00e5 praktfulle&hellip;\n","protected":false},"author":2,"featured_media":121023,"comment_status":"","ping_status":"","sticky":false,"template":"","format":"standard","meta":{"footnotes":""},"categories":[5],"tags":[20,21,4104,24,25,2285,15,19,479,22,23,17,18,13,30,28,29,14,16,26,27],"class_list":{"0":"post-121022","1":"post","2":"type-post","3":"status-publish","4":"format-standard","5":"has-post-thumbnail","7":"category-overskrifter","8":"tag-breaking-news","9":"tag-breakingnews","10":"tag-eksklusivt","11":"tag-featured-news","12":"tag-featurednews","13":"tag-halvor-bakke","14":"tag-headlines","15":"tag-hovedoppslag","16":"tag-kjendis","17":"tag-latest-news","18":"tag-latestnews","19":"tag-main-news","20":"tag-mainnews","21":"tag-news","22":"tag-no","23":"tag-norge","24":"tag-norway","25":"tag-nyheter","26":"tag-overskrifter","27":"tag-top-stories","28":"tag-topstories"},"share_on_mastodon":{"url":"https:\/\/pubeurope.com\/@no\/115774421081613431","error":""},"_links":{"self":[{"href":"https:\/\/www.europesays.com\/no\/wp-json\/wp\/v2\/posts\/121022","targetHints":{"allow":["GET"]}}],"collection":[{"href":"https:\/\/www.europesays.com\/no\/wp-json\/wp\/v2\/posts"}],"about":[{"href":"https:\/\/www.europesays.com\/no\/wp-json\/wp\/v2\/types\/post"}],"author":[{"embeddable":true,"href":"https:\/\/www.europesays.com\/no\/wp-json\/wp\/v2\/users\/2"}],"replies":[{"embeddable":true,"href":"https:\/\/www.europesays.com\/no\/wp-json\/wp\/v2\/comments?post=121022"}],"version-history":[{"count":0,"href":"https:\/\/www.europesays.com\/no\/wp-json\/wp\/v2\/posts\/121022\/revisions"}],"wp:featuredmedia":[{"embeddable":true,"href":"https:\/\/www.europesays.com\/no\/wp-json\/wp\/v2\/media\/121023"}],"wp:attachment":[{"href":"https:\/\/www.europesays.com\/no\/wp-json\/wp\/v2\/media?parent=121022"}],"wp:term":[{"taxonomy":"category","embeddable":true,"href":"https:\/\/www.europesays.com\/no\/wp-json\/wp\/v2\/categories?post=121022"},{"taxonomy":"post_tag","embeddable":true,"href":"https:\/\/www.europesays.com\/no\/wp-json\/wp\/v2\/tags?post=121022"}],"curies":[{"name":"wp","href":"https:\/\/api.w.org\/{rel}","templated":true}]}}