{"id":121032,"date":"2025-12-24T12:17:48","date_gmt":"2025-12-24T12:17:48","guid":{"rendered":"https:\/\/www.europesays.com\/no\/121032\/"},"modified":"2025-12-24T12:17:48","modified_gmt":"2025-12-24T12:17:48","slug":"skyting-skien-her-skyter-ungdommene-jula-inn","status":"publish","type":"post","link":"https:\/\/www.europesays.com\/no\/121032\/","title":{"rendered":"Skyting, Skien | Her skyter ungdommene jula inn"},"content":{"rendered":"\n<p>Ungdommene ligger p\u00e5 rekke og rad p\u00e5 standplassen i et kjelleraktig lokale under brukaret i Lundedalen i Skien. P\u00e5 15 meters hold prikker de inn skudd etter skudd i bitte sm\u00e5 blinker p\u00e5 15 meters hold.<\/p>\n<p>\u2013 Det er g\u00f8y \u00e5 skyte; digg n\u00e5r du treffer ordentlig, sier Emil Sl\u00e5tta-Baardseng (16).<\/p>\n<p>11-\u00e5ring ble best<\/p>\n<p>Han er en av de eldste ungdommene som er samlet til en juleavslutning med smell. Hele h\u00f8sten har de v\u00e6rt samlet her hver torsdag for \u00e5 trene p\u00e5 skyting og ha det hyggelig sammen. Til juleavslutningen har ildsjel Steinar Aadna gjort en liten vri og printet ut juletr\u00e6r med ti sm\u00e5 blinker som skytterne skal treffe med ett skudd i hver.<\/p>\n<p>Dagens bestemann ble talentfulle Julian M. Knutsen som fikk 92 av 100 mulige poeng. Han er bare 11 \u00e5r, men slo alle de andre ungdommene og de \u00e5tte voksne som ogs\u00e5 skj\u00f8t denne kvelden.<\/p>\n<p>Det er L\u00f8veid skytterlag fra Skotfoss som driver ungdomsgruppa. Steinar Aadna, og noen ildsjeler til tok tak i ungdomsarbeidet for fire \u00e5r siden, etter at det hadde ligget brakk noen \u00e5r. De har kj\u00f8rt flere omganger med skytterskole for barn.<\/p>\n<p>\u2013 Noen er blitt veldig gode, sier Steinar Aadna.<\/p>\n<p>   <img decoding=\"async\" width=\"4798\" height=\"3198\" fetchpriority=\"low\"  loading=\"lazy\"  src=\"https:\/\/www.europesays.com\/no\/wp-content\/uploads\/2025\/12\/DSC_7665.JPG\" alt=\"\" class=\"brick-c-cFOWSL\" style=\"--brick-image-ratio: 4798 \/ 3198;\"\/><\/p>\n<p>      JULETRE: P\u00e5 juleavslutningen ser blinkene ut som den i forgrunnen.<br \/>\n      Foto: Torbj\u00f8rn Tungesvik\n    <\/p>\n<p>  Kurs for foreldre<\/p>\n<p>Kurset som er utviklet av Det frivillige skyttervesen retter seg b\u00e5de barna og foreldrene deres, og setter sikkerhet i h\u00f8ysetet, forsikrer Aadna. Til juleavslutningen er hele ungdomsgruppa p\u00e5 18 stykker samlet. De er i alderen 10 til 16 \u00e5r og skyter med tunge og presise b\u00f8rser i kaliber .22.<\/p>\n<p>\u2013 Det er g\u00f8y \u00e5 f\u00e5 det til, sier Oda T\u00e5ng Narmoe (16).<\/p>\n<p>\u2013 Moro med en sport som er litt utfordrende, sier Elias Kleiv Rydningen (14).<\/p>\n<p>Oda, Elias og Emil var med til Landsskytterstevnet p\u00e5 Kongsberg i august i \u00e5r. Emil kom helt til finalen. Pusteteknikk, konsentrasjon og nerver er noe av det de m\u00e5 ha kontroll p\u00e5 n\u00e5r de konkurrerer. Og det gj\u00f8r de ofte; i h\u00f8st har de deltatt p\u00e5 lokale skytestevner i Nedre Telemark nesten hver uke. P\u00e5 juleavslutningen er konkurransen helt uh\u00f8ytidelig og premien er godteri til alle.<\/p>\n<p>\u2013 Du ser at de gleder seg, sier Aadna, som t\u00f8yser med de unge og f\u00e5r juleklemmer av hele gjengen.<\/p>\n<p>Han forteller at st\u00f8tten til det Frivillige skyttervesen er blitt bedre etter at Russland gikk til angrep p\u00e5 Ukraina, blant annet med bedre ordninger for st\u00f8tte til ammunisjonskj\u00f8p.<\/p>\n<p>   <img decoding=\"async\" width=\"4032\" height=\"3024\" fetchpriority=\"low\"  loading=\"lazy\"  src=\"https:\/\/www.europesays.com\/no\/wp-content\/uploads\/2025\/12\/IMG_8091.JPG\" alt=\"\" class=\"brick-c-cFOWSL\" style=\"--brick-image-ratio: 4032 \/ 3024;\"\/><\/p>\n<p>      PREMIER TIL ALLE: Steinar s\u00f8rger for at alle f\u00e5r godte-premie &#8211; uansett poengsum.<br \/>\n      Foto: Torbj\u00f8rn Tungesvik\n    <\/p>\n","protected":false},"excerpt":{"rendered":"Ungdommene ligger p\u00e5 rekke og rad p\u00e5 standplassen i et kjelleraktig lokale under brukaret i Lundedalen i Skien.&hellip;\n","protected":false},"author":2,"featured_media":121033,"comment_status":"","ping_status":"","sticky":false,"template":"","format":"standard","meta":{"footnotes":""},"categories":[10],"tags":[36,2767,20,21,14396,24,25,15,22,23,13,30,28,29,14,16,393,314,1510,26,27],"class_list":{"0":"post-121032","1":"post","2":"type-post","3":"status-publish","4":"format-standard","5":"has-post-thumbnail","7":"category-norge","8":"tag-art","9":"tag-barneidrett","10":"tag-breaking-news","11":"tag-breakingnews","12":"tag-det-frivillige-skyttervesenet","13":"tag-featured-news","14":"tag-featurednews","15":"tag-headlines","16":"tag-latest-news","17":"tag-latestnews","18":"tag-news","19":"tag-no","20":"tag-norge","21":"tag-norway","22":"tag-nyheter","23":"tag-overskrifter","24":"tag-skien","25":"tag-skyting","26":"tag-story","27":"tag-top-stories","28":"tag-topstories"},"share_on_mastodon":{"url":"https:\/\/pubeurope.com\/@no\/115774509266367734","error":""},"_links":{"self":[{"href":"https:\/\/www.europesays.com\/no\/wp-json\/wp\/v2\/posts\/121032","targetHints":{"allow":["GET"]}}],"collection":[{"href":"https:\/\/www.europesays.com\/no\/wp-json\/wp\/v2\/posts"}],"about":[{"href":"https:\/\/www.europesays.com\/no\/wp-json\/wp\/v2\/types\/post"}],"author":[{"embeddable":true,"href":"https:\/\/www.europesays.com\/no\/wp-json\/wp\/v2\/users\/2"}],"replies":[{"embeddable":true,"href":"https:\/\/www.europesays.com\/no\/wp-json\/wp\/v2\/comments?post=121032"}],"version-history":[{"count":0,"href":"https:\/\/www.europesays.com\/no\/wp-json\/wp\/v2\/posts\/121032\/revisions"}],"wp:featuredmedia":[{"embeddable":true,"href":"https:\/\/www.europesays.com\/no\/wp-json\/wp\/v2\/media\/121033"}],"wp:attachment":[{"href":"https:\/\/www.europesays.com\/no\/wp-json\/wp\/v2\/media?parent=121032"}],"wp:term":[{"taxonomy":"category","embeddable":true,"href":"https:\/\/www.europesays.com\/no\/wp-json\/wp\/v2\/categories?post=121032"},{"taxonomy":"post_tag","embeddable":true,"href":"https:\/\/www.europesays.com\/no\/wp-json\/wp\/v2\/tags?post=121032"}],"curies":[{"name":"wp","href":"https:\/\/api.w.org\/{rel}","templated":true}]}}