{"id":121034,"date":"2025-12-24T12:21:15","date_gmt":"2025-12-24T12:21:15","guid":{"rendered":"https:\/\/www.europesays.com\/no\/121034\/"},"modified":"2025-12-24T12:21:15","modified_gmt":"2025-12-24T12:21:15","slug":"uniteds-utfordringer-uten-bruno-fernandes-en-dypdykk-i-statistikken","status":"publish","type":"post","link":"https:\/\/www.europesays.com\/no\/121034\/","title":{"rendered":"Uniteds utfordringer uten Bruno Fernandes: En dypdykk i statistikken"},"content":{"rendered":"<p>Av og til g\u00e5r alt som kan g\u00e5 galt, galt, og det f\u00f8ltes litt<br \/>\ns\u00e5nn i United-verdenen da Bruno Fernandes like f\u00f8r pause plutselig stanset opp<br \/>\nog holdt seg til l\u00e5ret.<\/p>\n<p>N\u00e5 skal test-resultatene v\u00e6re klare, og United-talismanen<br \/>\nmister sannsynligvis de fem neste kampene mot Newcastle (H), Wolverhampton (H),<br \/>\nLeeds(B), Burnley (B) samt FA-cupkampen mot Brighton (H).<\/p>\n<p>H\u00e5pet er imidlertid at han er tilbake til byderbyet mot<br \/>\nManchester City.<\/p>\n<p>                F\u00e5 med deg alt fra Supporterklubben<\/p>\n<ul>\n<li>Tilgang til alt innhold p\u00e5 united.no<\/li>\n<li>Tilgang til podkasten Uno+<\/li>\n<li>Billetter og turer til Old Trafford<\/li>\n<li>Gode rabatter i nettbutikken<\/li>\n<li>Medlemspris p\u00e5 Viaplay Total<\/li>\n<\/ul>\n<p class=\"price_description\">Kun kr 29,- \/m\u00e5ned. Betales \u00e5rlig.<\/p>\n<p>\n                    <a class=\"lab-paywall-teaser-offer-button\" href=\"https:\/\/api.united.no\/paywall\/order?providerUrl=https%3A%2F%2Fminside.united.no%2Fno%2Fcheckout%2Funitedmedlemsskap&amp;siteAlias=united&amp;&amp;siteId=2&amp;contentUrl=https%3A%2F%2Fwww.united.no%2Fnyheter%2Funited-uten-bruno-er-ikke-lystig-lesing%2F1410643\" rel=\"nofollow noopener\" target=\"_blank\">Bli medlem n\u00e5<\/a>\n                <\/p>\n","protected":false},"excerpt":{"rendered":"Av og til g\u00e5r alt som kan g\u00e5 galt, galt, og det f\u00f8ltes litt s\u00e5nn i United-verdenen da&hellip;\n","protected":false},"author":2,"featured_media":121035,"comment_status":"","ping_status":"","sticky":false,"template":"","format":"standard","meta":{"footnotes":""},"categories":[59],"tags":[30,28,29,83,82],"class_list":{"0":"post-121034","1":"post","2":"type-post","3":"status-publish","4":"format-standard","5":"has-post-thumbnail","7":"category-sport","8":"tag-no","9":"tag-norge","10":"tag-norway","11":"tag-sport","12":"tag-sports"},"share_on_mastodon":{"url":"https:\/\/pubeurope.com\/@no\/115774520262206704","error":""},"_links":{"self":[{"href":"https:\/\/www.europesays.com\/no\/wp-json\/wp\/v2\/posts\/121034","targetHints":{"allow":["GET"]}}],"collection":[{"href":"https:\/\/www.europesays.com\/no\/wp-json\/wp\/v2\/posts"}],"about":[{"href":"https:\/\/www.europesays.com\/no\/wp-json\/wp\/v2\/types\/post"}],"author":[{"embeddable":true,"href":"https:\/\/www.europesays.com\/no\/wp-json\/wp\/v2\/users\/2"}],"replies":[{"embeddable":true,"href":"https:\/\/www.europesays.com\/no\/wp-json\/wp\/v2\/comments?post=121034"}],"version-history":[{"count":0,"href":"https:\/\/www.europesays.com\/no\/wp-json\/wp\/v2\/posts\/121034\/revisions"}],"wp:featuredmedia":[{"embeddable":true,"href":"https:\/\/www.europesays.com\/no\/wp-json\/wp\/v2\/media\/121035"}],"wp:attachment":[{"href":"https:\/\/www.europesays.com\/no\/wp-json\/wp\/v2\/media?parent=121034"}],"wp:term":[{"taxonomy":"category","embeddable":true,"href":"https:\/\/www.europesays.com\/no\/wp-json\/wp\/v2\/categories?post=121034"},{"taxonomy":"post_tag","embeddable":true,"href":"https:\/\/www.europesays.com\/no\/wp-json\/wp\/v2\/tags?post=121034"}],"curies":[{"name":"wp","href":"https:\/\/api.w.org\/{rel}","templated":true}]}}