{"id":121040,"date":"2025-12-24T12:28:12","date_gmt":"2025-12-24T12:28:12","guid":{"rendered":"https:\/\/www.europesays.com\/no\/121040\/"},"modified":"2025-12-24T12:28:12","modified_gmt":"2025-12-24T12:28:12","slug":"spilleroppror-pa-basketlandslaget-krever-svar-fra-norges-basketballforbund-nrk-sport-sportsnyheter-resultater-og-sendeplan","status":"publish","type":"post","link":"https:\/\/www.europesays.com\/no\/121040\/","title":{"rendered":"Spilleroppr\u00f8r p\u00e5 basketlandslaget \u2013 krever svar fra Norges Basketballforbund \u2013 NRK Sport \u2013 Sportsnyheter, resultater og sendeplan"},"content":{"rendered":"<p>\u2013 For oss som spillergruppe, s\u00e5 har det skjedd utrolig mye den siste tiden. Vi har jo blitt fortalt i ettertid hva som har skjedd, men har ikke v\u00e6rt en del av en prosess i forkant, sier Norges stjernespiller, Harald Frey.<\/p>\n<p>Han uttaler seg p\u00e5 vegne av spillergruppa til NRK, og sier at spillerne opplever at de ikke har f\u00e5tt sagt sin side i saken.<\/p>\n<p><strong>\u2013 Vi er skuffet over hvor uryddig og lite transparent denne prosessen har v\u00e6rt. Det er blitt gjort p\u00e5 en rar m\u00e5te, s\u00e5 vi f\u00f8ler fortsatt at vi ikke sitter med alle svarene vi trenger, sier han.<\/strong><\/p>\n<p><img decoding=\"async\"   src=\"data:image\/gif;base64,R0lGODlhAQABAIAAAAAAAP\/\/\/yH5BAEAAAAALAAAAAABAAEAAAIBRAA7\" loading=\"eager\" alt=\"Harald Frey portrett\" title=\"Foto: Eskil Wie Furunes\"\/><\/p>\n<p class=\"\">STJERNESPILLER: Harald Frey uttaler seg p\u00e5 vegne av spillergruppen til det norske landslaget. Bildet er fra et portrett med NRK i 2020.<\/p>\n<p>Foto: Eskil Wie Furunes<\/p>\n<p>Varmes av st\u00f8tten<\/p>\n<p>Mathias Eckhoff har v\u00e6rt en av landets fremste basketballtrenere i en \u00e5rrekke. Tidligere har han v\u00e6rt landslagstrener for en rekke andre land. Blant annet var han <a href=\"https:\/\/www.nrk.no\/sport\/fra-hotel-caesar-til-ol-i-rio-1.12530722\" ec-id=\"pp:article:1.12530722\" ec-name=\"assistent for Nigeria under OL i 2016\" rel=\"nofollow noopener\" target=\"_blank\">assistent for Nigeria under OL i 2016<\/a>.<\/p>\n<p>N\u00e5 er han alts\u00e5 ferdig p\u00e5 det norske landslaget midt i en EM-kvalifisering. Det til tross for at det norske laget overbevisende vant sin f\u00f8rste kamp i kvalifiseringen borte mot Armenia i november.<\/p>\n<p><a href=\"https:\/\/www.tv2.no\/sport\/full-splid-etter-landslagstrenerens-avskjed\/18405994\/\" ec-id=\"https:\/\/www.tv2.no\/sport\/full-splid-etter-landslagstrenerens-avskjed\/18405994\/\" ec-name=\"TV 2\" rel=\"nofollow noopener\" target=\"_blank\">TV 2<\/a> omtalte konflikten tidligere denne uken.<\/p>\n<p>Eckhoff setter stor pris p\u00e5 st\u00f8tten han har f\u00e5tt fra landslagsspillerne i denne saken:<\/p>\n<p><strong>\u2013 Jeg har opplevd tydelig st\u00f8tte fra store deler av spillergruppen. Jeg synes det er varmende at Frey, som landslagskaptein, er s\u00e5 positiv, sier Eckhoff til NRK.<\/strong><\/p>\n<p>\u2013 Flere uttrykker frustrasjon over mangelen p\u00e5 konkrete forklaringer i denne saken. Det er viktig for meg \u00e5 v\u00e6re \u00e5pen overfor spillerne. Jeg vil skjerme laget mest mulig, fortsetter han.<\/p>\n<p><img decoding=\"async\"   src=\"data:image\/gif;base64,R0lGODlhAQABAIAAAAAAAP\/\/\/yH5BAEAAAAALAAAAAABAAEAAAIBRAA7\" loading=\"eager\" alt=\"Harald Frey i aksjon\" title=\"Foto: Eskil Wie Furunes\"\/><\/p>\n<p class=\"\">TAKKER FOR ST\u00d8TTEN: Mathias Eckhoff setter pris p\u00e5 positiviteten han har opplevd fra landslagskaptein Harald Frey (bildet) og resten av spillergruppen.<\/p>\n<p>Foto: Eskil Wie Furunes<\/p>\n<p>If\u00f8lge Eckhoff hadde han og basketballforbundet en muntlig avtale om at han skulle f\u00e5 fortsette som landslagssjef frem til kvalifiseringen er ferdig. Kontrakten hans g\u00e5r ut n\u00e5 i desember, mens kvalifiseringen p\u00e5g\u00e5r frem til sommeren.<\/p>\n<p>NRK har sett en e-post sendt fra generalsekret\u00e6r i basketballforbundet, Axel Langaker, sendt til Eckhoff. Der erkjenner Langaker at de to hadde en muntlig avtale, men at de er uenige i hva avtalen faktisk var.<\/p>\n<p>Spillerne sendte brev til styret<\/p>\n<p>Etter at spillerne fikk vite om trenerens avgang, sendte de i helgen et brev til styret i Norges Basketballforbund.<\/p>\n<p>Der kritiserte de forbundets mangel p\u00e5 kommunikasjon, b\u00e5de i denne saken og over tid. I tillegg reagerte de p\u00e5 at de hadde f\u00e5tt beskjed om at Eckhoff og forbundet var enige om \u00e5 ikke forlenge avtalen.<\/p>\n<p>De beskrev det som sterkt kritikkverdig at de har f\u00e5tt det de opplever som feilaktig informasjon.<\/p>\n<p>Brevet var ogs\u00e5 grunn til at spillerne mandag hadde et m\u00f8te med forbundet.<\/p>\n<p>\u2013 Det var et veldig konstruktivt m\u00f8te med spillerne. Men jeg har veldig forst\u00e5else for den skuffelsen og frustrasjonen som er blant spillerne, sier basketpresident Jan Hendrik Parmann.<\/p>\n<p>\u2013 De forholdene som denne beslutningen er fattet p\u00e5, har ikke med de sportslige vurderingene \u00e5 gj\u00f8re, sier Parmann, og forteller at Eckhoff har levert \u00abcoaching\u00bb av ypperste klasse.<\/p>\n<p><img decoding=\"async\"   src=\"data:image\/gif;base64,R0lGODlhAQABAIAAAAAAAP\/\/\/yH5BAEAAAAALAAAAAABAAEAAAIBRAA7\" loading=\"eager\" alt=\"Jan Hendrik Parmann, president i Norges basketballforbund\" title=\"Foto: Brynjar M.M. Osgjerd\"\/><\/p>\n<p class=\"\">BASKETPRESIDENTEN: Jan Hendrik Parmann, her fra et m\u00f8te med kretser og ledere i idretten i 2018.<\/p>\n<p>Foto: Brynjar M.M. Osgjerd<\/p>\n<p>Han forteller videre at de snakket med spillerne om at kommunikasjonen hadde v\u00e6rt for d\u00e5rlig, og at den m\u00e5 bli bedre fremover.<\/p>\n<p>\u2013 Det er helt klart, og styret har allerede besluttet at det skal kj\u00f8re en prosess nettopp for \u00e5 evaluere disse tingene. Vi ser at ting har sviktet, sier han.<\/p>\n<p>\u2013 Handler ikke om sportslige grunner<\/p>\n<p>Landslagskaptein oppsummerer mandagens m\u00f8te slik:<\/p>\n<p>\u2013 Vi har blitt fortalt at det ikke handler om sportslige grunner, at dette handler om andre ting og verdier som forbundet st\u00e5r for. Utover det s\u00e5 har vi ikke f\u00e5tt veldig mye klarhet, heller ikke for \u00e5 snakke om ting utad.<\/p>\n<p>Han sier spillerne synes det er trist at n\u00e5r kommunikasjonen allerede har sviktet, at de opplever at de ikke blir fortalt alt, og at forklaringene har g\u00e5tt ut p\u00e5 at det handler om arbeidsgiver og arbeidstaker.<\/p>\n<p>\u2013 For meg h\u00f8res det ogs\u00e5 veldig ut som ord mot ord. Da blir sp\u00f8rsm\u00e5let: Hvilken side stoler du mest p\u00e5?, sp\u00f8r Frey.<\/p>\n<p>\u2013 Har dere f\u00e5tt munnkurv?<\/p>\n<p><strong>\u2013 Vi har p\u00e5 en m\u00e5te f\u00e5tt munnkurv, ja. Vi m\u00e5 pr\u00f8ve \u00e5 holde dette internt i s\u00e5 stor grad som mulig. I hvert fall detaljer, sier Frey.<\/strong><\/p>\n<p><img decoding=\"async\"   src=\"data:image\/gif;base64,R0lGODlhAQABAIAAAAAAAP\/\/\/yH5BAEAAAAALAAAAAABAAEAAAIBRAA7\" loading=\"eager\" alt=\"Harald Frey portrett\" title=\"Foto: Eskil Wie Furunes\"\/><\/p>\n<p>Foto: Eskil Wie Furunes<\/p>\n<p>Etter det NRK erfarer har spillerne v\u00e6rt innom tanken \u00e5 boikotte EM-kvalifiseringen i februar. Forel\u00f8pig er ikke det aktuelt, men Frey er klar p\u00e5 at spillergruppa krever konkrete tiltak.<\/p>\n<p>\u2013 Det er ingen som har lyst til \u00e5 boikotte slike kamper, men vi skal bli enig som spillergruppe f\u00f8r vi gj\u00f8r noe som helst. Mer enn noe annet, s\u00e5 vil vi ha en klar retning fra forbundet. Hvordan kan vi l\u00e6re fra dette og bli bedre? Hvordan kan vi passe p\u00e5 at dette ikke skjer igjen?, sp\u00f8r han retorisk.<\/p>\n<p>\u2013 Skaper rom for spekulasjoner<\/p>\n<p>Mathias Eckhoff opplyser til NRK at han har fritatt forbundet fra en eventuell taushetsplikt, og synes det er uheldig at det antydes forhold rundt ham som man samtidig ikke kan snakke om.<\/p>\n<p><strong>\u2013 N\u00e5r det ikke foreligger konkrete anklager, dokumenterte hendelser eller formelle prosesser, mener jeg det er uheldig og skaper rom for spekulasjoner. Resultater er mer uklarhet enn oppklaring, sier Eckhoff til NRK.<\/strong><\/p>\n<p>\u2013 Vi p\u00e5legger ikke munnkurv p\u00e5 noen, men vi har bedt om fortrolighet rundt akkurat det som ble fortalt p\u00e5 m\u00f8tet, da dette er meget sensitivt. Men vi prosederer av prinsipp ikke personalsaker i det \u00e5pne rom. Det gj\u00f8r man bare ikke, av hensyn til alle involverte parter som omfatter flere enn bare Mathias, sier basketpresident Parmann.<\/p>\n<p>\u2013 Kan oppleves som krevende<\/p>\n<p>NRK har siden s\u00f8ndag snakket med en rekke personer i Basket-Norge. Flere forteller at Eckhoff har en lederstil som i hvert fall utenfra kan ses p\u00e5 som krevende.<\/p>\n<p>\u2013 Jeg forst\u00e5r at han oppfattes som en krevende person, men jeg syns ogs\u00e5 at han som en trener p\u00e5 en m\u00e5te har klart \u00e5 etablere grunnmuren, hvor det er h\u00f8yt under taket og man kan snakke til hverandre p\u00e5 en viss m\u00e5te, sier Frey.<\/p>\n<p>\u2013 Jeg tror de fleste spillere p\u00e5 det niv\u00e5et her ikke har noe problem med at noen hever stemmen, s\u00e5 lenge man vet at det kommer fra et trygt sted, legger han til.<\/p>\n<p>\u2013 Jeg stiller h\u00f8ye krav til profesjonalitet, struktur og forberedelser, b\u00e5de til trenere og til st\u00f8tteapparat, og det kan oppleves som krevende. Samtidig er trenerstilen min tydelig, faglig forankret og dialogbasert. M\u00e5let har alltid v\u00e6rt utvikling og prestasjon over tid, sier Eckhoff.<\/p>\n<p>P\u00e5 sp\u00f8rsm\u00e5l om hvorfor forbundet ikke har forh\u00f8rt seg med spillerne som er tettest p\u00e5 Eckhoff, svarer Parmann:<\/p>\n<p>\u2013 Dette gjelder en rekke forhold som n\u00f8dvendigvis ikke har med selve laget \u00e5 gj\u00f8re, og da blir det uriktig \u00e5 involvere dem i disse forholdene, ogs\u00e5 av hensyn til dem selv. I personalsaker skal og m\u00e5 man involvere f\u00e6rrest mulig av hensyn til de involverte, som n\u00f8dvendigvis ikke kun best\u00e5r av \u00e9n part.<\/p>\n<p>        St\u00e5le Solbakken: \u2013Jeg hater det<\/p>\n<p>    <img decoding=\"async\" class=\"playlist-item__img\" src=\"https:\/\/www.europesays.com\/no\/wp-content\/uploads\/2025\/12\/yySttM_laZA1gpvxWZWVcw2vyvuCpPYaA8HMt2L52Zdg.jpeg\"\/><br \/>\n     \u00abJinxer\u00bb Viking det med gull\u00f8let her<br \/>\n    00:39<\/p>\n<p>    <img decoding=\"async\" class=\"playlist-item__img\" src=\"https:\/\/www.europesays.com\/no\/wp-content\/uploads\/2025\/12\/8T8wo9gAULSdkm0hng4mdQqpl8NHrz4_ureOf9g97LhA.jpeg\"\/><br \/>\n     34 \u00e5r siden Viking tok gull<br \/>\n    01:08<\/p>\n<p>    <img decoding=\"async\" class=\"playlist-item__img\" src=\"https:\/\/www.europesays.com\/no\/wp-content\/uploads\/2025\/12\/wkEVta2glnNYKn7fuw5DvgHAEgT2Xe_VXCTURyRzZtsg.jpeg\"\/><br \/>\n     Feirer med \u00abgriddy\u00bb mot Brasil<br \/>\n    01:00<\/p>\n<p>\n          Vis flere\n        <\/p>\n<p>Publisert<\/p>\n<p>24.12.2025, kl. 12.46<\/p>\n<p>Oppdatert<\/p>\n<p>24.12.2025, kl. 12.51<\/p>\n","protected":false},"excerpt":{"rendered":"\u2013 For oss som spillergruppe, s\u00e5 har det skjedd utrolig mye den siste tiden. Vi har jo blitt&hellip;\n","protected":false},"author":2,"featured_media":121041,"comment_status":"","ping_status":"","sticky":false,"template":"","format":"standard","meta":{"footnotes":""},"categories":[59],"tags":[30,28,29,83,82],"class_list":{"0":"post-121040","1":"post","2":"type-post","3":"status-publish","4":"format-standard","5":"has-post-thumbnail","7":"category-sport","8":"tag-no","9":"tag-norge","10":"tag-norway","11":"tag-sport","12":"tag-sports"},"share_on_mastodon":{"url":"https:\/\/pubeurope.com\/@no\/115774547828394425","error":""},"_links":{"self":[{"href":"https:\/\/www.europesays.com\/no\/wp-json\/wp\/v2\/posts\/121040","targetHints":{"allow":["GET"]}}],"collection":[{"href":"https:\/\/www.europesays.com\/no\/wp-json\/wp\/v2\/posts"}],"about":[{"href":"https:\/\/www.europesays.com\/no\/wp-json\/wp\/v2\/types\/post"}],"author":[{"embeddable":true,"href":"https:\/\/www.europesays.com\/no\/wp-json\/wp\/v2\/users\/2"}],"replies":[{"embeddable":true,"href":"https:\/\/www.europesays.com\/no\/wp-json\/wp\/v2\/comments?post=121040"}],"version-history":[{"count":0,"href":"https:\/\/www.europesays.com\/no\/wp-json\/wp\/v2\/posts\/121040\/revisions"}],"wp:featuredmedia":[{"embeddable":true,"href":"https:\/\/www.europesays.com\/no\/wp-json\/wp\/v2\/media\/121041"}],"wp:attachment":[{"href":"https:\/\/www.europesays.com\/no\/wp-json\/wp\/v2\/media?parent=121040"}],"wp:term":[{"taxonomy":"category","embeddable":true,"href":"https:\/\/www.europesays.com\/no\/wp-json\/wp\/v2\/categories?post=121040"},{"taxonomy":"post_tag","embeddable":true,"href":"https:\/\/www.europesays.com\/no\/wp-json\/wp\/v2\/tags?post=121040"}],"curies":[{"name":"wp","href":"https:\/\/api.w.org\/{rel}","templated":true}]}}