{"id":121044,"date":"2025-12-24T12:33:08","date_gmt":"2025-12-24T12:33:08","guid":{"rendered":"https:\/\/www.europesays.com\/no\/121044\/"},"modified":"2025-12-24T12:33:08","modified_gmt":"2025-12-24T12:33:08","slug":"vaer-og-vind-samferdsel-dette-er-julegaven-til-oyno-beboerne","status":"publish","type":"post","link":"https:\/\/www.europesays.com\/no\/121044\/","title":{"rendered":"V\u00e6r og vind, Samferdsel | Dette er julegaven til \u00d8yno-beboerne"},"content":{"rendered":"\n<p>Etter en dramatisk uke preget av isolasjon og usikkerhet, kan beboerne p\u00e5 \u00d8yno endelig senke skuldrene. Veien er n\u00e5 b\u00e5de hevet, asfaltert og gjen\u00e5pnet for normal trafikk.<\/p>\n<p>Det har v\u00e6rt en nervepirrende f\u00f8rjulstid for befolkningen p\u00e5 \u00d8yno. For bare en uke siden sto store deler av omr\u00e5det under vann, og mange var flomfaste i flere dager. Frykten for at julefeiringen skulle bli preget av stengte veier og logistikkutfordringer hang tungt over lokalsamfunnet.<\/p>\n<p>Siden krisen ble avbl\u00e5st f\u00f8r helgen, har det v\u00e6rt jobbet p\u00e5 spreng for \u00e5 sikre veiforbindelsen ved broen p\u00e5 \u00d8yno. L\u00f8sningen var \u00e5 heve veibanen betydelig for \u00e5 hindre at fremtidig flomvann skal isolere beboerne igjen. Arbeidet ble startet f\u00f8r flommen, men ble satt p\u00e5 pause inntil vannmassene var borte.<\/p>\n<p><b>N\u00e5 st\u00e5r resultatet klart:<\/b><\/p>\n<ul>\n<li><b>Heving: <\/b>Veien er hevet med mellom 40 og 50 centimeter.<\/li>\n<li><b>Asfalt: <\/b>Den nylagte asfalten kom p\u00e5 plass rett f\u00f8r julestriden for alvor setter inn.<\/li>\n<li><b>\u00c5pning: <\/b>Alle veisperringer er n\u00e5 fjernet, og trafikken flyter igjen som normalt.<\/li>\n<\/ul>\n<p>For beboerne betyr dette at de n\u00e5 kan kj\u00f8re helt hjem til d\u00f8rstokken uten frykt for \u00e5 bli st\u00e5ende i vannmassene. Tidligere i uken m\u00e5tte b\u00e5de brannbiler og traktorer bist\u00e5 for \u00e5 frakte folk og varer over de oversv\u00f8mte omr\u00e5dene.<\/p>\n<p>Med den nye, h\u00f8yere veien p\u00e5 plass ligger alt til rette for en trygg og god julefeiring i Sokndal. Entrepren\u00f8rene har jobbet iherdig for \u00e5 f\u00e5 prosjektet ferdigstilt, og resultatet beskrives av mange som den aller beste julegaven \u00d8yno kunne f\u00e5tt i \u00e5r.<\/p>\n","protected":false},"excerpt":{"rendered":"Etter en dramatisk uke preget av isolasjon og usikkerhet, kan beboerne p\u00e5 \u00d8yno endelig senke skuldrene. Veien er&hellip;\n","protected":false},"author":2,"featured_media":121045,"comment_status":"","ping_status":"","sticky":false,"template":"","format":"standard","meta":{"footnotes":""},"categories":[10],"tags":[36,20,21,24,25,15,22,23,13,30,28,29,14,16,223,2363,1510,26,27,14397],"class_list":{"0":"post-121044","1":"post","2":"type-post","3":"status-publish","4":"format-standard","5":"has-post-thumbnail","7":"category-norge","8":"tag-art","9":"tag-breaking-news","10":"tag-breakingnews","11":"tag-featured-news","12":"tag-featurednews","13":"tag-headlines","14":"tag-latest-news","15":"tag-latestnews","16":"tag-news","17":"tag-no","18":"tag-norge","19":"tag-norway","20":"tag-nyheter","21":"tag-overskrifter","22":"tag-samferdsel","23":"tag-sokndal","24":"tag-story","25":"tag-top-stories","26":"tag-topstories","27":"tag-vaer-og-vind"},"share_on_mastodon":{"url":"https:\/\/pubeurope.com\/@no\/115774567456842877","error":""},"_links":{"self":[{"href":"https:\/\/www.europesays.com\/no\/wp-json\/wp\/v2\/posts\/121044","targetHints":{"allow":["GET"]}}],"collection":[{"href":"https:\/\/www.europesays.com\/no\/wp-json\/wp\/v2\/posts"}],"about":[{"href":"https:\/\/www.europesays.com\/no\/wp-json\/wp\/v2\/types\/post"}],"author":[{"embeddable":true,"href":"https:\/\/www.europesays.com\/no\/wp-json\/wp\/v2\/users\/2"}],"replies":[{"embeddable":true,"href":"https:\/\/www.europesays.com\/no\/wp-json\/wp\/v2\/comments?post=121044"}],"version-history":[{"count":0,"href":"https:\/\/www.europesays.com\/no\/wp-json\/wp\/v2\/posts\/121044\/revisions"}],"wp:featuredmedia":[{"embeddable":true,"href":"https:\/\/www.europesays.com\/no\/wp-json\/wp\/v2\/media\/121045"}],"wp:attachment":[{"href":"https:\/\/www.europesays.com\/no\/wp-json\/wp\/v2\/media?parent=121044"}],"wp:term":[{"taxonomy":"category","embeddable":true,"href":"https:\/\/www.europesays.com\/no\/wp-json\/wp\/v2\/categories?post=121044"},{"taxonomy":"post_tag","embeddable":true,"href":"https:\/\/www.europesays.com\/no\/wp-json\/wp\/v2\/tags?post=121044"}],"curies":[{"name":"wp","href":"https:\/\/api.w.org\/{rel}","templated":true}]}}