{"id":121050,"date":"2025-12-24T12:40:58","date_gmt":"2025-12-24T12:40:58","guid":{"rendered":"https:\/\/www.europesays.com\/no\/121050\/"},"modified":"2025-12-24T12:40:58","modified_gmt":"2025-12-24T12:40:58","slug":"de-som-drommer-om-herredomme-over-oss-kan-bare-glemme-det","status":"publish","type":"post","link":"https:\/\/www.europesays.com\/no\/121050\/","title":{"rendered":"&#8211; De som dr\u00f8mmer om herred\u00f8mme over oss kan bare glemme det"},"content":{"rendered":"<p>Lederne av Tyrkias rivaliserende land i det \u00f8stlige Middelhavet, Hellas, Kypros og Israel, m\u00f8ttes mandag til et m\u00f8te i Jerusalem, <a href=\"https:\/\/www.timesofisrael.com\/netanyahu-uses-summit-of-israel-greece-cyprus-leaders-to-send-warning-to-turkey\/\" rel=\"nofollow noopener\" target=\"_blank\">skriver Times of Israel<\/a>.<\/p>\n<p>P\u00e5 en pressekonferanse i etterkant av det trilaterale toppm\u00f8tet, med den greske statsministeren Kyriakos Mitsotakis og den kypriotiske presidenten Nikos Christodoulides p\u00e5 hver sin side, sendte Israels statsminister Benjamin Netanyahu et lite tilsl\u00f8rt budskap til Tyrkia og president Recep Erdo\u011fan.<\/p>\n<p>Netanyahu sa at de som dr\u00f8mte om \u00e5 \u00abgjenopprette sine imperier og f\u00e5 herred\u00f8mme over v\u00e5re land\u00bb bare kan \u00abglemme det\u00bb. Det osmanske riket styrte store deler av Midt\u00f8sten og deler av Europa i 600 \u00e5r, f\u00f8r det kollapset etter f\u00f8rste verdenskrig. Restene av riket ble til den moderne staten Tyrkia.<\/p>\n<p><a href=\"https:\/\/miff.no\/iran-kategori\/2018\/02\/03gjenreiser-osmanske-riket.htm\" rel=\"nofollow noopener\" target=\"_blank\">Kritikere anklager Erdo\u011fan for \u00e5 ville gjenopprette det Osmanske riket.<\/a><\/p>\n<p>\u2013 Det er sant at alle v\u00e5re land tidligere er blitt erobret av en rekke riker, men gjennom mot og offer sikret vi v\u00e5r uavhengighet i moderne tid. Til dem som dr\u00f8mmer om \u00e5 gjenerobre sine riker og herred\u00f8mme over v\u00e5re land vil jeg bare si \u00e9n ting: Glem det. Det kommer ikke til \u00e5 skje. Ikke tenk p\u00e5 det en gang, sa Netanyahu f\u00f8r han fortsatte:<\/p>\n<p>\u2013 Vi er forpliktet og i stand til \u00e5 forsvare oss selv. V\u00e5rt samarbeid vil styrke den evnen ytterligere.<\/p>\n<p>Forholdet mellom Israel og Tyrkia, som tidligere var n\u00e6re allierte, har blitt d\u00e5rligere og d\u00e5rligere under ledelsen til Erdo\u011fan. Etter 7. oktober-massakren og den p\u00e5f\u00f8lgende krigen p\u00e5 Gazastripen har forholdet kollapset helt.<\/p>\n<p>Erdo\u011fan har v\u00e6rt en av de mest h\u00f8ylytte kritikerne av Israel internasjonalt, samtidig som han <a href=\"https:\/\/miff.no\/hamas\/2024\/11\/18hamas-kastet-ut-av-qatar-tatt-imot-av-tyrkia.htm\" rel=\"nofollow noopener\" target=\"_blank\">gitt st\u00f8tte<\/a> til den palestinske terrorgruppen Hamas. Tyrkia har de siste \u00e5rene innstilt all handel med Israel og stengt av luftrommet for israelske fly. Det er heller ingen tyrkiske flyselskap <a href=\"https:\/\/miff.no\/besoek-israel\/2025\/04\/29flere-flyselskap-kutter-israel-fra-programmet-sitt.htm\" rel=\"nofollow noopener\" target=\"_blank\">som flyr til Israel lenger<\/a>.<\/p>\n<p>Samtidig fors\u00f8ker Erdo\u011fan, som er en n\u00e6r alliert med USAs president Donald Trump, \u00e5 bli en del av den USA-st\u00f8ttede internasjonale sikkerhetsstyrken som skal etableres p\u00e5 Gazastripen. Israel vil absolutt ikke at Tyrkia skal bli involvert.<\/p>\n<p>Tyrkia fors\u00f8ker ogs\u00e5 \u00e5 f\u00e5 mer innflytelse i Israels naboland Syria. Blant annet \u00f8nsker de \u00e5 utplassere tyrkisk luftvern inne p\u00e5 syrisk territorium.<\/p>\n<p>Hellas p\u00e5 sin side har i lang tid hatt et tr\u00f8blene forhold til sin betydelig st\u00f8rre nabo i \u00f8st. De har et anstrengt forhold av historiske \u00e5rsaker, men ogs\u00e5 p\u00e5 grunn av maritime grenser, energiressurser og luftrommet over \u00f8stlige Middelhavet.<\/p>\n<p>Den nordlige delen av Kypros, en \u00f8y hvor majoriteten av befolkningen er gresk-kyprioter, har v\u00e6rt okkupert av Tyrkia siden 1974. Tyrkia har brukt sin kontroll over deler av Kypros til \u00e5 bore etter naturgass i kypriotisk farvann. Tyrkia har p\u00e5 aggressivt vis fors\u00f8kt \u00e5 f\u00e5 kontroll over gassfelt i det \u00f8stlige Middelhavet.<\/p>\n<p>Nylig kom Tyrkia med trusler mot Kypros <a href=\"https:\/\/miff.no\/europa\/2025\/09\/19tyrkia-truer-kypros-etter-kjop-av-israelsk-luftvern.htm\" rel=\"nofollow noopener\" target=\"_blank\">etter kj\u00f8p av israelsk luftvern<\/a>.<\/p>\n<p>Mandagens trilaterale m\u00f8te, det tiende i sitt slag, kom etter rapporter om at Hellas, Kypros og Israel <a href=\"https:\/\/miff.no\/internasjonalt-samarbeid\/2025\/12\/19israel-kypros-hellas-sant.htm\" rel=\"nofollow noopener\" target=\"_blank\">ser p\u00e5 muligheten til \u00e5 opprette en felles hurtig reaksjonsstyrke<\/a> best\u00e5ende av soldater fra de tre landenes v\u00e6pnede styrker.<\/p>\n<p>De tre lederne signerte en felles erkl\u00e6ring etter toppm\u00f8tet, der de ble enige om \u00e5 \u00abstyrke v\u00e5rt p\u00e5g\u00e5ende trilaterale samarbeid p\u00e5 sikkerhet, forsvar og milit\u00e6re sp\u00f8rsm\u00e5l\u00bb. Erkl\u00e6ringen understreket ogs\u00e5 viktigheten av maritim sikkerhet \u00f8st i Middelhavet og viktigheten av \u00e5 beskytte kritisk infrastruktur.<\/p>\n","protected":false},"excerpt":{"rendered":"Lederne av Tyrkias rivaliserende land i det \u00f8stlige Middelhavet, Hellas, Kypros og Israel, m\u00f8ttes mandag til et m\u00f8te&hellip;\n","protected":false},"author":2,"featured_media":121051,"comment_status":"","ping_status":"","sticky":false,"template":"","format":"standard","meta":{"footnotes":""},"categories":[12],"tags":[20,21,24,25,15,4061,14182,22,23,13,30,28,29,14,16,14398,26,27,1132,42,43,44,45],"class_list":{"0":"post-121050","1":"post","2":"type-post","3":"status-publish","4":"format-standard","5":"has-post-thumbnail","7":"category-verden","8":"tag-breaking-news","9":"tag-breakingnews","10":"tag-featured-news","11":"tag-featurednews","12":"tag-headlines","13":"tag-hellas","14":"tag-kypros","15":"tag-latest-news","16":"tag-latestnews","17":"tag-news","18":"tag-no","19":"tag-norge","20":"tag-norway","21":"tag-nyheter","22":"tag-overskrifter","23":"tag-recep-tayyip-erdogan","24":"tag-top-stories","25":"tag-topstories","26":"tag-tyrkia","27":"tag-verden","28":"tag-world","29":"tag-world-news","30":"tag-worldnews"},"share_on_mastodon":{"url":"https:\/\/pubeurope.com\/@no\/115774598995603952","error":""},"_links":{"self":[{"href":"https:\/\/www.europesays.com\/no\/wp-json\/wp\/v2\/posts\/121050","targetHints":{"allow":["GET"]}}],"collection":[{"href":"https:\/\/www.europesays.com\/no\/wp-json\/wp\/v2\/posts"}],"about":[{"href":"https:\/\/www.europesays.com\/no\/wp-json\/wp\/v2\/types\/post"}],"author":[{"embeddable":true,"href":"https:\/\/www.europesays.com\/no\/wp-json\/wp\/v2\/users\/2"}],"replies":[{"embeddable":true,"href":"https:\/\/www.europesays.com\/no\/wp-json\/wp\/v2\/comments?post=121050"}],"version-history":[{"count":0,"href":"https:\/\/www.europesays.com\/no\/wp-json\/wp\/v2\/posts\/121050\/revisions"}],"wp:featuredmedia":[{"embeddable":true,"href":"https:\/\/www.europesays.com\/no\/wp-json\/wp\/v2\/media\/121051"}],"wp:attachment":[{"href":"https:\/\/www.europesays.com\/no\/wp-json\/wp\/v2\/media?parent=121050"}],"wp:term":[{"taxonomy":"category","embeddable":true,"href":"https:\/\/www.europesays.com\/no\/wp-json\/wp\/v2\/categories?post=121050"},{"taxonomy":"post_tag","embeddable":true,"href":"https:\/\/www.europesays.com\/no\/wp-json\/wp\/v2\/tags?post=121050"}],"curies":[{"name":"wp","href":"https:\/\/api.w.org\/{rel}","templated":true}]}}