{"id":121052,"date":"2025-12-24T12:42:13","date_gmt":"2025-12-24T12:42:13","guid":{"rendered":"https:\/\/www.europesays.com\/no\/121052\/"},"modified":"2025-12-24T12:42:13","modified_gmt":"2025-12-24T12:42:13","slug":"vaer-bergen-varmeste-forjulstid-noensinne-i-bergen","status":"publish","type":"post","link":"https:\/\/www.europesays.com\/no\/121052\/","title":{"rendered":"V\u00e6r, Bergen | Varmeste f\u00f8rjulstid noensinne i Bergen"},"content":{"rendered":"\n<p>Det er klimaforsker Jostein Mamen ved Meteorologisk institutt som har holdt \u00f8ye med utviklingen.<\/p>\n<p>\u2013 Dette har v\u00e6rt den varmeste starten p\u00e5 desember m\u00e5lt noensinne i Bergen og Oslo, bekrefter vakthavende meteorolog Geir Otta Fagerlid til NTB julaften morgen.<\/p>\n<p>Det viser m\u00e5linger fra Blindern v\u00e6rstasjon i Oslo og Florida v\u00e6rstasjon i Bergen.<\/p>\n<p>Kan bli desemberrekord i Oslo<\/p>\n<p>Da man n\u00e5dde halvveis i desember, ble det varslet at det kunne ligge an til varmerekord for hele m\u00e5neden i hovedstaden. Det kan det fortsatt bli, bekrefter meteorologen.<\/p>\n<p>Den forrige rekorden ble satt i 2006, hvor gjennomsnittstemperaturen var p\u00e5 2,4. S\u00e5 langt i \u00e5r ligger gjennomsnittstemperaturen p\u00e5 4 grader. <\/p>\n<p>Selv om det aldri har v\u00e6rt s\u00e5 varmt i Bergen i starten av desember f\u00f8r, s\u00e5 kan det ta seg opp igjen. <\/p>\n<p><b>\u2013 Det er meldt lite mildv\u00e6r framover, s\u00e5 det kan v\u00e6re rekorden i Bergen ryker, sier Fagerlid.<\/b><\/p>\n<p>Om det blir tidenes varmeste desember, gjenst\u00e5r alts\u00e5 \u00e5 se.<\/p>\n","protected":false},"excerpt":{"rendered":"Det er klimaforsker Jostein Mamen ved Meteorologisk institutt som har holdt \u00f8ye med utviklingen. \u2013 Dette har v\u00e6rt&hellip;\n","protected":false},"author":2,"featured_media":121053,"comment_status":"","ping_status":"","sticky":false,"template":"","format":"standard","meta":{"footnotes":""},"categories":[10],"tags":[36,444,20,21,24,25,15,5593,22,23,13,30,28,29,14,16,1510,26,27,553],"class_list":{"0":"post-121052","1":"post","2":"type-post","3":"status-publish","4":"format-standard","5":"has-post-thumbnail","7":"category-norge","8":"tag-art","9":"tag-bergen","10":"tag-breaking-news","11":"tag-breakingnews","12":"tag-featured-news","13":"tag-featurednews","14":"tag-headlines","15":"tag-jul","16":"tag-latest-news","17":"tag-latestnews","18":"tag-news","19":"tag-no","20":"tag-norge","21":"tag-norway","22":"tag-nyheter","23":"tag-overskrifter","24":"tag-story","25":"tag-top-stories","26":"tag-topstories","27":"tag-vaer"},"share_on_mastodon":{"url":"https:\/\/pubeurope.com\/@no\/115774602806786121","error":""},"_links":{"self":[{"href":"https:\/\/www.europesays.com\/no\/wp-json\/wp\/v2\/posts\/121052","targetHints":{"allow":["GET"]}}],"collection":[{"href":"https:\/\/www.europesays.com\/no\/wp-json\/wp\/v2\/posts"}],"about":[{"href":"https:\/\/www.europesays.com\/no\/wp-json\/wp\/v2\/types\/post"}],"author":[{"embeddable":true,"href":"https:\/\/www.europesays.com\/no\/wp-json\/wp\/v2\/users\/2"}],"replies":[{"embeddable":true,"href":"https:\/\/www.europesays.com\/no\/wp-json\/wp\/v2\/comments?post=121052"}],"version-history":[{"count":0,"href":"https:\/\/www.europesays.com\/no\/wp-json\/wp\/v2\/posts\/121052\/revisions"}],"wp:featuredmedia":[{"embeddable":true,"href":"https:\/\/www.europesays.com\/no\/wp-json\/wp\/v2\/media\/121053"}],"wp:attachment":[{"href":"https:\/\/www.europesays.com\/no\/wp-json\/wp\/v2\/media?parent=121052"}],"wp:term":[{"taxonomy":"category","embeddable":true,"href":"https:\/\/www.europesays.com\/no\/wp-json\/wp\/v2\/categories?post=121052"},{"taxonomy":"post_tag","embeddable":true,"href":"https:\/\/www.europesays.com\/no\/wp-json\/wp\/v2\/tags?post=121052"}],"curies":[{"name":"wp","href":"https:\/\/api.w.org\/{rel}","templated":true}]}}