{"id":121057,"date":"2025-12-24T12:50:52","date_gmt":"2025-12-24T12:50:52","guid":{"rendered":"https:\/\/www.europesays.com\/no\/121057\/"},"modified":"2025-12-24T12:50:52","modified_gmt":"2025-12-24T12:50:52","slug":"viggo-venn-sprer-juleglede-pa-sykehuset-pa-julaften","status":"publish","type":"post","link":"https:\/\/www.europesays.com\/no\/121057\/","title":{"rendered":"Viggo Venn sprer juleglede p\u00e5 sykehuset p\u00e5 julaften"},"content":{"rendered":"<p class=\"kicker \" style=\"\">\u00abSkal vi danse\u00bb-Viggo sprer<br \/>\njuleglede med sykehusklovnene<\/p>\n<p>  Komikeren bodde mange \u00e5r i England,<br \/>\nmen kom alltid hjem til jul for \u00e5 feire med barna<br \/>\np\u00e5 sykehuset.<\/p>\n<p>\n    G\u00d8Y!: Smilene sitter l\u00f8st n\u00e5r<br \/>\nViggo Venn og sykehusklovnene bes\u00f8ker barn som m\u00e5 feire<br \/>\njul p\u00e5 sykehus. Her f\u00e5r Ruben<br \/>\nVan Ingelgom-Ozalbo (9) og<br \/>\nmoren Vivian et avbrekk fra<br \/>\nhverdagen p\u00e5 Rikshospitalet. Foto: Andreas Fadum\n  <\/p>\n<p>Latteren runger i gangene p\u00e5 barneavdelingen ved Rikshospitalet og bryter den vanlige kveldsroen.\u00a0<\/p>\n<p>Klokken n\u00e6rmer seg halv \u00e5tte, og de fleste rom er stille &#8211; helt til to klovner med r\u00f8de neser og en h\u00f8y mann i refleksvest dukker opp. <\/p>\n<p>        <img loading=\"lazy\" decoding=\"async\" src=\"https:\/\/www.europesays.com\/no\/wp-content\/uploads\/2025\/12\/84005311.webp\" width=\"667\" height=\"714\" title=\"MYSTISK: Hvordan kom rampenissen seg&#10;inn i drypp-posen \u2013 undrer Viggo, og lurer p\u00e5 om&#10;han selv kunne f\u00e5 plass i plastikken. Foto: Andreas Fadum\" alt=\"\" class=\"\" style=\"--aspect-ratio-image: 0.93; \"\/><\/p>\n<p>\n        MYSTISK: Hvordan kom rampenissen seg<br \/>\ninn i drypp-posen \u2013 undrer Viggo, og lurer p\u00e5 om<br \/>\nhan selv kunne f\u00e5 plass i plastikken. Foto: Andreas Fadum\n    <\/p>\n<p>Sykehusklovnene Slurp og Fjups, og \u00abSkal vi danse\u00bb-profil Viggo Venn (36), er p\u00e5 bes\u00f8k for \u00e5 spre juleglede til barn som m\u00e5 tilbringe h\u00f8ytiden p\u00e5 sykehus. Stemningen l\u00f8fter seg umiddelbart n\u00e5r de banker p\u00e5 d\u00f8rene.<\/p>\n<p>        <img loading=\"lazy\" decoding=\"async\" src=\"https:\/\/www.europesays.com\/no\/wp-content\/uploads\/2025\/12\/84005310.webp\" width=\"667\" height=\"574\" title=\"SPILLOPMAKER: Danseglade Viggo inspirerer klovnekollegaene&#10;Caroline St\u00f8yva Eriksen, ogs\u00e5 kjent som Slurp, og \u00c5sa Hillingseter L\u00f8ping eller Fjups, til \u00e5 pr\u00f8ve noen dansetrinn i korridorene p\u00e5 sykehuset. Foto Andreas Fadum\" alt=\"\" class=\"\" style=\"--aspect-ratio-image: 1.16; \"\/><\/p>\n<p>\n        SPILLOPMAKER: Danseglade Viggo inspirerer klovnekollegaene<br \/>\nCaroline St\u00f8yva Eriksen, ogs\u00e5 kjent som Slurp, og \u00c5sa Hillingseter L\u00f8ping eller Fjups, til \u00e5 pr\u00f8ve noen dansetrinn i korridorene p\u00e5 sykehuset. Foto Andreas Fadum\n    <\/p>\n<p>&#8211; Betyr mye\u00a0\t<\/p>\n<p>For Viggo har dette blitt en kj\u00e6r tradisjon. Hver jul siden 2017 har han reist hjem fra England, tatt p\u00e5 seg klovnenese og brukt kveldene p\u00e5 \u00e5 skape lyspunkter i en ellers t\u00f8ff tid for mange familier.<\/p>\n<p>    <a itemprop=\"url\" href=\"https:\/\/www.seher.no\/kjendis\/en-stor-bekymring\/84017303\" rel=\"nofollow noopener\" target=\"_blank\"><\/p>\n<p>        <img loading=\"lazy\" decoding=\"async\" src=\"https:\/\/www.europesays.com\/no\/wp-content\/uploads\/2025\/12\/1766580627_483_84017217.webp\" width=\"147\" height=\"98\" title=\"- En stor bekymring\" alt=\"\" class=\"lazyload\" style=\"--aspect-ratio-image: 1.50; \"\/><\/p>\n<p>        &#8211; En stor bekymring<\/p>\n<p>    <\/a><\/p>\n<p class=\"font-weight-bold m-font-weight-bold\" data-lab-font_weight=\"font-weight-bold\">&#8211; For barn som ikke kan reise hjem til jul, er julaften p\u00e5 sykehus ekstra tung. \u00c5 f\u00e5 bes\u00f8k av klovnene betyr mye. Plutselig kommer det et lite smil, og de setter i gang en lek. Det er veldig givende, og barna setter veldig pris p\u00e5 det, sier han til Se og H\u00f8r.<\/p>\n<p>        <img loading=\"lazy\" decoding=\"async\" src=\"https:\/\/www.europesays.com\/no\/wp-content\/uploads\/2025\/12\/84005313.webp\" width=\"667\" height=\"487\" title=\"NY KOMPIS:&#10;Ruben Van Ingelgom-Ozalbo (9) synes det&#10;var stor stas \u00e5 f\u00e5 bes\u00f8k&#10;av klovne-trioen. Foto Andreas Fadum\" alt=\"\" class=\"\" style=\"--aspect-ratio-image: 1.37; \"\/><\/p>\n<p>\n        NY KOMPIS:<br \/>\nRuben Van Ingelgom-Ozalbo (9) synes det<br \/>\nvar stor stas \u00e5 f\u00e5 bes\u00f8k<br \/>\nav klovne-trioen. Foto Andreas Fadum\n    <\/p>\n<p>&#8211; Du m\u00e5 ha en lue, Viggo. Alle vi andre har det, sier Slurp.<\/p>\n<p>Kort etter st\u00e5r alle tre i matchende hodeplagg.\u00a0<\/p>\n<p>        \u00abSKAL VI DANSE\u00bb: Danseparet bryter ut i latter under intervjuet. Video: Nora Skavhaug\/ R\u00f8d L\u00f8per<\/p>\n<p>Viggo, som manglet egen lue, tar p\u00e5 seg en bleie for \u00e5 matche de andre \u2013 til stor begeistring fra b\u00e5de klovnekolleger og forbipasserende.\u00a0<\/p>\n<p>&#8211; N\u00e5 var du fin, konkluderer klovnene tilfreds.<\/p>\n<p>    <a itemprop=\"url\" href=\"https:\/\/www.seher.no\/kongelig\/sjarmerende-og-innbydende\/84016827\" rel=\"nofollow noopener\" target=\"_blank\"><\/p>\n<p>        <img loading=\"lazy\" decoding=\"async\" src=\"https:\/\/www.europesays.com\/no\/wp-content\/uploads\/2025\/12\/84017090.webp\" width=\"147\" height=\"98\" title=\"- Sjarmerende og innbydende\" alt=\"\" class=\"lazyload\" style=\"--aspect-ratio-image: 1.50; \"\/><\/p>\n<p>        &#8211; Sjarmerende og innbydende<\/p>\n<p>    <\/a><\/p>\n<p>Jobben som sykehusklovn ble et viktig steg for Viggo &#8211; b\u00e5de faglig og personlig. Under oppl\u00e6ringen fikk han jobbe tett med erfarne skuespillere og l\u00e6rte hvordan klovnene skaper trygghet og mestring i vanskelige situasjoner.<\/p>\n<p>        <img loading=\"lazy\" decoding=\"async\" src=\"https:\/\/www.europesays.com\/no\/wp-content\/uploads\/2025\/12\/84005317.webp\" width=\"559\" height=\"492\" title=\"F\u00d8DT ENTERTAINER:&#10;I \u00abSkal vi danse\u00bb har Viggo&#10;Venn hatt en enorm utvikling&#10;godt hjulpet av dansepartner&#10;Rikke Lund. Nylig danset de en&#10;dans dedikert til Viggos gamle&#10;venn og klovnel\u00e6rer Philippe&#10;Gaulier, som forandret livet&#10;hans. Foot: Andreas Fadum\" alt=\"\" class=\"\" style=\"--aspect-ratio-image: 1.14; \"\/><\/p>\n<p>\n        F\u00d8DT ENTERTAINER:<br \/>\nI \u00abSkal vi danse\u00bb har Viggo<br \/>\nVenn hatt en enorm utvikling<br \/>\ngodt hjulpet av dansepartner<br \/>\nRikke Lund. Nylig danset de en<br \/>\ndans dedikert til Viggos gamle<br \/>\nvenn og klovnel\u00e6rer Philippe<br \/>\nGaulier, som forandret livet<br \/>\nhans. Foot: Andreas Fadum\n    <\/p>\n<p class=\"font-weight-bold m-font-weight-bold\" data-lab-font_weight=\"font-weight-bold\">&#8211; Jeg ville jobbe med noen av Norges flinkeste kunstnere, og de er her. Jeg startet med \u00e5 skygge to erfarne klovner og se hvordan de jobbet. Det gjorde stort inntrykk, forteller han.<\/p>\n<p>Inntrykket ble ikke mindre da han m\u00f8tte en liten gutt med brannskader som skulle f\u00e5 skiftet plaster. Gutten nektet, og situasjonen var i ferd med \u00e5 ende med narkose \u2013 helt til klovnene grep inn.<\/p>\n<p>        <img loading=\"lazy\" decoding=\"async\" src=\"https:\/\/www.europesays.com\/no\/wp-content\/uploads\/2025\/12\/84005308.webp\" width=\"667\" height=\"547\" title=\"GIVENDE ARBEID: Talent-vinneren&#10;tar seg god tid til b\u00e5de smil, lek og sm\u00e5&#10;\u00f8yeblikk med de unge pasientene. Her med&#10;Mattis Thorsen (15), Fjups og Slurp. Foto: Andreas Fadum\" alt=\"\" class=\"\" style=\"--aspect-ratio-image: 1.22; \"\/><\/p>\n<p>\n        GIVENDE ARBEID: Talent-vinneren<br \/>\ntar seg god tid til b\u00e5de smil, lek og sm\u00e5<br \/>\n\u00f8yeblikk med de unge pasientene. Her med<br \/>\nMattis Thorsen (15), Fjups og Slurp. Foto: Andreas Fadum\n    <\/p>\n<p>&#8211; Den ene klovnen bl\u00e5ste opp en imagin\u00e6r ball og kastet den til pappaen, som kastet videre. Plutselig var det volleyballkamp mellom legen, pappaen og klovnen. Gutten ble helt oppslukt, og sykepleierne skiftet plasteret uten at han merket det. Det var helt r\u00e5tt \u00e5 se.<\/p>\n<p>        SKAL VI DANSE: Under finalens f\u00f8rste dans s\u00e5 det ut til at Viggo Venn plutselig mistet balansen. Video: TV2 og R\u00f8d L\u00f8per. Reporter: Thea Hope<\/p>\n<p>Mange kjenner n\u00e5 Viggo fra \u00abSkal vi danse\u00bb, og p\u00e5 Rikshospitalet f\u00e5r b\u00e5de barn, foreldre og ansatte et ekstra h\u00f8ydepunkt n\u00e5r han dukker opp. Han deler ut klemmer, autografer og bilder &#8211; og tar seg ogs\u00e5 en liten dans med Slurp og Fjups.<\/p>\n<p>        <img loading=\"lazy\" decoding=\"async\" src=\"https:\/\/www.europesays.com\/no\/wp-content\/uploads\/2025\/12\/84005314.webp\" width=\"559\" height=\"682\" title=\"IMPROVISERER: Sykehusklovnene er profesjonelle&#10;skuespillere med&#10;spesialoppl\u00e6ring i&#10;m\u00f8te med syke barn.&#10;Viggo har mange gode&#10;minner fra tiden som&#10;sykehusklovn. Foto: Andreas Fadum\" alt=\"\" class=\"\" style=\"--aspect-ratio-image: 0.82; \"\/><\/p>\n<p>\n        IMPROVISERER: Sykehusklovnene er profesjonelle<br \/>\nskuespillere med<br \/>\nspesialoppl\u00e6ring i<br \/>\nm\u00f8te med syke barn.<br \/>\nViggo har mange gode<br \/>\nminner fra tiden som<br \/>\nsykehusklovn. Foto: Andreas Fadum\n    <\/p>\n<p>        <img loading=\"lazy\" decoding=\"async\" src=\"https:\/\/www.europesays.com\/no\/wp-content\/uploads\/2025\/12\/84005316.webp\" width=\"559\" height=\"375\" title=\"NORSK SEIER: Viggo Venn stakk av med seieren i \u00abBritain\u2019s Got Talent\u00bb i&#10;2023. Her f.v. Ant, Alesha Dixon, Amanda Holden, Viggo Venn, Bruno Toniol, Simon&#10;Cowell og Dec. Foto: NTB\" alt=\"\" class=\"\" style=\"--aspect-ratio-image: 1.49; \"\/><\/p>\n<p>\n        NORSK SEIER: Viggo Venn stakk av med seieren i \u00abBritain\u2019s Got Talent\u00bb i<br \/>\n2023. Her f.v. Ant, Alesha Dixon, Amanda Holden, Viggo Venn, Bruno Toniol, Simon<br \/>\nCowell og Dec. Foto: NTB\n    <\/p>\n<p>F\u00f8r seieren i \u00abBritain\u2019s Got Talent\u00bb var det f\u00e5 som visste hvem han var. Etter den spektakul\u00e6re opptredenen med refleksvester skj\u00f8t populariteten i v\u00e6ret, noe som ogs\u00e5 p\u00e5virket klovnerollen.<\/p>\n<p class=\"font-weight-bold m-font-weight-bold\" data-lab-font_weight=\"font-weight-bold\">&#8211; Klovnene skal v\u00e6re litt magiske og mystiske, og det forsvant litt da jeg begynte \u00e5 bli gjenkjent, sier han.<\/p>\n<p>        <img loading=\"lazy\" decoding=\"async\" src=\"https:\/\/www.europesays.com\/no\/wp-content\/uploads\/2025\/12\/84005306.webp\" width=\"686\" height=\"584\" title=\"R\u00d8D NESE: Det er helt spesielt for Viggo \u00e5 ta p\u00e5 seg klovnenese slik han pleide som sykehusklovn. Her sammen med klovnene Maxine P. og Klara.\" alt=\"\" class=\"\" style=\"--aspect-ratio-image: 1.17; \"\/><\/p>\n<p>\n        R\u00d8D NESE: Det er helt spesielt for Viggo \u00e5 ta p\u00e5 seg klovnenese slik han pleide som sykehusklovn. Her sammen med klovnene Maxine P. og Klara.\n    <\/p>\n<p>&#8211; Kan ikke tenke meg noe finere\u00a0\t<\/p>\n<p>Sykehusklovnene har blitt Viggos hjertesak, og i dag er han stolt ambassad\u00f8r for dem. Han donerte 100 000 kroner av premiepengene fra TV-suksessen, og samler fortsatt inn penger hvert \u00e5r.\u00a0<\/p>\n<p>N\u00e5 har han ogs\u00e5 lansert en h\u00e5rvoks i samarbeid med BliVakker, der ti kroner fra hver solgte boks g\u00e5r til organisasjonen.<\/p>\n<p>        <img loading=\"lazy\" decoding=\"async\" src=\"https:\/\/www.europesays.com\/no\/wp-content\/uploads\/2025\/12\/84005307.webp\" width=\"559\" height=\"627\" title=\"MED NESE FOR HUMOR: I flere \u00e5r&#10;var Viggo kjent som klovnen Gimpel, men&#10;m\u00e5tte gi seg da han begynte \u00e5 bli gjenkjent. Foto: Sykehusklovnene\" alt=\"\" class=\"\" style=\"--aspect-ratio-image: 0.89; \"\/><\/p>\n<p>\n        MED NESE FOR HUMOR: I flere \u00e5r<br \/>\nvar Viggo kjent som klovnen Gimpel, men<br \/>\nm\u00e5tte gi seg da han begynte \u00e5 bli gjenkjent. Foto: Sykehusklovnene\n    <\/p>\n<p>Hvert \u00e5r m\u00f8ter klovnene rundt 38 000 barn ved 20 sykehus i Norge. Likevel er det bare \u00e9n av ti barn som f\u00e5r klovnebes\u00f8k.<\/p>\n<p>&#8211; Sykehusklovnene gleder s\u00e5 mange, men er helt avhengig av private givere, og f\u00e5r ingen fast statlig st\u00f8tte. Det betyr veldig mye om noen vil st\u00f8tte dem i julen, sier Viggo. <\/p>\n<p>        <img loading=\"lazy\" decoding=\"async\" src=\"https:\/\/www.europesays.com\/no\/wp-content\/uploads\/2025\/12\/84005315.webp\" width=\"559\" height=\"615\" title=\"KLOVNET DET TIL: P\u00e5 sykehuset likte&#10;Venn \u00e5 spre glede og latter blant barna. Foto: Sykehusklovnene\" alt=\"\" class=\"\" style=\"--aspect-ratio-image: 0.91; \"\/><\/p>\n<p>\n        KLOVNET DET TIL: P\u00e5 sykehuset likte<br \/>\nVenn \u00e5 spre glede og latter blant barna. Foto: Sykehusklovnene\n    <\/p>\n<p>Noen har spurt om arbeidet kan v\u00e6re trist, men Viggo avviser det kontant.<\/p>\n<p>&#8211; Jobben er ikke trist. Vi har ledd og tullet masse, og jeg har mange gode minner. Det handler om \u00e5 gi glede og smil til barn p\u00e5 sykehus, og jeg kan ikke tenke meg noe finere!<\/p>\n<p>        <img loading=\"lazy\" decoding=\"async\" src=\"https:\/\/www.europesays.com\/no\/wp-content\/uploads\/2025\/12\/84005309.webp\" width=\"686\" height=\"961\" title=\"BYR OPP TIL DANS: Viggo elsker&#10;\u00e5 danse, og har imponert mange i \u00abSkal vi&#10;danse\u00bb. P\u00e5 sykehuset b\u00f8d han opp Ellen&#10;Arnstad som er daglig leder i Sykehusklovnene til dans. Hun var selv med i&#10;TV-konkurransen i 2009. Foto: Andreas Fadum\" alt=\"\" class=\"\" style=\"--aspect-ratio-image: 0.71; \"\/><\/p>\n<p>\n        BYR OPP TIL DANS: Viggo elsker<br \/>\n\u00e5 danse, og har imponert mange i \u00abSkal vi<br \/>\ndanse\u00bb. P\u00e5 sykehuset b\u00f8d han opp Ellen<br \/>\nArnstad som er daglig leder i Sykehusklovnene til dans. Hun var selv med i<br \/>\nTV-konkurransen i 2009. Foto: Andreas Fadum\n    <\/p>\n<p>    Sykehusklovnene<\/p>\n<p>* En ideell stiftelse som siden<br \/>\n2001 har skapt glede og mestring for barn p\u00e5 sykehus.<br \/>\n<br \/>* Stiftelsen best\u00e5r av profesjonelle scenekunstnere med<br \/>\nspesialoppl\u00e6ring i sykehusklovning. Det er til sammen 47<br \/>\nsykehusklovner, som er til<br \/>\nstede p\u00e5 20 sykehus over hele<br \/>\nlandet.<br \/>\n<br \/>* Sykehusklovnene samarbeider tett med helsepersonell og tilpasser m\u00f8tene til<br \/>\nhvert enkelt barns behov og<br \/>\ndagsform.<br \/>\n<br \/>* Stiftelsen f\u00e5r ingen fast statlig st\u00f8tte, men lever av innsamlede midler.<br \/>\n<br \/>* Du kan st\u00f8tte dem ved \u00e5<br \/>\nvippse til 10221.<\/p>\n<p>      Vis mer<br \/>\n      Vis mindre<\/p>\n","protected":false},"excerpt":{"rendered":"\u00abSkal vi danse\u00bb-Viggo sprer juleglede med sykehusklovnene Komikeren bodde mange \u00e5r i England, men kom alltid hjem til&hellip;\n","protected":false},"author":2,"featured_media":121058,"comment_status":"","ping_status":"","sticky":false,"template":"","format":"standard","meta":{"footnotes":""},"categories":[10],"tags":[20,21,4104,24,25,15,479,22,23,13,30,28,29,14,16,2280,8198,26,27,2290],"class_list":{"0":"post-121057","1":"post","2":"type-post","3":"status-publish","4":"format-standard","5":"has-post-thumbnail","7":"category-norge","8":"tag-breaking-news","9":"tag-breakingnews","10":"tag-eksklusivt","11":"tag-featured-news","12":"tag-featurednews","13":"tag-headlines","14":"tag-kjendis","15":"tag-latest-news","16":"tag-latestnews","17":"tag-news","18":"tag-no","19":"tag-norge","20":"tag-norway","21":"tag-nyheter","22":"tag-overskrifter","23":"tag-skal-vi-danse","24":"tag-sykehusklovnene","25":"tag-top-stories","26":"tag-topstories","27":"tag-viggo-venn"},"share_on_mastodon":{"url":"https:\/\/pubeurope.com\/@no\/115774638474776796","error":""},"_links":{"self":[{"href":"https:\/\/www.europesays.com\/no\/wp-json\/wp\/v2\/posts\/121057","targetHints":{"allow":["GET"]}}],"collection":[{"href":"https:\/\/www.europesays.com\/no\/wp-json\/wp\/v2\/posts"}],"about":[{"href":"https:\/\/www.europesays.com\/no\/wp-json\/wp\/v2\/types\/post"}],"author":[{"embeddable":true,"href":"https:\/\/www.europesays.com\/no\/wp-json\/wp\/v2\/users\/2"}],"replies":[{"embeddable":true,"href":"https:\/\/www.europesays.com\/no\/wp-json\/wp\/v2\/comments?post=121057"}],"version-history":[{"count":0,"href":"https:\/\/www.europesays.com\/no\/wp-json\/wp\/v2\/posts\/121057\/revisions"}],"wp:featuredmedia":[{"embeddable":true,"href":"https:\/\/www.europesays.com\/no\/wp-json\/wp\/v2\/media\/121058"}],"wp:attachment":[{"href":"https:\/\/www.europesays.com\/no\/wp-json\/wp\/v2\/media?parent=121057"}],"wp:term":[{"taxonomy":"category","embeddable":true,"href":"https:\/\/www.europesays.com\/no\/wp-json\/wp\/v2\/categories?post=121057"},{"taxonomy":"post_tag","embeddable":true,"href":"https:\/\/www.europesays.com\/no\/wp-json\/wp\/v2\/tags?post=121057"}],"curies":[{"name":"wp","href":"https:\/\/api.w.org\/{rel}","templated":true}]}}