{"id":12107,"date":"2025-08-19T10:31:08","date_gmt":"2025-08-19T10:31:08","guid":{"rendered":"https:\/\/www.europesays.com\/no\/12107\/"},"modified":"2025-08-19T10:31:08","modified_gmt":"2025-08-19T10:31:08","slug":"hockeykjempen-thoresen-presentert-i-ny-rolle-skal-ansette-landslagssjef","status":"publish","type":"post","link":"https:\/\/www.europesays.com\/no\/12107\/","title":{"rendered":"Hockeykjempen Thoresen presentert i ny rolle \u2013 skal ansette landslagssjef"},"content":{"rendered":"\n<p class=\"_lead_1bvmi_2 _lead_xtcu6_50 layout-component text-serif-m layout-normal text-serif-l layout-component layout-wide layout-padded _wide_17hqh_1 layout-padded\">Den tidligere landslagskjempen Patrick Thoresen (41) g\u00e5r rett inn i en ny rolle som sportslig ansvarlig for landslagsherrene i Norges Ishockeyforbund.<\/p>\n<p><img alt=\"Patrick Thoresen blir ny sportssjef for det norske herrelandslaget i ishockey.  Foto: Cornelius Poppe \/ NTB\" class=\"_image_qp4xg_65 layout-component layout-wide\" data-fullscreen- data-track-element-type=\"Article image fullscreen\" data-track-name=\"ImageFullscreen\" fetchpriority=\"high\" decoding=\"sync\" loading=\"eager\" height=\"4904\" itemprop=\"image\"  src=\"https:\/\/www.europesays.com\/no\/wp-content\/uploads\/2025\/08\/5bccd2b8-33ee-4b6e-9b49-7a0870c717db\"  style=\"object-position:0% 0%\" width=\"7355\"\/>Patrick Thoresen blir ny sportssjef for det norske herrelandslaget i ishockey.  Foto: Cornelius Poppe \/ NTB<\/p>\n<ul aria-hidden=\"true\" class=\"_images_1y6fe_106\">\n<li><a class=\"_link_1y6fe_111\" href=\"https:\/\/www.vg.no\/forfatter\/ntb\" style=\"z-index:1\" title=\"NTB\" rel=\"nofollow noopener\" target=\"_blank\"><img alt=\"Bilde av NTB\" class=\"_image_1y6fe_88\" fetchpriority=\"low\" loading=\"lazy\" decoding=\"async\" itemprop=\"image\"  src=\"https:\/\/www.europesays.com\/no\/wp-content\/uploads\/2025\/08\/1755599468_472_c33980b0-5d07-4027-84a1-813f90a7c8d6\"  width=\"480\"\/><\/a><\/li>\n<\/ul>\n<p> Oppdatert tirsdag 19. august kl. 12:16     <\/p>\n<p class=\"_paragraph_1bvmi_4 _paragraph_xtcu6_10 layout-component text-serif-m layout-normal text-serif-m layout-padded\">Thoresen ble presentert i lokalene til ishockeyforbundet tirsdag.<\/p>\n<p class=\"_paragraph_1bvmi_4 _paragraph_xtcu6_10 layout-component text-serif-m layout-normal text-serif-m layout-padded\">Avtalen gjelder for to \u00e5r.<\/p>\n<p class=\"_paragraph_1bvmi_4 _paragraph_xtcu6_10 layout-component text-serif-m layout-normal text-serif-m layout-padded\">\u2013 Vi h\u00e5per at den kan forlenges, men der Patrick er n\u00e5 med nylig avsluttet karriere, f\u00f8ler vi at det er fair for alle parter at vi kjenner litt p\u00e5 hverandre i en ny rolle, sier generalsekret\u00e6r Petter Salsten.<\/p>\n<p class=\"_paragraph_1bvmi_4 _paragraph_xtcu6_10 layout-component text-serif-m layout-normal text-serif-m layout-padded\">Han sier han er glad for \u00e5 f\u00e5 Thoresens erfaring og lederegenskaper med p\u00e5 laget.<\/p>\n<p class=\"_paragraph_1bvmi_4 _paragraph_xtcu6_10 layout-component text-serif-m layout-normal text-serif-m layout-padded\">Hovedpersonen gleder seg til den nye rollen han n\u00e5 skal bekle.<\/p>\n<p class=\"_paragraph_1bvmi_4 _paragraph_xtcu6_10 layout-component text-serif-m layout-normal text-serif-m layout-padded\">\u2013 Dette er f\u00f8rst og fremst en fin rolle \u00e5 g\u00e5 inn i rett etter karrieren. Jeg har spilt sammen med mange av spillerne jeg n\u00e5 skal samarbeide med, sier han.<\/p>\n<p>Skal ansette landslagssjef<\/p>\n<p class=\"_paragraph_1bvmi_4 _paragraph_xtcu6_10 layout-component text-serif-m layout-normal text-serif-m layout-padded\">Thoresen skal blant annet g\u00e5 i dialog med aktuelle landslagsspillere og deres klubblag. Han skal ogs\u00e5 bidra til treneransettelser i forbundet samt delta i uttak.<\/p>\n<p class=\"_paragraph_1bvmi_4 _paragraph_xtcu6_10 layout-component text-serif-m layout-normal text-serif-m layout-padded\">Norges Ishockeyforbund skal ogs\u00e5 p\u00e5 jakt etter en ny landslagssjef i tiden som kommer. Jobben har v\u00e6rt ledig siden Tobias Johansson gikk av i juni.<\/p>\n<p class=\"_paragraph_1bvmi_4 _paragraph_xtcu6_10 layout-component text-serif-m layout-normal text-serif-m layout-padded\">\u2013 \u00c5 ansette en ny landslagssjef blir min hovedoppgave i tiden som kommer. Prioritet nummer \u00e9n er \u00e5 f\u00e5 p\u00e5 plass et trenerteam, sier Thoresen til NTB.<\/p>\n<p class=\"_paragraph_1bvmi_4 _paragraph_xtcu6_10 layout-component text-serif-m layout-normal text-serif-m layout-padded\">41-\u00e5ringen sier at han per n\u00e5 ikke har noen konkrete navn i hodet.<\/p>\n<p>Stor karriere<\/p>\n<p class=\"_paragraph_1bvmi_4 _paragraph_xtcu6_10 layout-component text-serif-m layout-normal text-serif-m layout-padded\">Han avviser at han selv kunne v\u00e6rt aktuell i den ledige rollen.<\/p>\n<p class=\"_paragraph_1bvmi_4 _paragraph_xtcu6_10 layout-component text-serif-m layout-normal text-serif-m layout-padded\">\u2013 Jeg skal v\u00e6re s\u00e5 ydmyk \u00e5 si at det ville v\u00e6rt en for stor oppgave for meg n\u00e5. \u00c9n ting er \u00e5 v\u00e6re leder i en spillergruppe. Det \u00e5 v\u00e6re en trener krever en del erfaring, og den har jeg ikke n\u00e5, sier Thoresen.<\/p>\n<p class=\"_paragraph_1bvmi_4 _paragraph_xtcu6_10 layout-component text-serif-m layout-normal text-serif-m layout-padded\">41-\u00e5ringen ga seg som aktiv etter forrige sesong. Da var han en del av Djurg\u00e5rden i den svenske toppdivisjonen (SHL).<\/p>\n<p class=\"_paragraph_1bvmi_4 _paragraph_xtcu6_10 layout-component text-serif-m layout-normal text-serif-m layout-padded\">Thoresen er en av tidenes st\u00f8rste norske ishockeyspillere med klubber som Philadelphia Flyers (NHL), Edmonton Oilers (NHL), SKA St. Petersburg (KHL) og Djurg\u00e5rden (SHL) p\u00e5 CV-en. Han har ogs\u00e5 vunnet NM-titler med Storhamar.<\/p>\n<p class=\"_paragraph_1bvmi_4 _paragraph_xtcu6_10 layout-component text-serif-m layout-normal text-serif-m layout-padded\">Hockeykjempen fikk 105 offisielle kamper i OL og VM for Norge.<\/p>\n","protected":false},"excerpt":{"rendered":"Den tidligere landslagskjempen Patrick Thoresen (41) g\u00e5r rett inn i en ny rolle som sportslig ansvarlig for landslagsherrene&hellip;\n","protected":false},"author":2,"featured_media":12108,"comment_status":"","ping_status":"","sticky":false,"template":"","format":"standard","meta":{"footnotes":""},"categories":[59],"tags":[977,30,28,29,2421,83,82],"class_list":{"0":"post-12107","1":"post","2":"type-post","3":"status-publish","4":"format-standard","5":"has-post-thumbnail","7":"category-sport","8":"tag-ishockey","9":"tag-no","10":"tag-norge","11":"tag-norway","12":"tag-patrick-thoresen","13":"tag-sport","14":"tag-sports"},"share_on_mastodon":{"url":"","error":""},"_links":{"self":[{"href":"https:\/\/www.europesays.com\/no\/wp-json\/wp\/v2\/posts\/12107","targetHints":{"allow":["GET"]}}],"collection":[{"href":"https:\/\/www.europesays.com\/no\/wp-json\/wp\/v2\/posts"}],"about":[{"href":"https:\/\/www.europesays.com\/no\/wp-json\/wp\/v2\/types\/post"}],"author":[{"embeddable":true,"href":"https:\/\/www.europesays.com\/no\/wp-json\/wp\/v2\/users\/2"}],"replies":[{"embeddable":true,"href":"https:\/\/www.europesays.com\/no\/wp-json\/wp\/v2\/comments?post=12107"}],"version-history":[{"count":0,"href":"https:\/\/www.europesays.com\/no\/wp-json\/wp\/v2\/posts\/12107\/revisions"}],"wp:featuredmedia":[{"embeddable":true,"href":"https:\/\/www.europesays.com\/no\/wp-json\/wp\/v2\/media\/12108"}],"wp:attachment":[{"href":"https:\/\/www.europesays.com\/no\/wp-json\/wp\/v2\/media?parent=12107"}],"wp:term":[{"taxonomy":"category","embeddable":true,"href":"https:\/\/www.europesays.com\/no\/wp-json\/wp\/v2\/categories?post=12107"},{"taxonomy":"post_tag","embeddable":true,"href":"https:\/\/www.europesays.com\/no\/wp-json\/wp\/v2\/tags?post=12107"}],"curies":[{"name":"wp","href":"https:\/\/api.w.org\/{rel}","templated":true}]}}