{"id":121076,"date":"2025-12-24T13:45:41","date_gmt":"2025-12-24T13:45:41","guid":{"rendered":"https:\/\/www.europesays.com\/no\/121076\/"},"modified":"2025-12-24T13:45:41","modified_gmt":"2025-12-24T13:45:41","slug":"trafikk-troms-anmeldt-for-minst-fem-lovbrudd","status":"publish","type":"post","link":"https:\/\/www.europesays.com\/no\/121076\/","title":{"rendered":"Trafikk, Troms | Anmeldt for minst fem lovbrudd"},"content":{"rendered":"\n<p>Klokka 00:40 natt til 24. desember stanset politipatruljen den svenskregistrerte bilen. Bak rattet satt en kinesisk statsborger som ikke kunne fremvise gyldig f\u00f8rerkort.<\/p>\n<p>I bilen befant det seg syv utenlandske turister.<\/p>\n<p>Sj\u00e5f\u00f8ren ble anmeldt for brudd p\u00e5 yrkestransportforskriften for persontransport mot vederlag uten \u00e5 ha de n\u00f8dvendige tillatelsene. Han manglet l\u00f8yve, kj\u00f8reseddel og fritakserkl\u00e6ring som kreves for slik virksomhet.<\/p>\n<p>I tillegg ble han anmeldt for ikke \u00e5 ha gyldig f\u00f8rerkort og for ulovlig arbeid i Norge.<\/p>\n<p>\u2013 Han jobber i Norge med visum som ikke tillater dette, opplyser Troms politidistrikt.<\/p>\n","protected":false},"excerpt":{"rendered":"Klokka 00:40 natt til 24. desember stanset politipatruljen den svenskregistrerte bilen. Bak rattet satt en kinesisk statsborger som&hellip;\n","protected":false},"author":2,"featured_media":2176,"comment_status":"","ping_status":"","sticky":false,"template":"","format":"standard","meta":{"footnotes":""},"categories":[10],"tags":[36,20,21,24,25,15,22,23,13,30,28,29,14,16,1510,26,27,224,2409,14399],"class_list":{"0":"post-121076","1":"post","2":"type-post","3":"status-publish","4":"format-standard","5":"has-post-thumbnail","7":"category-norge","8":"tag-art","9":"tag-breaking-news","10":"tag-breakingnews","11":"tag-featured-news","12":"tag-featurednews","13":"tag-headlines","14":"tag-latest-news","15":"tag-latestnews","16":"tag-news","17":"tag-no","18":"tag-norge","19":"tag-norway","20":"tag-nyheter","21":"tag-overskrifter","22":"tag-story","23":"tag-top-stories","24":"tag-topstories","25":"tag-trafikk","26":"tag-troms","27":"tag-turism"},"share_on_mastodon":{"url":"https:\/\/pubeurope.com\/@no\/115774850535001041","error":""},"_links":{"self":[{"href":"https:\/\/www.europesays.com\/no\/wp-json\/wp\/v2\/posts\/121076","targetHints":{"allow":["GET"]}}],"collection":[{"href":"https:\/\/www.europesays.com\/no\/wp-json\/wp\/v2\/posts"}],"about":[{"href":"https:\/\/www.europesays.com\/no\/wp-json\/wp\/v2\/types\/post"}],"author":[{"embeddable":true,"href":"https:\/\/www.europesays.com\/no\/wp-json\/wp\/v2\/users\/2"}],"replies":[{"embeddable":true,"href":"https:\/\/www.europesays.com\/no\/wp-json\/wp\/v2\/comments?post=121076"}],"version-history":[{"count":0,"href":"https:\/\/www.europesays.com\/no\/wp-json\/wp\/v2\/posts\/121076\/revisions"}],"wp:featuredmedia":[{"embeddable":true,"href":"https:\/\/www.europesays.com\/no\/wp-json\/wp\/v2\/media\/2176"}],"wp:attachment":[{"href":"https:\/\/www.europesays.com\/no\/wp-json\/wp\/v2\/media?parent=121076"}],"wp:term":[{"taxonomy":"category","embeddable":true,"href":"https:\/\/www.europesays.com\/no\/wp-json\/wp\/v2\/categories?post=121076"},{"taxonomy":"post_tag","embeddable":true,"href":"https:\/\/www.europesays.com\/no\/wp-json\/wp\/v2\/tags?post=121076"}],"curies":[{"name":"wp","href":"https:\/\/api.w.org\/{rel}","templated":true}]}}