{"id":121079,"date":"2025-12-24T13:54:42","date_gmt":"2025-12-24T13:54:42","guid":{"rendered":"https:\/\/www.europesays.com\/no\/121079\/"},"modified":"2025-12-24T13:54:42","modified_gmt":"2025-12-24T13:54:42","slug":"pakke-strommen-er-stor-na-ht-no","status":"publish","type":"post","link":"https:\/\/www.europesays.com\/no\/121079\/","title":{"rendered":"(+) \u2013 Pakke-str\u00f8mmen er stor n\u00e5 &#8211; ht.no"},"content":{"rendered":"<ol>\n<li><a href=\"https:\/\/news.google.com\/rss\/articles\/CBMic0FVX3lxTE9JbDgwUDdkaDV4aDVxZF9RMlNGM1AyS0VEcmhpWlVycFB3bzNjYTc5NGVqckI2c192SjFzeG1ZclZMRGp4bG83UmtqWkhkN2Y2NVVLdXNtOXJ3WnZBWGxvd09BUEh3bDg1clR3S1E1a1lwZWc?oc=5\" target=\"_blank\" rel=\"nofollow noopener\">(+) \u2013 Pakke-str\u00f8mmen er stor n\u00e5<\/a>&nbsp;&nbsp;ht.no<\/li>\n<li><a href=\"https:\/\/news.google.com\/rss\/articles\/CBMigwFBVV95cUxQOFRfYU1oVFhSZ3dUNU1nRHdWa2ZCQnFCU0pjY3VQczkyTG1BNnhPU2MwaldNMURYbHZXYm1tVlRRaF9tSGs1OTk1c3ZGdG9nTjNhamdlWXVVOEpZcm8zX29PbTdRbllZb1F5VGJrb0VESTh2d2ZYSDZwTkpnN1V1dVBaNA?oc=5\" target=\"_blank\" rel=\"nofollow noopener\">Posten: &#8211; Har aldri levert ut s\u00e5 mange pakker f\u00f8r jul<\/a>&nbsp;&nbsp;adressa.no<\/li>\n<li><a href=\"https:\/\/news.google.com\/rss\/articles\/CBMickFVX3lxTE1BZW5oYmZMdUh1OFBzdmFOZ290Y1NUZVg2X2Z2bFByVVdmdXpxQ09iZDdtSnh3TlJmS3NGNkkwSHFNLXZPZWxFQ2Z0bkdOLWJ4eUVscXY0cW4xVDhXRnFsWFBobllfN2xDb1VCSHpuUXJLZw?oc=5\" target=\"_blank\" rel=\"nofollow noopener\">Alle julegaver er utlevert<\/a>&nbsp;&nbsp;itromso.no<\/li>\n<li><a href=\"https:\/\/news.google.com\/rss\/articles\/CBMinwFBVV95cUxPSXphT05Cem51ZTJzcFk5bndocEQtVGJPOE9ncWpKb1pRRTdTakJRSURrVHlJZkF5dFRBcWctWkwzRFFMeWE3MVJ5QXNKckxybnc1QTA3YkdzX09wNXpBcEJGT2hTRHdKWmF0QVF2cWRqVTByZS1uVmtKSnUyRjZCc1M4eGpFVzJ4VWZSSHdfWFFGQ1o4Z0hud0diNVU1UVU?oc=5\" target=\"_blank\" rel=\"nofollow noopener\">Nyheter, Jul | Aldri opplevd st\u00f8rre p\u00e5gang: \u2013 M\u00e5 brette opp ermene og st\u00e5 p\u00e5<\/a>&nbsp;&nbsp;Moss Avis<\/li>\n<li><a href=\"https:\/\/news.google.com\/rss\/articles\/CBMigAFBVV95cUxNMlZKUENfcHc2OFNsTWFLRzlXU2FkS3E2aEZXYXRYYUVxUW1jZEZONGVJRGhoTk5fVUEzeW1lSWhoMUYxVk9TbnE3ZC05VVZPM1pxOURXTDNQM2tlUEt5UkJDQkczZjIxR0FjUE9zVm5wendmZGROb0ZVWTdyWUZkdA?oc=5\" target=\"_blank\" rel=\"nofollow noopener\">Posten, Julegaver | Her er det fortsatt masse pakker \u00e5 hente<\/a>&nbsp;&nbsp;Tr\u00f8nder-Avisa<\/li>\n<\/ol>\n","protected":false},"excerpt":{"rendered":"(+) \u2013 Pakke-str\u00f8mmen er stor n\u00e5&nbsp;&nbsp;ht.no Posten: &#8211; Har aldri levert ut s\u00e5 mange pakker f\u00f8r jul&nbsp;&nbsp;adressa.no Alle&hellip;\n","protected":false},"author":2,"featured_media":121080,"comment_status":"","ping_status":"","sticky":false,"template":"","format":"standard","meta":{"footnotes":""},"categories":[10],"tags":[20,21,24,25,15,22,23,13,30,28,29,14,14401,16,9320,14400,5715,1457,26,27],"class_list":{"0":"post-121079","1":"post","2":"type-post","3":"status-publish","4":"format-standard","5":"has-post-thumbnail","7":"category-norge","8":"tag-breaking-news","9":"tag-breakingnews","10":"tag-featured-news","11":"tag-featurednews","12":"tag-headlines","13":"tag-latest-news","14":"tag-latestnews","15":"tag-news","16":"tag-no","17":"tag-norge","18":"tag-norway","19":"tag-nyheter","20":"tag-ole-petter-tandsten","21":"tag-overskrifter","22":"tag-pakker","23":"tag-post-i-butikk","24":"tag-sms","25":"tag-svolvaer","26":"tag-top-stories","27":"tag-topstories"},"share_on_mastodon":{"url":"https:\/\/pubeurope.com\/@no\/115774885927657356","error":""},"_links":{"self":[{"href":"https:\/\/www.europesays.com\/no\/wp-json\/wp\/v2\/posts\/121079","targetHints":{"allow":["GET"]}}],"collection":[{"href":"https:\/\/www.europesays.com\/no\/wp-json\/wp\/v2\/posts"}],"about":[{"href":"https:\/\/www.europesays.com\/no\/wp-json\/wp\/v2\/types\/post"}],"author":[{"embeddable":true,"href":"https:\/\/www.europesays.com\/no\/wp-json\/wp\/v2\/users\/2"}],"replies":[{"embeddable":true,"href":"https:\/\/www.europesays.com\/no\/wp-json\/wp\/v2\/comments?post=121079"}],"version-history":[{"count":0,"href":"https:\/\/www.europesays.com\/no\/wp-json\/wp\/v2\/posts\/121079\/revisions"}],"wp:featuredmedia":[{"embeddable":true,"href":"https:\/\/www.europesays.com\/no\/wp-json\/wp\/v2\/media\/121080"}],"wp:attachment":[{"href":"https:\/\/www.europesays.com\/no\/wp-json\/wp\/v2\/media?parent=121079"}],"wp:term":[{"taxonomy":"category","embeddable":true,"href":"https:\/\/www.europesays.com\/no\/wp-json\/wp\/v2\/categories?post=121079"},{"taxonomy":"post_tag","embeddable":true,"href":"https:\/\/www.europesays.com\/no\/wp-json\/wp\/v2\/tags?post=121079"}],"curies":[{"name":"wp","href":"https:\/\/api.w.org\/{rel}","templated":true}]}}