{"id":121081,"date":"2025-12-24T13:58:18","date_gmt":"2025-12-24T13:58:18","guid":{"rendered":"https:\/\/www.europesays.com\/no\/121081\/"},"modified":"2025-12-24T13:58:18","modified_gmt":"2025-12-24T13:58:18","slug":"sport-sykling-er-blant-de-25-beste-i-stor-karing-har-lagt-bak-seg-nok-en-sterk-sesong","status":"publish","type":"post","link":"https:\/\/www.europesays.com\/no\/121081\/","title":{"rendered":"Sport, Sykling | Er blant de 25 beste i stor k\u00e5ring: \u2013\u00a0Har lagt bak seg nok en sterk sesong"},"content":{"rendered":"\n<p>Dversnes tok i \u00e5r sin forel\u00f8pig st\u00f8rste seier p\u00e5 tohjulingen da han gikk helt til topps p\u00e5 den femte etappen i World Tour-rittet Tirreno-Adriatico. Det holder til <a href=\"https:\/\/www.aftenbladet.no\/sport\/i\/OoGx21\/stor-kaaring-dette-er-regionens-50-beste-idrettsutoevere-i-2025\" rel=\"Follow nofollow noopener\" target=\"_blank\">en 25. plass i Aftenbladets faste k\u00e5ring<\/a>. Dversnes er p\u00e5 plassen rett foran den mye omtalte friidrettsut\u00f8veren Narve Gilje Nord\u00e5s og rett bak hockeyspilleren Thomas Berg-Paulsen, som spiller for Malm\u00f8 Redhawks.<\/p>\n<p>\u2013 Egersund-karen har lagt bak seg nok en sterk sesong p\u00e5 sykkelen, poengterer Aftenbladet, som blant viser til at Dversnes har gjort jobben som hjelperytter i flere renommerte ritt. Han fikk imidlertid ikke plass i Tour de France-troppen til Uno-X.<\/p>\n<p>28-\u00e5ringen f\u00e5r nye muligheter til \u00e5 sl\u00e5 seg inn i verdens st\u00f8rste etapperitt i 2026. Uno-X har n\u00e5 f\u00e5tt World Tour-lisens og er dermed kvalifisert til alt som skjer p\u00e5 sykkelsportens st\u00f8rste scene.<\/p>\n<p>Aftenbladets k\u00e5ring toppes for \u00f8vrig at den ikke helt ukjente fotballspilleren Erling Braut Haaland fra J\u00e6ren, som \u00abhar b\u00f8ttet inn m\u00e5l i hele \u00e5r\u00ab og \u00abv\u00e6rt i fyr og flamme i VM-kvalifiseringen\u00bb. Deretter f\u00f8lger en annen 25-\u00e5ring, friidrettsut\u00f8veren Jakob Asserson Ingebrigtsen fra Sandnes, som satte to verdensrekorder og tok to gull i b\u00e5de VM og EM innend\u00f8rs, f\u00f8r resten av sesongen ble mer eller mindre spolert av skade. Nummer tre i k\u00e5ringen er sk\u00f8ytel\u00f8peren Peder Kongshaug fra Stavanger, som blant annet har tatt VM-gull p\u00e5 1.500 meter i \u00e5r.<\/p>\n<p>Det kan ogs\u00e5 nevnes at fotballspilleren Henrik Falchener er nummer 11 p\u00e5 lista. Midtstopperen spilte for EIK f\u00f8r han gikk til Viking i forkant av sesongen som nylig var ferdig.<\/p>\n<p>  <a href=\"https:\/\/www.dalane-tidende.no\/5-101-794304\" class=\"related-teaser has-image default-story-teaser article--c-eRUmMG article--c-eRUmMG-jKCPdD-design-default\" rel=\"nofollow noopener\" target=\"_blank\"><\/p>\n<p>    <img decoding=\"async\" loading=\"lazy\"  src=\"https:\/\/www.europesays.com\/no\/wp-content\/uploads\/2025\/12\/NTB_nn5e5dqCCFI.jpg\" alt=\"\" class=\"brick-c-cFOWSL\" style=\"\"\/><\/p>\n<p>\n            Les ogs\u00e5<\/p>\n<p>              Dversnes vant sisteetappen i Arctic Race: \u2013 Det var vilt\n        <\/p>\n<p>  <\/a><\/p>\n<p>  <a href=\"https:\/\/www.dalane-tidende.no\/5-101-782290\" class=\"related-teaser has-image default-story-teaser article--c-eRUmMG article--c-eRUmMG-jKCPdD-design-default\" rel=\"nofollow noopener\" target=\"_blank\"><\/p>\n<p>    <img decoding=\"async\" loading=\"lazy\"  src=\"https:\/\/www.europesays.com\/no\/wp-content\/uploads\/2025\/12\/NTB_ji6Dfd2uAp8.jpg\" alt=\"\" class=\"brick-c-cFOWSL\" style=\"\"\/><\/p>\n<p>\n            Les ogs\u00e5<\/p>\n<p>              Dversnes viser form: Havnet rett utenfor pallen p\u00e5 NM-tempoen\n        <\/p>\n<p>  <\/a><\/p>\n<p>  <a href=\"https:\/\/www.dalane-tidende.no\/5-101-779304\" class=\"related-teaser has-image default-story-teaser article--c-eRUmMG article--c-eRUmMG-jKCPdD-design-default\" rel=\"nofollow noopener\" target=\"_blank\"><\/p>\n<p>    <img decoding=\"async\" loading=\"lazy\"  src=\"https:\/\/www.europesays.com\/no\/wp-content\/uploads\/2025\/12\/NTB_ji6Dfd2uAp8.jpg\" alt=\"\" class=\"brick-c-cFOWSL\" style=\"\"\/><\/p>\n<p>\n            Les ogs\u00e5<\/p>\n<p>              Ingen Tour de France p\u00e5 Dversnes: \u2013 Man blir selvf\u00f8lgelig skuffa\n        <\/p>\n<p>  <\/a><\/p>\n<p>  <a href=\"https:\/\/www.dalane-tidende.no\/5-101-753770\" class=\"related-teaser has-image default-story-teaser article--c-eRUmMG article--c-eRUmMG-jKCPdD-design-default\" rel=\"nofollow noopener\" target=\"_blank\"><\/p>\n<p>    <img decoding=\"async\" loading=\"lazy\"  src=\"https:\/\/www.europesays.com\/no\/wp-content\/uploads\/2025\/12\/483349722_1289286975488583_1280719717771188757_n.jpg\" alt=\"\" class=\"brick-c-cFOWSL\" style=\"\"\/><\/p>\n<p>\n            Les ogs\u00e5<\/p>\n<p>              Dversnes fra Eigersund vant etappen: \u2013 En av Uno-Xs aller st\u00f8rste seiere, sier Eurosport-kommentaror\n        <\/p>\n<p>  <\/a><\/p>\n","protected":false},"excerpt":{"rendered":"Dversnes tok i \u00e5r sin forel\u00f8pig st\u00f8rste seier p\u00e5 tohjulingen da han gikk helt til topps p\u00e5 den&hellip;\n","protected":false},"author":2,"featured_media":4534,"comment_status":"","ping_status":"","sticky":false,"template":"","format":"standard","meta":{"footnotes":""},"categories":[59],"tags":[36,88,30,28,29,83,82,1510,1147],"class_list":{"0":"post-121081","1":"post","2":"type-post","3":"status-publish","4":"format-standard","5":"has-post-thumbnail","7":"category-sport","8":"tag-art","9":"tag-eigersund","10":"tag-no","11":"tag-norge","12":"tag-norway","13":"tag-sport","14":"tag-sports","15":"tag-story","16":"tag-sykling"},"share_on_mastodon":{"url":"https:\/\/pubeurope.com\/@no\/115774902184952791","error":""},"_links":{"self":[{"href":"https:\/\/www.europesays.com\/no\/wp-json\/wp\/v2\/posts\/121081","targetHints":{"allow":["GET"]}}],"collection":[{"href":"https:\/\/www.europesays.com\/no\/wp-json\/wp\/v2\/posts"}],"about":[{"href":"https:\/\/www.europesays.com\/no\/wp-json\/wp\/v2\/types\/post"}],"author":[{"embeddable":true,"href":"https:\/\/www.europesays.com\/no\/wp-json\/wp\/v2\/users\/2"}],"replies":[{"embeddable":true,"href":"https:\/\/www.europesays.com\/no\/wp-json\/wp\/v2\/comments?post=121081"}],"version-history":[{"count":0,"href":"https:\/\/www.europesays.com\/no\/wp-json\/wp\/v2\/posts\/121081\/revisions"}],"wp:featuredmedia":[{"embeddable":true,"href":"https:\/\/www.europesays.com\/no\/wp-json\/wp\/v2\/media\/4534"}],"wp:attachment":[{"href":"https:\/\/www.europesays.com\/no\/wp-json\/wp\/v2\/media?parent=121081"}],"wp:term":[{"taxonomy":"category","embeddable":true,"href":"https:\/\/www.europesays.com\/no\/wp-json\/wp\/v2\/categories?post=121081"},{"taxonomy":"post_tag","embeddable":true,"href":"https:\/\/www.europesays.com\/no\/wp-json\/wp\/v2\/tags?post=121081"}],"curies":[{"name":"wp","href":"https:\/\/api.w.org\/{rel}","templated":true}]}}