{"id":121087,"date":"2025-12-24T14:10:11","date_gmt":"2025-12-24T14:10:11","guid":{"rendered":"https:\/\/www.europesays.com\/no\/121087\/"},"modified":"2025-12-24T14:10:11","modified_gmt":"2025-12-24T14:10:11","slug":"ukraina-russland-ukrainas-president-volodymyr-zelenskyj-onsker-en-demilitarisert-sone-i-donetsk","status":"publish","type":"post","link":"https:\/\/www.europesays.com\/no\/121087\/","title":{"rendered":"Ukraina, Russland | Ukrainas president Volodymyr Zelenskyj \u00f8nsker en demilitarisert sone i Donetsk"},"content":{"rendered":"\n<p>Over en lengre periode har det p\u00e5g\u00e5tt forhandlinger om fred mellom Ukraina og Russland.<\/p>\n<p><b>Les ogs\u00e5:<\/b> <a href=\"https:\/\/www.nettavisen.no\/nyheter\/veien-til-fred-na-ma-putin-tenke-nytt\/s\/5-95-2793846\" rel=\"Follow nofollow noopener\" target=\"_blank\">\u2013 Dette tvinger Putin til \u00e5 tenke nytt<\/a><\/p>\n<p>Det f\u00f8rste fredsutkastet til planen fikk mye kritikk for \u00e5 tilsynelatende ha g\u00e5tt med p\u00e5 samtlige av Russlands territorielle krav, deriblant at Ukraina skal trekke seg ut av Donetsk og at regionen skal anerkjennes som russisk.<\/p>\n<p>    Vil du se neste video?<\/p>\n<p>    <a href=\"https:\/\/www.nettavisen.no\/nyheter\/ville-donald-trump-spekulasjoner-det-er-noe-galt\/v\/5-95-2784982\" class=\"recommend-poster\" data-adp-clicklabel=\"video-recommend\" data-adp-clickvalue=\"poster\" rel=\"nofollow noopener\" target=\"_blank\"><br \/>\n      <img decoding=\"async\" width=\"200\" height=\"200\" loading=\"lazy\" src=\"https:\/\/www.europesays.com\/no\/wp-content\/uploads\/2025\/12\/Forvirret+Trump+2.jpg\" alt=\"\" class=\"brick-c-cFOWSL\" style=\"--brick-image-ratio: 200 \/ 200;\"\/><\/p>\n<p>Ville Trump-spekulasjoner: \u2013 Det er noe galt0:57<\/p>\n<p>    <\/a><\/p>\n<p>Demilitarisert sone i Donetsk<\/p>\n<p>N\u00e5 skal imidlertid Volodymyr Zelenskyj v\u00e6re villig til \u00e5 inng\u00e5 et kompromiss, men kun hvis Putin aksepterer \u00e9n betingelse.<\/p>\n<p>P\u00e5 lille julaften sa han til journalister at Ukraina kan trekke ut sine tropper i den \u00f8stlige Donetsk-regionen, hvis omr\u00e5det blir til .<\/p>\n<p><a href=\"https:\/\/www.nytimes.com\/2025\/12\/24\/world\/europe\/zelensky-demilitarized-zone-offer.html\" rel=\"Follow nofollow noopener\" target=\"_blank\">Det skriver storavisen The New York Times p\u00e5 julaften<\/a>.<\/p>\n<p>    Vil du se neste video?<\/p>\n<p>    <a href=\"https:\/\/www.nettavisen.no\/nyheter\/ville-donald-trump-spekulasjoner-det-er-noe-galt\/v\/5-95-2784982\" class=\"recommend-poster\" data-adp-clicklabel=\"video-recommend\" data-adp-clickvalue=\"poster\" rel=\"nofollow noopener\" target=\"_blank\"><br \/>\n      <img decoding=\"async\" width=\"200\" height=\"200\" loading=\"lazy\" src=\"https:\/\/www.europesays.com\/no\/wp-content\/uploads\/2025\/12\/Forvirret+Trump+2.jpg\" alt=\"\" class=\"brick-c-cFOWSL\" style=\"--brick-image-ratio: 200 \/ 200;\"\/><\/p>\n<p>Ville Trump-spekulasjoner: \u2013 Det er noe galt0:57<\/p>\n<p>    <\/a><\/p>\n<p>Zelenskyj spiller ballen til Putin<\/p>\n<p>Ukrainas president forsikret at Russland selv m\u00e5 gi noe tilbake, hvis han skal inng\u00e5 et kompromiss.<\/p>\n<p>\u2013 Russland m\u00e5 trekke tilbake sine styrker fra et tilsvarende stykke land i Donetsk, skal han ha sagt, if\u00f8lge The New York Times.<\/p>\n<p><b>Les ogs\u00e5:<\/b> <a rel=\"Follow nofollow noopener\" href=\"https:\/\/www.nettavisen.no\/ukraina\/fred\/russland\/ukrainas-folk-med-klar-beskjed-russlands-fredforslag-er-fullstendig-uakseptabelt\/s\/5-95-2782231\" target=\"_blank\">Ukrainas folk med klar beskjed: \u2013 Russlands fredskrav er fullstendig uakseptable<\/a><\/p>\n<p>Russlands president Vladimir Putin har p\u00e5 sin side sagt at Russland kun godtar at ukrainske styrker trekker seg hundre prosent ut av Donetsk-regionen, slik at omr\u00e5det kommer under full russisk kontroll.<\/p>\n<p>Zelenskyj forventer likevel at <a rel=\"Follow nofollow noopener\" href=\"https:\/\/www.nytimes.com\/2025\/12\/24\/world\/europe\/zelensky-demilitarized-zone-offer.html\" target=\"_blank\">Putin kommer med et svar i l\u00f8pet av julaften<\/a>.<\/p>\n<p>   <img decoding=\"async\" width=\"5883\" height=\"3922\" fetchpriority=\"low\"  loading=\"lazy\"  src=\"https:\/\/www.europesays.com\/no\/wp-content\/uploads\/2025\/12\/cueres_scp-mangler_navn_d8F-R5Dlr_s.jpg\" alt=\"Russian President Vladimir Putin listens to Russian State Duma Speaker Vyacheslav Volodin during their meeting at the Kremlin in Moscow, late Tuesday, Dec. 23, 2025. (Mikhail Metzel\/Sputnik, Kremlin Pool Photo via AP)\" class=\"brick-c-cFOWSL\" style=\"--brick-image-ratio: 5883 \/ 3922;\"\/><\/p>\n<p>      NEKTER: Russlands president Vladimir Putin har sagt at det er uaktuelt \u00e5 trekke ut russiske styrker fra Donetsk-regionen.<br \/>\n      Foto: Mikhail Metzel (AP)\n    <\/p>\n<p>  Ukrainsk Nato-medlemskap<\/p>\n<p>I det nye utkastet som inneholder 20 punkter, \u00e5pner ogs\u00e5 Zelenskyj opp for at Ukraina kan bli en del av Nato.<\/p>\n<p>\u2013 Det er Nato-medlemmenes valg om de vil ha Ukraina eller ikke. Vi har g\u00e5tt bort fra de foresl\u00e5tte endringene i Ukrainas grunnlov som ville ha forbudt Ukraina fra \u00e5 bli med i Nato, sa Ukrainas president p\u00e5 tirsdag.<\/p>\n<p><b>Les ogs\u00e5:<\/b> <a href=\"https:\/\/www.nettavisen.no\/nyheter\/russisk-luftangrep-mot-kyiv\/s\/5-95-2794517\" rel=\"Follow nofollow noopener\" target=\"_blank\">Iskaldt julebudskap fra Moskva til Ukraina \u2013 store str\u00f8mbrudd etter massivt angrep<\/a><\/p>\n<p>Presidenten opplyser ogs\u00e5 at det ikke har lyktes ukrainske og amerikanske forhandlingsteam \u00e5 komme til enighet om langsiktige territorielle sp\u00f8rsm\u00e5l. Zelenskyj ber derfor om et m\u00f8te p\u00e5 lederniv\u00e5.<\/p>\n<p>\u2013 Vi har ikke oppn\u00e5dd enighet med den amerikanske siden n\u00e5r det gjelder territoriet i Donetsk-regionen og atomkraftverket i Zaporizjzja. Vi er klare for et m\u00f8te med USA p\u00e5 lederniv\u00e5 for \u00e5 ta opp sensitive sp\u00f8rsm\u00e5l, poengterte han.<\/p>\n<p>Zelenskyj presiserte imidlertid ikke om et m\u00f8te p\u00e5 lederniv\u00e5 ville inkludert Putin.<\/p>\n<p>Kan avholde valg i Ukraina<\/p>\n<p>I den reviderte planen foresl\u00e5s det at Ukraina skal avholde valg s\u00e5 snart avtalen signeres. I det tidligere utkastet var det fastsatt en frist p\u00e5 100 dager.<\/p>\n<p><b>Les ogs\u00e5:<\/b> <a href=\"https:\/\/www.nettavisen.no\/nyheter\/ukraina-lan-vil-koste-eu-landene-milliarder-i-renteutgifter\/s\/5-95-2791544\" rel=\"Follow nofollow noopener\" target=\"_blank\">Ukraina-l\u00e5n vil koste EU-landene milliarder i renteutgifter<\/a><\/p>\n<p>Amerikanske representanter holdt i forrige uke en rekke m\u00f8ter i Miami med delegasjoner fra Ukraina og Russland, samt flere europeiske representanter.<\/p>\n<p><a href=\"https:\/\/www.nettavisen.no\/nyheter\/witkoff-om-ukraina-samtaler-produktive-og-konstruktive-moter\/s\/5-95-2792707\" rel=\"Follow nofollow noopener\" target=\"_blank\">B\u00e5de Ukraina og USA har omtalt m\u00f8tene som produktive<\/a>.<\/p>\n<p>(NTB\/Nettavisen)<\/p>\n","protected":false},"excerpt":{"rendered":"Over en lengre periode har det p\u00e5g\u00e5tt forhandlinger om fred mellom Ukraina og Russland. Les ogs\u00e5: \u2013 Dette&hellip;\n","protected":false},"author":2,"featured_media":121088,"comment_status":"","ping_status":"","sticky":false,"template":"","format":"standard","meta":{"footnotes":""},"categories":[12],"tags":[20,21,24,25,15,22,23,13,30,28,29,14,16,26,27,42,43,44,45],"class_list":{"0":"post-121087","1":"post","2":"type-post","3":"status-publish","4":"format-standard","5":"has-post-thumbnail","7":"category-verden","8":"tag-breaking-news","9":"tag-breakingnews","10":"tag-featured-news","11":"tag-featurednews","12":"tag-headlines","13":"tag-latest-news","14":"tag-latestnews","15":"tag-news","16":"tag-no","17":"tag-norge","18":"tag-norway","19":"tag-nyheter","20":"tag-overskrifter","21":"tag-top-stories","22":"tag-topstories","23":"tag-verden","24":"tag-world","25":"tag-world-news","26":"tag-worldnews"},"share_on_mastodon":{"url":"https:\/\/pubeurope.com\/@no\/115774949169043398","error":""},"_links":{"self":[{"href":"https:\/\/www.europesays.com\/no\/wp-json\/wp\/v2\/posts\/121087","targetHints":{"allow":["GET"]}}],"collection":[{"href":"https:\/\/www.europesays.com\/no\/wp-json\/wp\/v2\/posts"}],"about":[{"href":"https:\/\/www.europesays.com\/no\/wp-json\/wp\/v2\/types\/post"}],"author":[{"embeddable":true,"href":"https:\/\/www.europesays.com\/no\/wp-json\/wp\/v2\/users\/2"}],"replies":[{"embeddable":true,"href":"https:\/\/www.europesays.com\/no\/wp-json\/wp\/v2\/comments?post=121087"}],"version-history":[{"count":0,"href":"https:\/\/www.europesays.com\/no\/wp-json\/wp\/v2\/posts\/121087\/revisions"}],"wp:featuredmedia":[{"embeddable":true,"href":"https:\/\/www.europesays.com\/no\/wp-json\/wp\/v2\/media\/121088"}],"wp:attachment":[{"href":"https:\/\/www.europesays.com\/no\/wp-json\/wp\/v2\/media?parent=121087"}],"wp:term":[{"taxonomy":"category","embeddable":true,"href":"https:\/\/www.europesays.com\/no\/wp-json\/wp\/v2\/categories?post=121087"},{"taxonomy":"post_tag","embeddable":true,"href":"https:\/\/www.europesays.com\/no\/wp-json\/wp\/v2\/tags?post=121087"}],"curies":[{"name":"wp","href":"https:\/\/api.w.org\/{rel}","templated":true}]}}