{"id":121095,"date":"2025-12-24T14:19:16","date_gmt":"2025-12-24T14:19:16","guid":{"rendered":"https:\/\/www.europesays.com\/no\/121095\/"},"modified":"2025-12-24T14:19:16","modified_gmt":"2025-12-24T14:19:16","slug":"vaer-uvaer-uvaer-pa-vei-mot-troms-dette-blir-de-verste-timene","status":"publish","type":"post","link":"https:\/\/www.europesays.com\/no\/121095\/","title":{"rendered":"V\u00e6r, Uv\u00e6r | Uv\u00e6r p\u00e5 vei mot Troms: Dette blir de verste timene"},"content":{"rendered":"\n<p>Det er varslet et heidundrende uv\u00e6r kvelden julaften og natt til 1. juledag.<\/p>\n<p>Det er ventet b\u00e5de kraftig vind, uvanlig h\u00f8ye temperaturer for \u00e5rstiden og sv\u00e6rt mye regn.<\/p>\n<p>\u2013 Det kommer til \u00e5 komme 40\u201350 millimeter regn de neste 24 timene. Og det kommer opp\u00e5 sn\u00f8 og is. Det kan bli stor sn\u00f8smelting, overvann og sv\u00e6rt glatt, sier vakthavende meteorolog Matilda Hallerstig ved V\u00e6rvarslinga for Nord-Norge.<\/p>\n<p>Meteorologisk institutt har sendt ut intet mindre enn fem farevarsler:<\/p>\n<ul>\n<li>Varsel for r\u00f8d faregrad grunnet <a href=\"https:\/\/www.nordlys.no\/sender-ut-rodt-farevarsel\/s\/5-34-2265665\" rel=\"Follow nofollow noopener\" target=\"_blank\">stor sn\u00f8skredfare.<\/a><\/li>\n<li>Gult varsel for jord-, s\u00f8rpe- og flomskredfare.<\/li>\n<li>Gult farevarsel for mye regn.<\/li>\n<li>Gult farevarsel for kraftig vind.<\/li>\n<li>Gult flomvarsel.<\/li>\n<\/ul>\n<p>Uvanlig varmt<\/p>\n<p>Meteorolog Hallerstig h\u00e5per b\u00e5de lokalbefolkning og turister holder seg innend\u00f8rs frem til v\u00e6ret letter tidlig ettermiddag 1. juledag.<\/p>\n<p>\u2013 Dette er innev\u00e6r, konstaterer hun.<\/p>\n<p>Aller verst blir v\u00e6ret sent p\u00e5 kvelden 1. juledag og de p\u00e5f\u00f8lgende timene.<\/p>\n<p>\u2013 Det ser ut til \u00e5 bli v\u00e6rt i timene f\u00f8r og etter midnatt, sier Hallerstig.<\/p>\n<p>I Troms\u00f8 vil temperaturen ligger p\u00e5 rundt 6 grader de neste dagene, men ute p\u00e5 kysten er det enda varmere.<\/p>\n<p>\u2013 Akkurat n\u00e5 er det 8,9 grader p\u00e5 Hekkingen fyr. Det er ganske varmt vil \u00e5 v\u00e6re i slutten av desember, konstaterer meteorologen.<\/p>\n<p>F\u00f8lg trafikken<\/p>\n<p>Det er ventet krevende kj\u00f8reforhold, spesielt p\u00e5 veier hvor isen enn\u00e5 ikke har smeltet.<\/p>\n<p>Hvordan stoda er i trafikken kan du se ved \u00e5 trykke deg inn p\u00e5 denne artikkelen:<\/p>\n<p>  <a href=\"https:\/\/www.nordlys.no\/5-34-2256046\" class=\"related-teaser has-image default-story-teaser article--c-eRUmMG article--c-eRUmMG-jKCPdD-design-default\" rel=\"nofollow noopener\" target=\"_blank\"><\/p>\n<p>    <img decoding=\"async\" loading=\"lazy\"  src=\"https:\/\/www.europesays.com\/no\/wp-content\/uploads\/2025\/12\/veiene.jpg\" alt=\"\" class=\"brick-c-cFOWSL\" style=\"\"\/><\/p>\n<p>\n            Les ogs\u00e5<\/p>\n<p>              Slik ser det ut p\u00e5 veiene n\u00e5\n        <\/p>\n<p>  <\/a><\/p>\n","protected":false},"excerpt":{"rendered":"Det er varslet et heidundrende uv\u00e6r kvelden julaften og natt til 1. juledag. Det er ventet b\u00e5de kraftig&hellip;\n","protected":false},"author":2,"featured_media":121096,"comment_status":"","ping_status":"","sticky":false,"template":"","format":"standard","meta":{"footnotes":""},"categories":[10],"tags":[36,20,21,24,25,15,22,23,13,30,28,29,14,16,6631,1510,26,27,3230,553],"class_list":{"0":"post-121095","1":"post","2":"type-post","3":"status-publish","4":"format-standard","5":"has-post-thumbnail","7":"category-norge","8":"tag-art","9":"tag-breaking-news","10":"tag-breakingnews","11":"tag-featured-news","12":"tag-featurednews","13":"tag-headlines","14":"tag-latest-news","15":"tag-latestnews","16":"tag-news","17":"tag-no","18":"tag-norge","19":"tag-norway","20":"tag-nyheter","21":"tag-overskrifter","22":"tag-storm","23":"tag-story","24":"tag-top-stories","25":"tag-topstories","26":"tag-uvaer","27":"tag-vaer"},"share_on_mastodon":{"url":"https:\/\/pubeurope.com\/@no\/115774985441722747","error":""},"_links":{"self":[{"href":"https:\/\/www.europesays.com\/no\/wp-json\/wp\/v2\/posts\/121095","targetHints":{"allow":["GET"]}}],"collection":[{"href":"https:\/\/www.europesays.com\/no\/wp-json\/wp\/v2\/posts"}],"about":[{"href":"https:\/\/www.europesays.com\/no\/wp-json\/wp\/v2\/types\/post"}],"author":[{"embeddable":true,"href":"https:\/\/www.europesays.com\/no\/wp-json\/wp\/v2\/users\/2"}],"replies":[{"embeddable":true,"href":"https:\/\/www.europesays.com\/no\/wp-json\/wp\/v2\/comments?post=121095"}],"version-history":[{"count":0,"href":"https:\/\/www.europesays.com\/no\/wp-json\/wp\/v2\/posts\/121095\/revisions"}],"wp:featuredmedia":[{"embeddable":true,"href":"https:\/\/www.europesays.com\/no\/wp-json\/wp\/v2\/media\/121096"}],"wp:attachment":[{"href":"https:\/\/www.europesays.com\/no\/wp-json\/wp\/v2\/media?parent=121095"}],"wp:term":[{"taxonomy":"category","embeddable":true,"href":"https:\/\/www.europesays.com\/no\/wp-json\/wp\/v2\/categories?post=121095"},{"taxonomy":"post_tag","embeddable":true,"href":"https:\/\/www.europesays.com\/no\/wp-json\/wp\/v2\/tags?post=121095"}],"curies":[{"name":"wp","href":"https:\/\/api.w.org\/{rel}","templated":true}]}}