{"id":121099,"date":"2025-12-24T14:29:49","date_gmt":"2025-12-24T14:29:49","guid":{"rendered":"https:\/\/www.europesays.com\/no\/121099\/"},"modified":"2025-12-24T14:29:49","modified_gmt":"2025-12-24T14:29:49","slug":"israel-benjamin-netanyahu-netanyahu-varsler-satsing-pa-vapenindustri","status":"publish","type":"post","link":"https:\/\/www.europesays.com\/no\/121099\/","title":{"rendered":"Israel, Benjamin Netanyahu | Netanyahu varsler satsing p\u00e5 v\u00e5penindustri"},"content":{"rendered":"\n<p>\u2013 Vi vil fortsette med \u00e5 skaffe oss n\u00f8dvendige forsyninger samtidig som vi bev\u00e6pner oss selv, sa Netanyahu under en seremoni for nyoppl\u00e6rte piloter.<\/p>\n<p>Netanyahu sier det er snakk om 350 milliarder shekel, som i dollar er rundt 110 milliarder. I norske kroner er det snakk om rundt 1000 milliarder kroner.<\/p>\n<p><b>Les ogs\u00e5:\u00a0<\/b><a class=\"simple-relation related-teaser article--c-eRUmMG article--c-eRUmMG-fZoQSp-design-nettavisen article--c-eRUmMG-gwthdJ-cv\" href=\"https:\/\/www.nettavisen.no\/norge-oker-stotten-til-palestina-med-en-milliard\/s\/5-95-2794048\" rel=\"nofollow noopener\" target=\"_blank\">Norge \u00f8ker st\u00f8tten til Palestina med en milliard<\/a><\/p>\n<p>\u2013 Jeg vet ikke om et land kan v\u00e6re fullstendig uavhengig, men vi skal strebe etter \u00e5 sikre at v\u00e5pnene v\u00e5re produseres s\u00e5 mye som mulig i Israel, la han til.<\/p>\n<p>M\u00e5let er til slutt \u00e5 bygge en uavhengig v\u00e5penindustri for Israel, slik at landet ikke trenger \u00e5 importere fra andre, sier statsministeren.<\/p>\n<p><b>Les ogs\u00e5:\u00a0<\/b><a class=\"simple-relation related-teaser article--c-eRUmMG article--c-eRUmMG-fZoQSp-design-nettavisen article--c-eRUmMG-gwthdJ-cv\" href=\"https:\/\/www.nettavisen.no\/israel-vurderer-a-stenge-ambassaden-i-norge\/s\/5-95-2787667\" rel=\"nofollow noopener\" target=\"_blank\">Israel vurderer \u00e5 stenge ambassaden i Norge<\/a><\/p>\n","protected":false},"excerpt":{"rendered":"\u2013 Vi vil fortsette med \u00e5 skaffe oss n\u00f8dvendige forsyninger samtidig som vi bev\u00e6pner oss selv, sa Netanyahu&hellip;\n","protected":false},"author":2,"featured_media":106976,"comment_status":"","ping_status":"","sticky":false,"template":"","format":"standard","meta":{"footnotes":""},"categories":[12],"tags":[20,21,24,25,15,22,23,13,30,28,29,14,16,26,27,42,43,44,45],"class_list":{"0":"post-121099","1":"post","2":"type-post","3":"status-publish","4":"format-standard","5":"has-post-thumbnail","7":"category-verden","8":"tag-breaking-news","9":"tag-breakingnews","10":"tag-featured-news","11":"tag-featurednews","12":"tag-headlines","13":"tag-latest-news","14":"tag-latestnews","15":"tag-news","16":"tag-no","17":"tag-norge","18":"tag-norway","19":"tag-nyheter","20":"tag-overskrifter","21":"tag-top-stories","22":"tag-topstories","23":"tag-verden","24":"tag-world","25":"tag-world-news","26":"tag-worldnews"},"share_on_mastodon":{"url":"https:\/\/pubeurope.com\/@no\/115775027495957513","error":""},"_links":{"self":[{"href":"https:\/\/www.europesays.com\/no\/wp-json\/wp\/v2\/posts\/121099","targetHints":{"allow":["GET"]}}],"collection":[{"href":"https:\/\/www.europesays.com\/no\/wp-json\/wp\/v2\/posts"}],"about":[{"href":"https:\/\/www.europesays.com\/no\/wp-json\/wp\/v2\/types\/post"}],"author":[{"embeddable":true,"href":"https:\/\/www.europesays.com\/no\/wp-json\/wp\/v2\/users\/2"}],"replies":[{"embeddable":true,"href":"https:\/\/www.europesays.com\/no\/wp-json\/wp\/v2\/comments?post=121099"}],"version-history":[{"count":0,"href":"https:\/\/www.europesays.com\/no\/wp-json\/wp\/v2\/posts\/121099\/revisions"}],"wp:featuredmedia":[{"embeddable":true,"href":"https:\/\/www.europesays.com\/no\/wp-json\/wp\/v2\/media\/106976"}],"wp:attachment":[{"href":"https:\/\/www.europesays.com\/no\/wp-json\/wp\/v2\/media?parent=121099"}],"wp:term":[{"taxonomy":"category","embeddable":true,"href":"https:\/\/www.europesays.com\/no\/wp-json\/wp\/v2\/categories?post=121099"},{"taxonomy":"post_tag","embeddable":true,"href":"https:\/\/www.europesays.com\/no\/wp-json\/wp\/v2\/tags?post=121099"}],"curies":[{"name":"wp","href":"https:\/\/api.w.org\/{rel}","templated":true}]}}