{"id":121110,"date":"2025-12-24T14:50:13","date_gmt":"2025-12-24T14:50:13","guid":{"rendered":"https:\/\/www.europesays.com\/no\/121110\/"},"modified":"2025-12-24T14:50:13","modified_gmt":"2025-12-24T14:50:13","slug":"sivert-guttorm-bakken-funnet-med-hoydemaske","status":"publish","type":"post","link":"https:\/\/www.europesays.com\/no\/121110\/","title":{"rendered":"Sivert Guttorm Bakken funnet med h\u00f8ydemaske"},"content":{"rendered":"\n<p class=\"_lead_o9xde_2 _lead_xtcu6_50 layout-component text-serif-m layout-normal text-serif-l layout-component layout-wide layout-padded _wide_17hqh_1 layout-padded\">Skiskytter Sivert Guttorm Bakken (27) hadde p\u00e5 seg en h\u00f8ydemaske da han ble funnet d\u00f8d lille julaften i Italia, melder Norges skiskytterforbund. <\/p>\n<p><img alt=\"Sivert Guttorm Bakken ble funnet d\u00f8d p\u00e5 hotellrommet sitt i Italia p\u00e5 morningen lille julaften. Foto: Geir Olsen \/ NTB\" class=\"_image_qp4xg_65 layout-component layout-wide\" data-fullscreen- data-track-element-type=\"Article image fullscreen\" data-track-name=\"ImageFullscreen\" fetchpriority=\"high\" decoding=\"sync\" loading=\"eager\" height=\"5464\" itemprop=\"image\"  src=\"https:\/\/www.europesays.com\/no\/wp-content\/uploads\/2025\/12\/67d026d1-7b7c-431d-a837-47a9ec601b77\"  style=\"object-position:0% 0%\" width=\"8192\"\/>Sivert Guttorm Bakken ble funnet d\u00f8d p\u00e5 hotellrommet sitt i Italia p\u00e5 morningen lille julaften. Foto: Geir Olsen \/ NTB Oppdatert onsdag 24. desember kl. 15:49     <\/p>\n<p class=\"_paragraph_o9xde_4 _paragraph_xtcu6_10 layout-component text-serif-m layout-normal text-serif-m layout-padded\">\u2013 Norges Skiskytterforbund kjenner per n\u00e5 ikke til omstendighetene rundt anskaffelse og bruk av denne masken. I dagene som kommer vil forbundet fors\u00f8ke \u00e5 f\u00e5 n\u00e6rmere klarhet i faktiske forhold knyttet til dette.<\/p>\n<p class=\"_paragraph_o9xde_4 _paragraph_xtcu6_10 layout-component text-serif-m layout-normal text-serif-m layout-padded\">Det sier generalsekret\u00e6r i Norges Skiskytterforbund, Emilie Nordskar, i en pressemelding julaften.<\/p>\n<p class=\"_paragraph_o9xde_4 _paragraph_xtcu6_10 layout-component text-serif-m layout-normal text-serif-m layout-padded\">En h\u00f8ydemaske brukes for \u00e5 senke oksygeninnholdet i luften man puster inn, slik at kroppen produserer flere r\u00f8de blodceller og dermed \u00f8ker utholdenheten. Masken benyttes ofte under trening for \u00e5 simulere h\u00f8yde og lavere oksygentilgang.<\/p>\n<p><img alt=\"Emilie Nordskar utenfor Lillehammer kirke lille julaften.  Foto: Fredrik Ouren Jostad \/ VG\" class=\"_image_qp4xg_65 layout-component layout-normal\" data-fullscreen- data-track-element-type=\"Article image fullscreen\" data-track-name=\"ImageFullscreen\" decoding=\"async\" loading=\"lazy\" height=\"5464\" itemprop=\"image\"  src=\"https:\/\/www.europesays.com\/no\/wp-content\/uploads\/2025\/12\/60d5bc36-eb48-47cf-a4cf-aac56086c577\"  style=\"object-position:0% 0%\" width=\"8192\"\/>Emilie Nordskar utenfor Lillehammer kirke lille julaften.  Foto: Fredrik Ouren Jostad \/ VG<\/p>\n<p class=\"_paragraph_o9xde_4 _paragraph_xtcu6_10 layout-component text-serif-m layout-normal text-serif-m layout-padded\">Det vil bli gjennomf\u00f8rt obduksjon av Bakken i l\u00f8pet av romjula i Italia, st\u00e5r det videre. <\/p>\n<p class=\"_paragraph_o9xde_4 _paragraph_xtcu6_10 layout-component text-serif-m layout-normal text-serif-m layout-padded\">Bakken ble funnet d\u00f8d p\u00e5 sitt hotellrom i Lavaze i Italia, der han var p\u00e5 kombinert treningssamling i h\u00f8yden og juleferie. <\/p>\n<p>Aktiver kart<\/p>\n<p class=\"_paragraph_o9xde_4 _paragraph_xtcu6_10 layout-component text-serif-m layout-normal text-serif-m layout-padded\">Lavaze ligger p\u00e5 rundt 1.800 meters h\u00f8yde over havet. <\/p>\n<p>Samarbeider med politiet<\/p>\n<p class=\"_paragraph_o9xde_4 _paragraph_xtcu6_10 layout-component text-serif-m layout-normal text-serif-m layout-padded\">Norges Skiskytterforbund samarbeider fortsatt tett med politiet p\u00e5 stedet, og kontakt mellom italiensk politi og p\u00e5r\u00f8rende er etablert. <\/p>\n<p class=\"_paragraph_o9xde_4 _paragraph_xtcu6_10 layout-component text-serif-m layout-normal text-serif-m layout-padded\">\u2013 Ut\u00f8vere som er ber\u00f8rt av hendelsen, f\u00f8lges opp tett av v\u00e5re egne ressurser samt ressurser fra Olympiatoppen, og kriseteam p\u00e5 Lillehammer st\u00f8tter familien. <\/p>\n<p>Hva er en h\u00f8ydemaske?<\/p>\n<p class=\"_paragraph_o9xde_4 _paragraph_xtcu6_10 _paragraph_16v91_10 layout-component text-serif-m layout-normal text-sans-m layout-padded\">En h\u00f8ydemaske er et teknisk hjelpemiddel som brukes for \u00e5 simulere h\u00f8ydesimulere h\u00f8ydeSimulert h\u00f8yde betyr at oksygeninnholdet i luften senkes ved hjelp av teknisk utstyr for \u00e5 etterligne h\u00f8ydeforhold.. Masken er koblet til en generator som reduserer mengden oksygen i luften som pustes inn.<\/p>\n<p class=\"_paragraph_o9xde_4 _paragraph_xtcu6_10 _paragraph_16v91_10 layout-component text-serif-m layout-normal text-sans-m layout-padded\">Ved \u00e5 puste luft med lavere oksygeninnhold fors\u00f8ker man \u00e5 etterligne forholdene i h\u00f8yden. Dette kan p\u00e5virke kroppens respons p\u00e5 belastning. H\u00f8ydemaske brukes b\u00e5de under trening og i perioder med hvile. <\/p>\n<p class=\"_paragraph_o9xde_4 _paragraph_xtcu6_10 _paragraph_16v91_10 layout-component text-serif-m layout-normal text-sans-m layout-padded\">Bruk av simulert h\u00f8yde er tillatt i Norge, men anbefales kun for eliteut\u00f8vere og under faglig oppf\u00f8lging.<\/p>\n<p class=\"_paragraph_o9xde_4 _paragraph_xtcu6_10 _paragraph_16v91_10 layout-component text-serif-m layout-normal text-sans-m layout-padded\"><strong class=\"_strong_o9xde_25\">H\u00f8ydetrening<\/strong><\/p>\n<p class=\"_paragraph_o9xde_4 _paragraph_xtcu6_10 _paragraph_16v91_10 layout-component text-serif-m layout-normal text-sans-m layout-padded\">Normal trening i h\u00f8yden rundt 1800 meter over havet er en sv\u00e6rt vanlig metode i utholdenhetsidretter. <\/p>\n<p class=\"_paragraph_o9xde_4 _paragraph_xtcu6_10 _paragraph_16v91_10 layout-component text-serif-m layout-normal text-sans-m layout-padded\">M\u00e5let med h\u00f8ydetrening er enkelt forklart \u00e5 \u00f8ke kapasiteten. P\u00e5 grunn av den tynne luften i h\u00f8yden stimuleres kroppen til \u00e5 produsere flere r\u00f8de blodceller og \u00f8ke oksygentransporten i blodet.<\/p>\n<p>Vis mer<\/p>\n<p class=\"_paragraph_o9xde_4 _paragraph_xtcu6_10 layout-component text-serif-m layout-normal text-serif-m layout-padded\">Av hensyn til etterforskningen kan ikke Norges Skiskytterforbund kommentere ytterliggere rundt mulige \u00e5rsakssammenhenger, p\u00e5peker de. <\/p>\n<p class=\"_paragraph_o9xde_4 _paragraph_xtcu6_10 layout-component text-serif-m layout-normal text-serif-m layout-padded\">\u2013 Det er politiet og rettsmedisinske instanser som vil avklare hendelsesforl\u00f8p og d\u00f8ds\u00e5rsak. N\u00e6rmere informasjon til pressen blir gitt s\u00e5 snart vi vet mer, sier Nordskar.<\/p>\n<p class=\"_paragraph_o9xde_4 _paragraph_xtcu6_10 layout-component text-serif-m layout-normal text-serif-m layout-padded\">\u2013 Dette er en tragisk situasjon med mange uavklarte sp\u00f8rsm\u00e5l. V\u00e5re tanker g\u00e5r f\u00f8rst og fremst til Siverts familie og n\u00e6re venner, som n\u00e5 st\u00e5r i en sv\u00e6rt krevende periode midt i en h\u00f8ytid.<\/p>\n<p>Sjokk<\/p>\n<p class=\"_paragraph_o9xde_4 _paragraph_xtcu6_10 layout-component text-serif-m layout-normal text-serif-m layout-padded\">Bakkens d\u00f8dsfall kom <a href=\"https:\/\/www.vg.no\/sport\/i\/zOGMar\/bjoerndalen-saa-tragisk-som-det-gaar-an\" data-track-element-type=\"Link\" data-track-id=\"link:zOGMar\" class=\"_link_o9xde_39\" rel=\"nofollow noopener\" target=\"_blank\">som et stort sjokk<\/a>.<\/p>\n<p class=\"_paragraph_o9xde_4 _paragraph_xtcu6_10 layout-component text-serif-m layout-normal text-serif-m layout-padded\">\u2013 Jeg sliter med \u00e5 sette ord p\u00e5 det. Man blir utrolig trist og jeg synes det er veldig urettferdig at en s\u00e5 fin og fantastisk gutt som Sivert ikke er blant oss lengre. Han har v\u00e6rt p\u00e5 sidelinjen noen \u00e5r, men kriget seg tilbake til topps og viste for seg selv og alle andre at han klarte det. Det er ufattelig trist, sa det tidligere skiskytter-esset Johannes Thingnes B\u00f8 til VG.<\/p>\n<p><img decoding=\"async\" alt=\"Bilde av Johannes Thingnes B\u00f8\" class=\"_image_ygndg_42\" height=\"60\" itemprop=\"image\" loading=\"lazy\"  src=\"https:\/\/www.europesays.com\/no\/wp-content\/uploads\/2025\/12\/bb3afaef-999b-49a4-b0e5-c38633610e92\"  width=\"40\"\/><strong class=\"_name_ygndg_51 title-serif-xs\">Johannes Thingnes B\u00f8<\/strong><\/p>\n<p class=\"_paragraph_o9xde_4 _paragraph_xtcu6_10 layout-component text-serif-m layout-normal text-serif-m layout-padded\">Bakken ble lenge sett p\u00e5 som et stort talent. Gjennombruddet kom i 2021\/22-sesongen, som ogs\u00e5 ga ham plass p\u00e5 landslaget. <\/p>\n<p>Sivert Guttorm Bakken og skiskyting:Lag og verdenscup:<\/p>\n<p class=\"_paragraph_o9xde_4 _paragraph_xtcu6_10 _paragraph_16v91_10 layout-component text-serif-m layout-normal text-sans-m layout-padded\" itemprop=\"text\">Bakken representerte klubben Vingrom.<\/p>\n<p class=\"_paragraph_o9xde_4 _paragraph_xtcu6_10 _paragraph_16v91_10 layout-component text-serif-m layout-normal text-sans-m layout-padded\" itemprop=\"text\">Denne sesongen var han en del av det norske rekruttlandslaget i skiskyting. Det vil si niv\u00e5et under elitelag.<\/p>\n<p class=\"_paragraph_o9xde_4 _paragraph_xtcu6_10 _paragraph_16v91_10 layout-component text-serif-m layout-normal text-sans-m layout-padded\" itemprop=\"text\">Sist helg gikk Bakken verdenscuprenn. Den 19.-21. desember ble han henholdsvis nummer 5, 18 og 20 p\u00e5 henholdsvis sprint, jaktstart og fellesstart i tre renn i Frankrike.<\/p>\n<p class=\"_paragraph_o9xde_4 _paragraph_xtcu6_10 _paragraph_16v91_10 layout-component text-serif-m layout-normal text-sans-m layout-padded\" itemprop=\"text\">S\u00e5 reiste han videre til Italia og Lavaz\u00e8 for \u00e5 gjennomf\u00f8re et h\u00f8ydeopphold.<\/p>\n<p>Var i Italia p\u00e5 treningssamling:<\/p>\n<p class=\"_paragraph_o9xde_4 _paragraph_xtcu6_10 _paragraph_16v91_10 layout-component text-serif-m layout-normal text-sans-m layout-padded\" itemprop=\"text\">Skiskytterforbundet opplyste lille julaften at Bakken ble funnet d\u00f8d p\u00e5 hotellrommet sitt i Lavaz\u00e8. D\u00f8ds\u00e5rsaken er ikke kjent.<\/p>\n<p class=\"_paragraph_o9xde_4 _paragraph_xtcu6_10 _paragraph_16v91_10 layout-component text-serif-m layout-normal text-sans-m layout-padded\" itemprop=\"text\">Lavaz\u00e8 ligger bare en ti minutters kj\u00f8retur fra mer kjente Cavalese, en by som er arrang\u00f8r for avslutningsetappene i langrennskonkurransen Tour de Ski.<\/p>\n<p class=\"_paragraph_o9xde_4 _paragraph_xtcu6_10 _paragraph_16v91_10 layout-component text-serif-m layout-normal text-sans-m layout-padded\" itemprop=\"text\">Lavaz\u00e8 er imidlertid et treningseldorado for skiskyttere som sverger til h\u00f8ydetrening.<\/p>\n<p class=\"_paragraph_o9xde_4 _paragraph_xtcu6_10 _paragraph_16v91_10 layout-component text-serif-m layout-normal text-sans-m layout-padded\" itemprop=\"text\">I treningsl\u00f8ypene p\u00e5 rundt 2000 meter er det, i motsetning til andre foretrukne h\u00f8ydetreningsdestinasjoner, standplass med skiskytterblinker i treningsl\u00f8ypene.<\/p>\n<p class=\"_paragraph_o9xde_4 _paragraph_xtcu6_10 _paragraph_16v91_10 layout-component text-serif-m layout-normal text-sans-m layout-padded\" itemprop=\"text\">Andre norske skiskyttere er p\u00e5 plass i Lavaz\u00e8 n\u00e5 i julen, det samme er enkelte langrennsl\u00f8pere.<\/p>\n<p>Verdenscupseier og meritter:<\/p>\n<p class=\"_paragraph_o9xde_4 _paragraph_xtcu6_10 _paragraph_16v91_10 layout-component text-serif-m layout-normal text-sans-m layout-padded\" itemprop=\"text\">Bakken tok i 2022 sin eneste verdenscupseier.<\/p>\n<p class=\"_paragraph_o9xde_4 _paragraph_xtcu6_10 _paragraph_16v91_10 layout-component text-serif-m layout-normal text-sans-m layout-padded\" itemprop=\"text\">Det skjedde p\u00e5 fellesstart i Holmenkollen. Den sesongen vant han samtidig fellesstartcupen sammenlagt. Han har fire ganger st\u00e5tt p\u00e5 pallen i verdenscupen.<\/p>\n<p class=\"_paragraph_o9xde_4 _paragraph_xtcu6_10 _paragraph_16v91_10 layout-component text-serif-m layout-normal text-sans-m layout-padded\" itemprop=\"text\">I 2016 vant han to gull i ungdoms-OL, et individuelt og et p\u00e5 blandet stafett.<\/p>\n<p class=\"_paragraph_o9xde_4 _paragraph_xtcu6_10 layout-component text-serif-m layout-normal text-serif-m layout-padded\">Deretter fulgte to \u00e5r preget av en rekke helseproblemer, knyttet til en tredje dose av coronavaksinen. <\/p>\n<p class=\"_paragraph_o9xde_4 _paragraph_xtcu6_10 layout-component text-serif-m layout-normal text-serif-m layout-padded\">I 2024\/25-sesongen gjorde Bakken et etterlengtet comeback med flere seire og pallplasser i IBU Cup, niv\u00e5et under verdenscupen. <\/p>\n<p><img alt=\"Foto: Jostein Magnussen \/ VG\" class=\"_image_qp4xg_65 layout-component layout-normal\" data-fullscreen- data-track-element-type=\"Article image fullscreen\" data-track-name=\"ImageFullscreen\" decoding=\"async\" loading=\"lazy\" height=\"3113\" itemprop=\"image\"  src=\"https:\/\/www.europesays.com\/no\/wp-content\/uploads\/2025\/12\/d60424b6-cc95-4d5b-a27d-b28a318ce26f\"  style=\"object-position:0% 0%\" width=\"4470\"\/>Foto: Jostein Magnussen \/ VG<\/p>\n<p class=\"_paragraph_o9xde_4 _paragraph_xtcu6_10 layout-component text-serif-m layout-normal text-serif-m layout-padded\">Tidligere i desember m\u00e5tte han st\u00e5 over verdenscuprennene i Hochfilzen p\u00e5 grunn av sykdom, men var tilbake i Le Grand-Bornand forrige helg. Der ble han blant annet nummer fem p\u00e5 fredagens sprint\u00f8velse.<\/p>\n<p class=\"_paragraph_o9xde_4 _paragraph_xtcu6_10 layout-component text-serif-m layout-normal text-serif-m layout-padded\">\u2013 S\u00e5 tragisk som det kan bli. Han har v\u00e6rt verdens mest t\u00e5lmodige person. Han har hvilt, hvilt og hvilt, kroppen har hektet seg inn igjen. Han har begynt \u00e5 trene, tatt steg for steg, kommet tilbake til verdenstoppen. S\u00e5 kommer denne nyheten her\u2026 Det er s\u00e5 tragisk som det g\u00e5r an \u00e5 f\u00e5 blitt, uttalte Ole Einar Bj\u00f8rndalen.<\/p>\n<p> \u2013 Ufattelig tragisk<\/p>\n<p class=\"_paragraph_o9xde_4 _paragraph_xtcu6_10 layout-component text-serif-m layout-normal text-serif-m layout-padded\">Den italienske stjernen Tommaso Giacomel la ut en melding p\u00e5 Instagram der han fortalte at de hadde avtalt \u00e5 trene sammen tirsdag. Bakken dukket ikke opp til avtalt tid.<\/p>\n<p class=\"_paragraph_o9xde_4 _paragraph_xtcu6_10 layout-component text-serif-m layout-normal text-serif-m layout-padded\">\u00abKj\u00e6re Sivert, jeg er helt knust, men jeg vet at dette ikke bare ber\u00f8rer meg, men hele skiskytterfamilien. Vi hadde planlagt \u00e5 trene sammen i dag, men du dukket ikke opp. Vi hadde ogs\u00e5 planlagt \u00e5 feire nytt\u00e5rsaften sammen, men n\u00e5 vil du ikke v\u00e6re der.\u00bb<\/p>\n<p><img decoding=\"async\" alt=\"Bilde av Tommaso Giacomel\" class=\"_image_ygndg_42\" height=\"27\" itemprop=\"image\" loading=\"lazy\"  src=\"https:\/\/www.europesays.com\/no\/wp-content\/uploads\/2025\/12\/4eb9658f-d1ee-4704-843b-21d02c8e1826\"  width=\"40\"\/><strong class=\"_name_ygndg_51 title-serif-xs\">Tommaso Giacomel<\/strong><\/p>\n<p class=\"_paragraph_o9xde_4 _paragraph_xtcu6_10 layout-component text-serif-m layout-normal text-serif-m layout-padded\">Tirsdag kveld ble det ogs\u00e5 holdt<a href=\"https:\/\/www.vg.no\/sport\/i\/7p0q3w\/minnes-sivert-guttorm-bakken-satt-enorme-spor\" data-track-element-type=\"Link\" data-track-id=\"link:7p0q3w\" class=\"_link_o9xde_39\" rel=\"nofollow noopener\" target=\"_blank\"> en minnestund i Lillehammer kirke<\/a>, der over hundre personer var samlet.<\/p>\n","protected":false},"excerpt":{"rendered":"Skiskytter Sivert Guttorm Bakken (27) hadde p\u00e5 seg en h\u00f8ydemaske da han ble funnet d\u00f8d lille julaften i&hellip;\n","protected":false},"author":2,"featured_media":121111,"comment_status":"","ping_status":"","sticky":false,"template":"","format":"standard","meta":{"footnotes":""},"categories":[10],"tags":[20,21,24,25,15,22,23,13,30,28,29,14,16,769,26,27,46],"class_list":{"0":"post-121110","1":"post","2":"type-post","3":"status-publish","4":"format-standard","5":"has-post-thumbnail","7":"category-norge","8":"tag-breaking-news","9":"tag-breakingnews","10":"tag-featured-news","11":"tag-featurednews","12":"tag-headlines","13":"tag-latest-news","14":"tag-latestnews","15":"tag-news","16":"tag-no","17":"tag-norge","18":"tag-norway","19":"tag-nyheter","20":"tag-overskrifter","21":"tag-skiskyting","22":"tag-top-stories","23":"tag-topstories","24":"tag-vgai"},"share_on_mastodon":{"url":"https:\/\/pubeurope.com\/@no\/115775106478176320","error":""},"_links":{"self":[{"href":"https:\/\/www.europesays.com\/no\/wp-json\/wp\/v2\/posts\/121110","targetHints":{"allow":["GET"]}}],"collection":[{"href":"https:\/\/www.europesays.com\/no\/wp-json\/wp\/v2\/posts"}],"about":[{"href":"https:\/\/www.europesays.com\/no\/wp-json\/wp\/v2\/types\/post"}],"author":[{"embeddable":true,"href":"https:\/\/www.europesays.com\/no\/wp-json\/wp\/v2\/users\/2"}],"replies":[{"embeddable":true,"href":"https:\/\/www.europesays.com\/no\/wp-json\/wp\/v2\/comments?post=121110"}],"version-history":[{"count":0,"href":"https:\/\/www.europesays.com\/no\/wp-json\/wp\/v2\/posts\/121110\/revisions"}],"wp:featuredmedia":[{"embeddable":true,"href":"https:\/\/www.europesays.com\/no\/wp-json\/wp\/v2\/media\/121111"}],"wp:attachment":[{"href":"https:\/\/www.europesays.com\/no\/wp-json\/wp\/v2\/media?parent=121110"}],"wp:term":[{"taxonomy":"category","embeddable":true,"href":"https:\/\/www.europesays.com\/no\/wp-json\/wp\/v2\/categories?post=121110"},{"taxonomy":"post_tag","embeddable":true,"href":"https:\/\/www.europesays.com\/no\/wp-json\/wp\/v2\/tags?post=121110"}],"curies":[{"name":"wp","href":"https:\/\/api.w.org\/{rel}","templated":true}]}}