{"id":121112,"date":"2025-12-24T14:51:11","date_gmt":"2025-12-24T14:51:11","guid":{"rendered":"https:\/\/www.europesays.com\/no\/121112\/"},"modified":"2025-12-24T14:51:11","modified_gmt":"2025-12-24T14:51:11","slug":"mosjoen-vefsn-underkjolt-regn-og-speilhalke-hele-vaktlaget-er-i-sving-for-a-stro-veiene-pa-julaften","status":"publish","type":"post","link":"https:\/\/www.europesays.com\/no\/121112\/","title":{"rendered":"Mosj\u00f8en, Vefsn | Underkj\u00f8lt regn og speilh\u00e5lke \u2013 hele vaktlaget er i sving for \u00e5 str\u00f8 veiene p\u00e5 julaften"},"content":{"rendered":"\n<p>\u2013 Hele gjengen er ute for \u00e5 str\u00f8, sier vaktleder Rune Hauan. Det betyr 12 enheter. Vaktlaget som har beredskap fra torsdag til torsdag, tok utkallingen p\u00e5 strak arm.<\/p>\n<p>\u2013 Det er superglatt p\u00e5 grunn av underkj\u00f8lt regn. Det er mange mil som skal str\u00f8s, men vi skal f\u00e5 gjort det framkommelig til julegudstjenestene og mere til, sier Hauan.<\/p>\n<p>De ansatte i hjemmetjenesten hadde en krevende start p\u00e5 dagen.<\/p>\n<p>\u2013 De er ute hver dag og vet at det kan bli utfordrende. N\u00e5 gjelder det for alle \u00e5 ta det rolig, sier Rune Hauan som selv skal ha beredskapsvakt til torsdag. Da g\u00e5r han ut i julefri.<\/p>\n<p>\u2013 Det kan bli krevende for neste vaktlag ogs\u00e5. Det er meldt drittv\u00e6r, men mye regn f\u00f8r det blir frost rundt nytt\u00e5r. Men beredskapen er intakt, sier Hauan. Han hadde ikke hatt mange telefoner onsdag morgen.<\/p>\n<p>\u2013 Det er nok ikke s\u00e5 mange som er ute s\u00e5 tidlig p\u00e5 julaften, konstaterer han.<\/p>\n<p>   <img decoding=\"async\" width=\"4729\" height=\"2942\" fetchpriority=\"low\"  loading=\"lazy\"  src=\"https:\/\/www.europesays.com\/no\/wp-content\/uploads\/2025\/12\/5_24_661547+21NYHRenseanlegg+Bordvedneset_05+08+IMG_6257.jpg\" alt=\"\" class=\"brick-c-cFOWSL\" style=\"--brick-image-ratio: 4729 \/ 2942;\"\/><\/p>\n<p>      BEREDSKAP: Rune Hauan styrte toppene som var ute for \u00e5 str\u00f8 p\u00e5 julaften. Bildet er tatt tidligere.<br \/>\n      Foto: Rune Pedersen\n    <\/p>\n<p>  <a href=\"https:\/\/www.helg.no\/5-24-1126135\" class=\"related-teaser has-image default-story-teaser article--c-eRUmMG article--c-eRUmMG-jKCPdD-design-default\" rel=\"nofollow noopener\" target=\"_blank\"><\/p>\n<p>    <img decoding=\"async\" loading=\"lazy\"  src=\"https:\/\/www.europesays.com\/no\/wp-content\/uploads\/2025\/12\/1766587871_378_Farevarsel.jpg\" alt=\"\" class=\"brick-c-cFOWSL\" style=\"\"\/><\/p>\n<p>\n            Les ogs\u00e5<\/p>\n<p>              Vanskelige kj\u00f8reforhold i jula: \u2013 Isen kan v\u00e6re vanskelig \u00e5 se\n        <\/p>\n<p>  <\/a><\/p>\n","protected":false},"excerpt":{"rendered":"\u2013 Hele gjengen er ute for \u00e5 str\u00f8, sier vaktleder Rune Hauan. Det betyr 12 enheter. Vaktlaget som&hellip;\n","protected":false},"author":2,"featured_media":121113,"comment_status":"","ping_status":"","sticky":false,"template":"","format":"standard","meta":{"footnotes":""},"categories":[5],"tags":[465,36,20,21,24,25,15,19,22,23,17,18,1068,13,30,28,29,14,16,1510,26,27,224,553,1203],"class_list":{"0":"post-121112","1":"post","2":"type-post","3":"status-publish","4":"format-standard","5":"has-post-thumbnail","7":"category-overskrifter","8":"tag-arbeidsliv","9":"tag-art","10":"tag-breaking-news","11":"tag-breakingnews","12":"tag-featured-news","13":"tag-featurednews","14":"tag-headlines","15":"tag-hovedoppslag","16":"tag-latest-news","17":"tag-latestnews","18":"tag-main-news","19":"tag-mainnews","20":"tag-mosjoen","21":"tag-news","22":"tag-no","23":"tag-norge","24":"tag-norway","25":"tag-nyheter","26":"tag-overskrifter","27":"tag-story","28":"tag-top-stories","29":"tag-topstories","30":"tag-trafikk","31":"tag-vaer","32":"tag-vefsn"},"share_on_mastodon":{"url":"https:\/\/pubeurope.com\/@no\/115775110102444871","error":""},"_links":{"self":[{"href":"https:\/\/www.europesays.com\/no\/wp-json\/wp\/v2\/posts\/121112","targetHints":{"allow":["GET"]}}],"collection":[{"href":"https:\/\/www.europesays.com\/no\/wp-json\/wp\/v2\/posts"}],"about":[{"href":"https:\/\/www.europesays.com\/no\/wp-json\/wp\/v2\/types\/post"}],"author":[{"embeddable":true,"href":"https:\/\/www.europesays.com\/no\/wp-json\/wp\/v2\/users\/2"}],"replies":[{"embeddable":true,"href":"https:\/\/www.europesays.com\/no\/wp-json\/wp\/v2\/comments?post=121112"}],"version-history":[{"count":0,"href":"https:\/\/www.europesays.com\/no\/wp-json\/wp\/v2\/posts\/121112\/revisions"}],"wp:featuredmedia":[{"embeddable":true,"href":"https:\/\/www.europesays.com\/no\/wp-json\/wp\/v2\/media\/121113"}],"wp:attachment":[{"href":"https:\/\/www.europesays.com\/no\/wp-json\/wp\/v2\/media?parent=121112"}],"wp:term":[{"taxonomy":"category","embeddable":true,"href":"https:\/\/www.europesays.com\/no\/wp-json\/wp\/v2\/categories?post=121112"},{"taxonomy":"post_tag","embeddable":true,"href":"https:\/\/www.europesays.com\/no\/wp-json\/wp\/v2\/tags?post=121112"}],"curies":[{"name":"wp","href":"https:\/\/api.w.org\/{rel}","templated":true}]}}