{"id":121126,"date":"2025-12-24T15:32:09","date_gmt":"2025-12-24T15:32:09","guid":{"rendered":"https:\/\/www.europesays.com\/no\/121126\/"},"modified":"2025-12-24T15:32:09","modified_gmt":"2025-12-24T15:32:09","slug":"jeg-har-julestemning-fra-1-november-men-dette-er-hoydepunktet-fvn-no","status":"publish","type":"post","link":"https:\/\/www.europesays.com\/no\/121126\/","title":{"rendered":"(+) \u2013 Jeg har julestemning fra 1. november, men dette er h\u00f8ydepunktet &#8211; fvn.no"},"content":{"rendered":"<ol>\n<li><a href=\"https:\/\/news.google.com\/rss\/articles\/CBMirgFBVV95cUxQUmlMNkk5QjBXa21jb3BZOVBXTE9LYWY2NFctR3ljRmZpeXZSQTdiYmd5Y0M3RmZPTzFtVlVnR0NINnhOczVQdWJYQVpsMy03Mkg5di1GaEhYLWt2M0pfUEVsMkFrQmdPeS1YaXZWNnYwUjVOWUpFUTBnajlEYXY3ZUxveloxeVhlNF8xYnJIWTBuX1BESVQxN3dQaUhZM1k5STNrdkVWQldabFNrRXc?oc=5\" target=\"_blank\" rel=\"nofollow noopener\">(+) \u2013 Jeg har julestemning fra 1. november, men dette er h\u00f8ydepunktet<\/a>&nbsp;&nbsp;fvn.no<\/li>\n<li><a href=\"https:\/\/news.google.com\/rss\/articles\/CBMifkFVX3lxTE5pVm9wOXBkUE5VZ0lqeC15Y0FQYUx0WFpldTdSU3pZU2pEMGM2SDhsYnVKdVhIYTV2Q24wdUlFejNwcDdkbkFVcXRCU0RSV290WWV0MXB1Q3FYS3NYTmI3UTRlbkhJOThVQXFZOG1RMDB2RlotelJiZUF2QThNUQ?oc=5\" target=\"_blank\" rel=\"nofollow noopener\">F\u00e6rre g\u00e5r til julegudstjeneste enn f\u00f8r. Men i denne kirken venter de over 1.000<\/a>&nbsp;&nbsp;V\u00e5rt Land<\/li>\n<li><a href=\"https:\/\/news.google.com\/rss\/articles\/CBMickFVX3lxTE16WEJkUnRXZEVwNzdTeUVhOS0wZV91TzJwSi1pVmExLTduUnFKVk5CTDZvUjRHam9qSHlqM0RvcDMyTEY5VHZycUFveXpUbmpacWZPRVZRTm1sOC10UWcwWUtGdFpvZGtUZDZlMzNrWGpOdw?oc=5\" target=\"_blank\" rel=\"nofollow noopener\">Jul, Julegudstjeneste | Her ringes julen inn i Nes<\/a>&nbsp;&nbsp;Raumnes<\/li>\n<li><a href=\"https:\/\/news.google.com\/rss\/articles\/CBMiqgFBVV95cUxNYTFaX1FIWWVaRUN6Vkp0LWhoUHJOb0plVVp3YlFRbExOSllsUW9iSGpGYThuNGdqY1pZZWs1TTBHdk9UR3Q2UnJzQ0xUMWZ4SDJuVmMySHEzSnNrM3JGWDUyTjlLUWRYY3c3QUJHMXFHQzZvX2ZURG9rQmxBMG5yMEdnc0VJQWl2SzEwaWxJclROV1ZvM0g4bnJKbkt3Vm5kU3VkanhpU3NCZw?oc=5\" target=\"_blank\" rel=\"nofollow noopener\">Slik har julaftanbes\u00f8ket i v\u00e5re lokale kyrkjer utvikla seg dei siste 19 \u00e5ra<\/a>&nbsp;&nbsp;Haramsnytt<\/li>\n<li><a href=\"https:\/\/news.google.com\/rss\/articles\/CBMi0wFBVV95cUxOajlJeTdzRkV1V3I5dFQ4dVRjZkhQUEFLeW5xTkN5MHM4RU80QXJPS2NaRDc4QzIwOVVjQnBQNm1Pb0tiSHR1TkJ1d3EwOUd2X2NUc1IzV1JSeUx0ZC1fYTJ3RnprSW1ZMFFYZFZtQTJ2SEo1UjlkcTd4TXdHMnNBN0JkNUcwT19tbFBRZ3FWYTlmQU1GRjJ1R2JjYjFLb0tiTzZOaDJkM0RpUmpBSml4YzJ1UjVVX2lTblNpVlp0a0NjbGVjQTA5ZTh0cV9laU44UWZZ?oc=5\" target=\"_blank\" rel=\"nofollow noopener\">\u00c5pen julefeiring, juledagsfest p\u00e5 La Plaza og gudstjenester i kirkene. Dette skjer i Nes gjennom jula<\/a>&nbsp;&nbsp;Raumnes<\/li>\n<\/ol>\n","protected":false},"excerpt":{"rendered":"(+) \u2013 Jeg har julestemning fra 1. november, men dette er h\u00f8ydepunktet&nbsp;&nbsp;fvn.no F\u00e6rre g\u00e5r til julegudstjeneste enn f\u00f8r.&hellip;\n","protected":false},"author":2,"featured_media":121127,"comment_status":"","ping_status":"","sticky":false,"template":"","format":"standard","meta":{"footnotes":""},"categories":[10],"tags":[1301,20,21,14405,24,25,15,5593,12267,331,14404,22,23,13,30,28,29,14,16,10430,26,27],"class_list":{"0":"post-121126","1":"post","2":"type-post","3":"status-publish","4":"format-standard","5":"has-post-thumbnail","7":"category-norge","8":"tag-barn","9":"tag-breaking-news","10":"tag-breakingnews","11":"tag-domkirka","12":"tag-featured-news","13":"tag-featurednews","14":"tag-headlines","15":"tag-jul","16":"tag-julestemning","17":"tag-kristiansand","18":"tag-kristiansand-domkirke","19":"tag-latest-news","20":"tag-latestnews","21":"tag-news","22":"tag-no","23":"tag-norge","24":"tag-norway","25":"tag-nyheter","26":"tag-overskrifter","27":"tag-prest","28":"tag-top-stories","29":"tag-topstories"},"share_on_mastodon":{"url":"https:\/\/pubeurope.com\/@no\/115775271434398897","error":""},"_links":{"self":[{"href":"https:\/\/www.europesays.com\/no\/wp-json\/wp\/v2\/posts\/121126","targetHints":{"allow":["GET"]}}],"collection":[{"href":"https:\/\/www.europesays.com\/no\/wp-json\/wp\/v2\/posts"}],"about":[{"href":"https:\/\/www.europesays.com\/no\/wp-json\/wp\/v2\/types\/post"}],"author":[{"embeddable":true,"href":"https:\/\/www.europesays.com\/no\/wp-json\/wp\/v2\/users\/2"}],"replies":[{"embeddable":true,"href":"https:\/\/www.europesays.com\/no\/wp-json\/wp\/v2\/comments?post=121126"}],"version-history":[{"count":0,"href":"https:\/\/www.europesays.com\/no\/wp-json\/wp\/v2\/posts\/121126\/revisions"}],"wp:featuredmedia":[{"embeddable":true,"href":"https:\/\/www.europesays.com\/no\/wp-json\/wp\/v2\/media\/121127"}],"wp:attachment":[{"href":"https:\/\/www.europesays.com\/no\/wp-json\/wp\/v2\/media?parent=121126"}],"wp:term":[{"taxonomy":"category","embeddable":true,"href":"https:\/\/www.europesays.com\/no\/wp-json\/wp\/v2\/categories?post=121126"},{"taxonomy":"post_tag","embeddable":true,"href":"https:\/\/www.europesays.com\/no\/wp-json\/wp\/v2\/tags?post=121126"}],"curies":[{"name":"wp","href":"https:\/\/api.w.org\/{rel}","templated":true}]}}