{"id":12113,"date":"2025-08-19T10:38:18","date_gmt":"2025-08-19T10:38:18","guid":{"rendered":"https:\/\/www.europesays.com\/no\/12113\/"},"modified":"2025-08-19T10:38:18","modified_gmt":"2025-08-19T10:38:18","slug":"aqua-nor-ble-fullt-pa-et-dogn-mn24-no","status":"publish","type":"post","link":"https:\/\/www.europesays.com\/no\/12113\/","title":{"rendered":"Aqua Nor ble fullt p\u00e5 et d\u00f8gn &#8211; mn24.no"},"content":{"rendered":"<ol>\n<li><a href=\"https:\/\/news.google.com\/rss\/articles\/CBMif0FVX3lxTFBlUVdGUzZ5c2R4UVc3bzRpd1doNFlQZ3NEaVJuVVRRSHI4MEJBNG9TUkd4b0dsell5R3puOE9OWlFnRmFYVzUxakFsVmtURlFMWEw5N3NvSTluLVRCRlpSSWRITDdkeHZ6YUpjMUFCZ2NOQWtLaEhxNzloSWlPYk0?oc=5\" target=\"_blank\" rel=\"nofollow noopener\">Aqua Nor ble fullt p\u00e5 et d\u00f8gn<\/a>&nbsp;&nbsp;mn24.no<\/li>\n<li><a href=\"https:\/\/news.google.com\/rss\/articles\/CBMie0FVX3lxTE9DSE11QmV5NTRWaExjWm5BUHRpRV90WEowNTV4UEp3SWhZSUVtalRUMzRMdzI5ZzFTUTZjOWtxZUdpU0lVYnhiNW1USHdDSW5aTVo1dkhGR3F1cnJTQVNBeUhoRG0taHhqbGdzcHpXLXVSc1dYdU5peDdYNA?oc=5\" target=\"_blank\" rel=\"nofollow noopener\">Ble fullbooket p\u00e5 mindre enn et d\u00f8gn<\/a>&nbsp;&nbsp;adressa.no<\/li>\n<li><a href=\"https:\/\/news.google.com\/rss\/articles\/CBMirgFBVV95cUxOay1KUWlZd1VNYWxpVVdwV1VhR2g2emhOM1dsQ1BMZGhMSmV4Y3Z2ZmJqRGFTem5mR05FQ2tZanJsQzJHeGhSZk5VemxKcW1kX1FoY29SQy16cllVdU0teEs5bXQzaGVVUGtGdW5qQTJXNnEycndwTHFvV2wtQzdsbWJWTlBJV3IxQ3lUOHR5NDZrMkVhbzczcmF2X0lPMXNUamduNXNlU201ckEzcnc?oc=5\" target=\"_blank\" rel=\"nofollow noopener\">Stiftelsen Nor-Fishing og Trondheim kommune har signert ti\u00e5rig avtale<\/a>&nbsp;&nbsp;NRK<\/li>\n<li><a href=\"https:\/\/news.google.com\/rss\/articles\/CBMiakFVX3lxTFAzekVjVGNJYno3ZlFfWkRvVXlyMjE3a1JPeUtyWXcyNUQwM001cXJ2TXdrODZET09JM2dYWENZM2luTVVLSFFtM0sxQzhDaDcxRVNLTm5zVWU2N01KZU51NnVaUFFfMDBueEE?oc=5\" target=\"_blank\" rel=\"nofollow noopener\">Morgenrapport, Kronprins Haakon | God morgen, Trondheim!<\/a>&nbsp;&nbsp;Nidaros<\/li>\n<li><a href=\"https:\/\/news.google.com\/rss\/articles\/CBMivwFBVV95cUxQMXBQZjdxRF85NWQ2TUstM3NqTmlJMHNjZHdCQ2s4NmhxaEw1RDZ3aF92R2ZsUnRjTGRETVo4N1o5UnBTMGx3bmVHS1Y5RVV5LTY0WHE2MWFTQzRDSktqUDFQa1pxSVN5SnRSS3MwUWpMM0NLZ25MSTZsdkdFZHZiWXpCaDB4V2xCdndMY1M4aGd5LW95M3hJeFhOdEpUM0hfZFdfLVFxZENFeTRFM2JtTm9BM3pETWdCNnEtU3JiRQ?oc=5\" target=\"_blank\" rel=\"nofollow noopener\">Leverer sin st\u00f8rste b\u00e5t noko\u00adsinne \u2013 blir utstil\u00adlings\u00advind\u00adauge under Aqua Nor<\/a>&nbsp;&nbsp;vikebladet.no<\/li>\n<\/ol>\n","protected":false},"excerpt":{"rendered":"Aqua Nor ble fullt p\u00e5 et d\u00f8gn&nbsp;&nbsp;mn24.no Ble fullbooket p\u00e5 mindre enn et d\u00f8gn&nbsp;&nbsp;adressa.no Stiftelsen Nor-Fishing og Trondheim&hellip;\n","protected":false},"author":2,"featured_media":12114,"comment_status":"","ping_status":"","sticky":false,"template":"","format":"standard","meta":{"footnotes":""},"categories":[5],"tags":[2423,20,21,24,25,2425,15,19,22,23,17,18,13,30,28,29,14,2053,16,496,2424,70,26,27,2426],"class_list":{"0":"post-12113","1":"post","2":"type-post","3":"status-publish","4":"format-standard","5":"has-post-thumbnail","7":"category-overskrifter","8":"tag-aqua-nor","9":"tag-breaking-news","10":"tag-breakingnews","11":"tag-featured-news","12":"tag-featurednews","13":"tag-fiskeoppdrett","14":"tag-headlines","15":"tag-hovedoppslag","16":"tag-latest-news","17":"tag-latestnews","18":"tag-main-news","19":"tag-mainnews","20":"tag-news","21":"tag-no","22":"tag-norge","23":"tag-norway","24":"tag-nyheter","25":"tag-oppdrett","26":"tag-overskrifter","27":"tag-oya","28":"tag-sjomat","29":"tag-teknologi","30":"tag-top-stories","31":"tag-topstories","32":"tag-trondheim-spektrum"},"share_on_mastodon":{"url":"","error":""},"_links":{"self":[{"href":"https:\/\/www.europesays.com\/no\/wp-json\/wp\/v2\/posts\/12113","targetHints":{"allow":["GET"]}}],"collection":[{"href":"https:\/\/www.europesays.com\/no\/wp-json\/wp\/v2\/posts"}],"about":[{"href":"https:\/\/www.europesays.com\/no\/wp-json\/wp\/v2\/types\/post"}],"author":[{"embeddable":true,"href":"https:\/\/www.europesays.com\/no\/wp-json\/wp\/v2\/users\/2"}],"replies":[{"embeddable":true,"href":"https:\/\/www.europesays.com\/no\/wp-json\/wp\/v2\/comments?post=12113"}],"version-history":[{"count":0,"href":"https:\/\/www.europesays.com\/no\/wp-json\/wp\/v2\/posts\/12113\/revisions"}],"wp:featuredmedia":[{"embeddable":true,"href":"https:\/\/www.europesays.com\/no\/wp-json\/wp\/v2\/media\/12114"}],"wp:attachment":[{"href":"https:\/\/www.europesays.com\/no\/wp-json\/wp\/v2\/media?parent=12113"}],"wp:term":[{"taxonomy":"category","embeddable":true,"href":"https:\/\/www.europesays.com\/no\/wp-json\/wp\/v2\/categories?post=12113"},{"taxonomy":"post_tag","embeddable":true,"href":"https:\/\/www.europesays.com\/no\/wp-json\/wp\/v2\/tags?post=12113"}],"curies":[{"name":"wp","href":"https:\/\/api.w.org\/{rel}","templated":true}]}}