{"id":121134,"date":"2025-12-24T15:49:11","date_gmt":"2025-12-24T15:49:11","guid":{"rendered":"https:\/\/www.europesays.com\/no\/121134\/"},"modified":"2025-12-24T15:49:11","modified_gmt":"2025-12-24T15:49:11","slug":"meteorologen-det-ma-sies-a-vaere-velfortjent-fvn-no","status":"publish","type":"post","link":"https:\/\/www.europesays.com\/no\/121134\/","title":{"rendered":"(+) Meteorologen: \u2013 Det m\u00e5 sies \u00e5 v\u00e6re velfortjent &#8211; fvn.no"},"content":{"rendered":"<ol>\n<li><a href=\"https:\/\/news.google.com\/rss\/articles\/CBMihwFBVV95cUxNTTVrLXlCWTh3OHZzdVZjZkRTNzJHZG5BS1dXUWV5Q3V1M3JDQlZhS21xRi1mbjAtdHZITzBzQ2ZodDd2eGpxNjVMZmZ5ZnJONkJrQzZkVlNjMnJKQVR0SEdkUlhuc2I4dWJFSmhWaS12QzB5Y1h2OXBMSmNZLVVkczNCWGpzVFU?oc=5\" target=\"_blank\" rel=\"nofollow noopener\">(+) Meteorologen: \u2013 Det m\u00e5 sies \u00e5 v\u00e6re velfortjent<\/a>&nbsp;&nbsp;fvn.no<\/li>\n<li><a href=\"https:\/\/news.google.com\/rss\/articles\/CBMimAFBVV95cUxOeGZGLXM5OXlSTHF5eERQSFotUktLM2pjcTNneER6cEFoQmtUWXVlWGplQ2RkR0JldWF2RWpjVnVZSEROZkZLUnVsUU5xWVJ4MnZxR1M4dDhZTlVhM2Fnc2J1N2l5MVNxUEIzRmh6SEJwYThKdXFYdW1EeXJhc3hsNDRyTnA5bV90dDlkTGtCaFNKeWJzWDhEVw?oc=5\" target=\"_blank\" rel=\"nofollow noopener\">Dyster beskjed om julaften<\/a>&nbsp;&nbsp;Avisa Oslo<\/li>\n<li><a href=\"https:\/\/news.google.com\/rss\/articles\/CBMiugFBVV95cUxNWmk1UzJ5U0REcDUtYTNPRDdkQ09nbXA4eFNJeTVOMndfaWcxSWNoa1JUR1FzRTBKN2RwUkFHZndfaXVyVi1CNlVIM0lhYXdGMXFlcmFQZnFDYzd3VW9DWXNYWHRaajBTdUhtVjVoRmxRalJoRl8zVnEzTGlaQnhzajV6S2xzeW5UNjBscmYxTWlkN2d4Q09maFVEcjJkZy0tNEh3VEJkV1pjWWNCY2xVMVRQb25hd0dZMlE?oc=5\" target=\"_blank\" rel=\"nofollow noopener\">Rimhvit jul krydret med noen sn\u00f8fjoner<\/a>&nbsp;&nbsp;\u00d8stlendingen<\/li>\n<li><a href=\"https:\/\/news.google.com\/rss\/articles\/CBMibEFVX3lxTE9FRFFOYlQyVTBZMUR6MzY3WmRMNk95ZXdodEhXamVaTEdQODRhQzVfWFg1c2swQ3gtY1N6YVZQS0pvZlJBWEREZ1lWZGtrV2lVNzhPUlQ4aF9fY0pnTTIzQzBVRUFmajFwS3piag?oc=5\" target=\"_blank\" rel=\"nofollow noopener\">Nyheter, V\u00e6r | Meteorologen: Slik blir julen<\/a>&nbsp;&nbsp;Bergensavisen<\/li>\n<li><a href=\"https:\/\/news.google.com\/rss\/articles\/CBMie0FVX3lxTE5zMU5TeGsxOUU4M250VVdTclExVmg2eVhtSTdTVm40NEJmVl8yRl9scFNSeDhsR0pMYjZZS2ZsLTNUUE4zdzhicTBYNmhzZ3QzOElsM2V0YTZ0OFprZERvdmVUQ011ZzJYWVF5VDdNRnlhbzBkd3pFcjA5Yw?oc=5\" target=\"_blank\" rel=\"nofollow noopener\">Klimaforsker: \u2013 I Bergen m\u00e5 vi godta rim p\u00e5 bakken som hvit jul<\/a>&nbsp;&nbsp;Bergens Tidende<\/li>\n<\/ol>\n","protected":false},"excerpt":{"rendered":"(+) Meteorologen: \u2013 Det m\u00e5 sies \u00e5 v\u00e6re velfortjent&nbsp;&nbsp;fvn.no Dyster beskjed om julaften&nbsp;&nbsp;Avisa Oslo Rimhvit jul krydret med&hellip;\n","protected":false},"author":2,"featured_media":121135,"comment_status":"","ping_status":"","sticky":false,"template":"","format":"standard","meta":{"footnotes":""},"categories":[10],"tags":[20,21,24,25,15,22,23,1202,13,30,28,29,14,16,26,27,553],"class_list":{"0":"post-121134","1":"post","2":"type-post","3":"status-publish","4":"format-standard","5":"has-post-thumbnail","7":"category-norge","8":"tag-breaking-news","9":"tag-breakingnews","10":"tag-featured-news","11":"tag-featurednews","12":"tag-headlines","13":"tag-latest-news","14":"tag-latestnews","15":"tag-meteorologisk-institutt","16":"tag-news","17":"tag-no","18":"tag-norge","19":"tag-norway","20":"tag-nyheter","21":"tag-overskrifter","22":"tag-top-stories","23":"tag-topstories","24":"tag-vaer"},"share_on_mastodon":{"url":"https:\/\/pubeurope.com\/@no\/115775338116679624","error":""},"_links":{"self":[{"href":"https:\/\/www.europesays.com\/no\/wp-json\/wp\/v2\/posts\/121134","targetHints":{"allow":["GET"]}}],"collection":[{"href":"https:\/\/www.europesays.com\/no\/wp-json\/wp\/v2\/posts"}],"about":[{"href":"https:\/\/www.europesays.com\/no\/wp-json\/wp\/v2\/types\/post"}],"author":[{"embeddable":true,"href":"https:\/\/www.europesays.com\/no\/wp-json\/wp\/v2\/users\/2"}],"replies":[{"embeddable":true,"href":"https:\/\/www.europesays.com\/no\/wp-json\/wp\/v2\/comments?post=121134"}],"version-history":[{"count":0,"href":"https:\/\/www.europesays.com\/no\/wp-json\/wp\/v2\/posts\/121134\/revisions"}],"wp:featuredmedia":[{"embeddable":true,"href":"https:\/\/www.europesays.com\/no\/wp-json\/wp\/v2\/media\/121135"}],"wp:attachment":[{"href":"https:\/\/www.europesays.com\/no\/wp-json\/wp\/v2\/media?parent=121134"}],"wp:term":[{"taxonomy":"category","embeddable":true,"href":"https:\/\/www.europesays.com\/no\/wp-json\/wp\/v2\/categories?post=121134"},{"taxonomy":"post_tag","embeddable":true,"href":"https:\/\/www.europesays.com\/no\/wp-json\/wp\/v2\/tags?post=121134"}],"curies":[{"name":"wp","href":"https:\/\/api.w.org\/{rel}","templated":true}]}}