{"id":121136,"date":"2025-12-24T15:51:14","date_gmt":"2025-12-24T15:51:14","guid":{"rendered":"https:\/\/www.europesays.com\/no\/121136\/"},"modified":"2025-12-24T15:51:14","modified_gmt":"2025-12-24T15:51:14","slug":"mainoo-og-fernandes-ute-mot-newcastle","status":"publish","type":"post","link":"https:\/\/www.europesays.com\/no\/121136\/","title":{"rendered":"Mainoo og Fernandes ute mot Newcastle"},"content":{"rendered":"<p>        James Gill &#8211; Danehouse\n    <\/p>\n<p class=\"kicker font-weight-bold m-font-weight-bold tertiary color_mobile_tertiary\" style=\"\">PRESSEKONFERANSE:<\/p>\n<p>Fredag kveld fortsetter Premier League-sesongen for Uniteds del, men det blir uten spillerne som n\u00e5 har manglet.<\/p>\n<p>Det bekreftet R\u00faben Amorim p\u00e5 onsdagens pressekonferanse.<\/p>\n<p>\u2013 Verken Kobbie (Mainoo) eller Bruno (Fernandes) er aktuelle for denne. De rehabiliterer, men det vil ikke ta veldig lang tid, begynte han.<\/p>\n<p>\u2013 Kobbie vil imidlertid v\u00e6re tilbake f\u00f8r Bruno, sa portugiseren &#8211; uten \u00e5 si noe om n\u00e5r kapteinen er tilbake.<\/p>\n<p>Kobbie Mainoo var tiltenkt en startplass mot Aston Villa, men forsvant ut etter en skade p\u00e5 trening dagen f\u00f8r den kampen. N\u00e5 mister han ogs\u00e5 Newcastle-kampen og s\u00e5 gjenst\u00e5r det \u00e5 se om han er tilbake til Wolves-kampen som spilles neste tirsdag. Akkurat n\u00e5 virker det som om ogs\u00e5 den kampen kan komme for fort for Mainoo n\u00e5.<\/p>\n<p>Engelske medier har denne uka meldt at United jobber for \u00e5 f\u00e5 Bruno Fernandes tilbake til hjemmekampen mot Manchester City midt i januar, men Amorim ville ikke si noe om det onsdag.<\/p>\n<p class=\"font-weight-bold m-font-weight-bold\" data-lab-font_weight=\"font-weight-bold\">Amorim bekreftet ogs\u00e5 at Harry Maguire og Matthijs de Ligt fortsatt er ute.<\/p>\n<p class=\"font-weight-normal m-font-weight-normal\" data-lab-font_weight=\"font-weight-normal\">\u2013 De rekker ikke denne. S\u00e5 f\u00e5r vi se n\u00e5r vi kommer til den neste, sier Amorim.<\/p>\n<p class=\"font-weight-bold m-font-weight-bold\" data-lab-font_weight=\"font-weight-bold\">Her kan du lese mer fra pressekonferansen:<\/p>\n<p>        <a itemprop=\"url\" class=\"\" href=\"https:\/\/www.united.no\/nyheter\/bruno-er-umulig-a-erstatte-men-dette-kan-ogsa-vaere-en-god-ting\/1410668\" data-k5a-url=\"https:\/\/www.united.no\/a\/1410668\" rel=\"nofollow noopener\" target=\"_blank\"><\/p>\n<p>\nPRESSEKONFERANSE F\u00d8R NEWCASTLE:\n<\/p>\n<p>            \u2013 Bruno er umulig \u00e5 erstatte, men dette kan ogs\u00e5 v\u00e6re en god ting &#8230;<\/p>\n<p>        <\/a><\/p>\n","protected":false},"excerpt":{"rendered":"James Gill &#8211; Danehouse PRESSEKONFERANSE: Fredag kveld fortsetter Premier League-sesongen for Uniteds del, men det blir uten spillerne&hellip;\n","protected":false},"author":2,"featured_media":121137,"comment_status":"","ping_status":"","sticky":false,"template":"","format":"standard","meta":{"footnotes":""},"categories":[59],"tags":[30,28,29,83,82],"class_list":{"0":"post-121136","1":"post","2":"type-post","3":"status-publish","4":"format-standard","5":"has-post-thumbnail","7":"category-sport","8":"tag-no","9":"tag-norge","10":"tag-norway","11":"tag-sport","12":"tag-sports"},"share_on_mastodon":{"url":"https:\/\/pubeurope.com\/@no\/115775346002222452","error":""},"_links":{"self":[{"href":"https:\/\/www.europesays.com\/no\/wp-json\/wp\/v2\/posts\/121136","targetHints":{"allow":["GET"]}}],"collection":[{"href":"https:\/\/www.europesays.com\/no\/wp-json\/wp\/v2\/posts"}],"about":[{"href":"https:\/\/www.europesays.com\/no\/wp-json\/wp\/v2\/types\/post"}],"author":[{"embeddable":true,"href":"https:\/\/www.europesays.com\/no\/wp-json\/wp\/v2\/users\/2"}],"replies":[{"embeddable":true,"href":"https:\/\/www.europesays.com\/no\/wp-json\/wp\/v2\/comments?post=121136"}],"version-history":[{"count":0,"href":"https:\/\/www.europesays.com\/no\/wp-json\/wp\/v2\/posts\/121136\/revisions"}],"wp:featuredmedia":[{"embeddable":true,"href":"https:\/\/www.europesays.com\/no\/wp-json\/wp\/v2\/media\/121137"}],"wp:attachment":[{"href":"https:\/\/www.europesays.com\/no\/wp-json\/wp\/v2\/media?parent=121136"}],"wp:term":[{"taxonomy":"category","embeddable":true,"href":"https:\/\/www.europesays.com\/no\/wp-json\/wp\/v2\/categories?post=121136"},{"taxonomy":"post_tag","embeddable":true,"href":"https:\/\/www.europesays.com\/no\/wp-json\/wp\/v2\/tags?post=121136"}],"curies":[{"name":"wp","href":"https:\/\/api.w.org\/{rel}","templated":true}]}}