{"id":121142,"date":"2025-12-24T16:00:41","date_gmt":"2025-12-24T16:00:41","guid":{"rendered":"https:\/\/www.europesays.com\/no\/121142\/"},"modified":"2025-12-24T16:00:41","modified_gmt":"2025-12-24T16:00:41","slug":"idrettshelter-karing-vg-har-karet-norges-storste-idrettsstjerner-larvik-utover-pa-10-plass-ostlands-posten","status":"publish","type":"post","link":"https:\/\/www.europesays.com\/no\/121142\/","title":{"rendered":"Idrettshelter, K\u00e5ring | VG har k\u00e5ret Norges st\u00f8rste idrettsstjerner \u2013 Larvik-ut\u00f8ver p\u00e5 10. plass &#8211; \u00d8stlands-Posten"},"content":{"rendered":"<ol>\n<li><a href=\"https:\/\/news.google.com\/rss\/articles\/CBMipAFBVV95cUxNRm8xN0xTYXNiTXNFSVhyVXVldm1QeTNSbmgyWlJtdlBUMExZZ21KRllXNE8zV1FjUk92Y1EtaFpyVkhIR0NUSXY0NzNzS2xtaGpGNHpTM0JxdHZqdFljbjAwd1JtOVZrMGtjUVFiUjFhOWpOQ2cyOHBmNlhka2hnWFFETFkwVnhZMTRKMVp0M3ZZNllkbkJoanREN1RDYnU2VzhFTA?oc=5\" target=\"_blank\" rel=\"nofollow noopener\">Idrettshelter, K\u00e5ring | VG har k\u00e5ret Norges st\u00f8rste idrettsstjerner \u2013 Larvik-ut\u00f8ver p\u00e5 10. plass<\/a>&nbsp;&nbsp;\u00d8stlands-Posten<\/li>\n<li><a href=\"https:\/\/news.google.com\/rss\/articles\/CBMigwFBVV95cUxOSk5HMzBGMl8xV0tzYmxyR3V6bmtjd3VmLVE0ZElETC1WLXZ0WDQ5S1JMaHRHSlBQeDB6MTdPVWdOQ0dQNFdaM3FFbTlYM0NvY09IYmJrSnRGazdFc1B6eFptUUN1NXctbXYybGg3VGdvZ2E1WE1seVpjWjhldW1Tbkx1Zw?oc=5\" target=\"_blank\" rel=\"nofollow noopener\">Kommentar: Erling Braut Haaland st\u00f8rst p\u00e5 VGs liste igjen &#8211; verden har knapt nok sett noe lignende<\/a>&nbsp;&nbsp;VG<\/li>\n<li><a href=\"https:\/\/news.google.com\/rss\/articles\/CBMilgFBVV95cUxNTUV3aE9WQWdmYk9BbjRHbkpIY1N5bjB5cmx1elJsWjdxdUxuN3lNNUVKSUV0NDVQeG5veVhoYzdDY0psNzcyQWJvVU5xOXdaSkpSOF8yc1p5SHRscTQ4X1dDelJmY295WWZvblRFTmZEeUpfSFQwU2VFVTM5STg3d1FraG5hYmFvSkxXQ3dKc3UxSzgycHc?oc=5\" target=\"_blank\" rel=\"nofollow noopener\">VG: Valnes beste ut\u00f8ver fra Troms og Finnmark<\/a>&nbsp;&nbsp;NRK<\/li>\n<li><a href=\"https:\/\/news.google.com\/rss\/articles\/CBMilgFBVV95cUxNMkZ4R3FlX0s4T1llb2d5Q29rVm9EeFp0OUtfWDFheGZaaG4yR2NtYWN5alFFcWRiaEdSWGZkdW1jU0ZsenZFcUJPVEZuaUxDUkM1UmNlOTNzSGZRQTc1UjhGVV8wcmVTa044SGVvY2FOZU1CSmx5eml6cGtIVGk3Q2JabW9hUUFsdkNXR3J5ZnpQdWFEeGc?oc=5\" target=\"_blank\" rel=\"nofollow noopener\">(+) Her plasserte VG Valnes p\u00e5 \u00e5rets 100-liste<\/a>&nbsp;&nbsp;folkebladet.no<\/li>\n<\/ol>\n","protected":false},"excerpt":{"rendered":"Idrettshelter, K\u00e5ring | VG har k\u00e5ret Norges st\u00f8rste idrettsstjerner \u2013 Larvik-ut\u00f8ver p\u00e5 10. plass&nbsp;&nbsp;\u00d8stlands-Posten Kommentar: Erling Braut Haaland&hellip;\n","protected":false},"author":2,"featured_media":114826,"comment_status":"","ping_status":"","sticky":false,"template":"","format":"standard","meta":{"footnotes":""},"categories":[59],"tags":[30,28,29,83,82],"class_list":{"0":"post-121142","1":"post","2":"type-post","3":"status-publish","4":"format-standard","5":"has-post-thumbnail","7":"category-sport","8":"tag-no","9":"tag-norge","10":"tag-norway","11":"tag-sport","12":"tag-sports"},"share_on_mastodon":{"url":"https:\/\/pubeurope.com\/@no\/115775381376188409","error":""},"_links":{"self":[{"href":"https:\/\/www.europesays.com\/no\/wp-json\/wp\/v2\/posts\/121142","targetHints":{"allow":["GET"]}}],"collection":[{"href":"https:\/\/www.europesays.com\/no\/wp-json\/wp\/v2\/posts"}],"about":[{"href":"https:\/\/www.europesays.com\/no\/wp-json\/wp\/v2\/types\/post"}],"author":[{"embeddable":true,"href":"https:\/\/www.europesays.com\/no\/wp-json\/wp\/v2\/users\/2"}],"replies":[{"embeddable":true,"href":"https:\/\/www.europesays.com\/no\/wp-json\/wp\/v2\/comments?post=121142"}],"version-history":[{"count":0,"href":"https:\/\/www.europesays.com\/no\/wp-json\/wp\/v2\/posts\/121142\/revisions"}],"wp:featuredmedia":[{"embeddable":true,"href":"https:\/\/www.europesays.com\/no\/wp-json\/wp\/v2\/media\/114826"}],"wp:attachment":[{"href":"https:\/\/www.europesays.com\/no\/wp-json\/wp\/v2\/media?parent=121142"}],"wp:term":[{"taxonomy":"category","embeddable":true,"href":"https:\/\/www.europesays.com\/no\/wp-json\/wp\/v2\/categories?post=121142"},{"taxonomy":"post_tag","embeddable":true,"href":"https:\/\/www.europesays.com\/no\/wp-json\/wp\/v2\/tags?post=121142"}],"curies":[{"name":"wp","href":"https:\/\/api.w.org\/{rel}","templated":true}]}}