{"id":121150,"date":"2025-12-24T16:19:42","date_gmt":"2025-12-24T16:19:42","guid":{"rendered":"https:\/\/www.europesays.com\/no\/121150\/"},"modified":"2025-12-24T16:19:42","modified_gmt":"2025-12-24T16:19:42","slug":"avfall-jul-joda-du-kan-kaste-pinnekjott-i-matavfallet","status":"publish","type":"post","link":"https:\/\/www.europesays.com\/no\/121150\/","title":{"rendered":"Avfall, Jul | Joda, du kan kaste pinnekj\u00f8tt i matavfallet"},"content":{"rendered":"\n<p><b><a href=\"https:\/\/www.tb.no\/\" rel=\"Follow nofollow noopener\" target=\"_blank\">(tb.no)<\/a> Hvis ingen g\u00e5r i fella, men passer seg for den \u2013 blir det jul i \u00e5r igjen. Uansett om du har f\u00e5tt tak i alle gavene, vaska g\u00f8lvet, b\u00f8ri ved og alt det der, ringes julen inn klokka 17 julaften ettermiddag. <\/b><\/p>\n<p>Innimellom all julestasen blir det mye avfall. Det vet kommunikasjonssjef Kaia Ross Lind i Vesar. Derfor er hun klar med en liten guide for \u00e5 sortere alt som kan kastes.<\/p>\n<p><b>\u2013 Vestfoldingene er blant de beste i landet til \u00e5 kildesortere. Likevel er det fremdeles en del av det som ender i restavfallet, som skulle v\u00e6rt sortert ut. Er du usikker kan du enkelt s\u00f8ke opp det du skal kaste p\u00e5 sortere.no, og f\u00e5 svar p\u00e5 hvordan det skal sorteres. P\u00e5 denne m\u00e5ten sikrer du at det du skal kvitte deg med sorteres rett, og at ressursene i avfallet kan utnyttes p\u00e5 best mulig m\u00e5te, skriver hun i en pressemelding.<\/b><\/p>\n<p>For \u00e5 unng\u00e5 at rottene f\u00e5r tidenes restefest, anbefaler hun at ribbefettet og annet fett legges i matavfallet.<\/p>\n<p>\u2013 Bruk gjerne t\u00f8rkepapir til \u00e5 t\u00f8rke ut av panner og stekebrett. Da kan b\u00e5de fettet og t\u00f8rkepapiret g\u00e5 i matavfallet.<\/p>\n<p>            Vesars beste kildesorterings-tips<\/p>\n<p><b>Hva skal sorteres hvor?<\/b><\/p>\n<ul>\n<li><b>Glanset gavepapir skal kastes i restavfallet.<\/b> Dette innholder leire og fargestoffer, og lite papirfiber, og er ikke egnet for gjenvinning.<\/li>\n<li><b>Gr\u00e5papir, avispapir og naturpapir, med eller uten farge\/m\u00f8nster, sorteres som papir.<\/b><\/li>\n<li><b>Gaveb\u00e5nd skal i restavfallet.<\/b><\/li>\n<li><b>Pappesker sorteres som papp og papir.<\/b><\/li>\n<li><b>Bobleplast og &laquo;p\u00f8lser&raquo; av plast fylt med luft sorteres som plastemballasje.<\/b><\/li>\n<li><b>Skumfolie sorteres som plastemballasje.<\/b><\/li>\n<li><b>EPS (isopor) samles opp og leveres p\u00e5 gjenvinningsstasjonen.<\/b><\/li>\n<\/ul>\n<p><b>Batterier og elektriske produkter<\/b><\/p>\n<ul>\n<li><b>Alle batterier skal leveres inn, enten til butikker som selger samme type batterier eller til en gjenvinningsstasjon.<\/b> Batterier som kastes i restavfallet utgj\u00f8r en brannrisiko. Et tips er \u00e5 samle brukte batterier i et syltet\u00f8yglass og levere de inn regelmessig.<\/li>\n<li><b>Andre produkter som g\u00e5r p\u00e5 str\u00f8m eller batteri leveres til en butikk som selger lignende produkter, eller til en gjenvinningsstasjon.<\/b><\/li>\n<\/ul>\n<p><b>Matavfall<\/b><\/p>\n<ul>\n<li><b>Planlegg innkj\u00f8pene og lag restemat for \u00e5 minimere matavfall.<\/b><\/li>\n<li><b>Ribbefett og annet fett skal i matavfallet.<\/b> Bruk gjerne t\u00f8rkepapir til \u00e5 t\u00f8rke ut av panner og stekebrett. Da kan b\u00e5de fettet og t\u00f8rkepapiret g\u00e5 i matavfallet.<\/li>\n<\/ul>\n<p><b>Usikker p\u00e5 hva som skal hvor?<\/b><\/p>\n<ul>\n<li><b>Bruk nettsiden sortere.no eller appen med samme navn for \u00e5 finne ut hva som skal sorteres hvor.<\/b><\/li>\n<\/ul>\n<p>  Lurer du p\u00e5 n\u00e5r avfallet hentes i julen, eller om gjenvinningsstasjonen er \u00e5pen?<\/p>\n<p>Avfallet kan bli hentet til andre dager enn vanlig n\u00e5 i julen, selv om hentedagen din ikke faller p\u00e5 en r\u00f8d dag. Du finner oversikt over dine hentedager i appen Min Renovasjon.<\/p>\n<p>Gjenvinningsstasjonene holder stengt julaften, 1. og 2. juledag, samt nytt\u00e5rsaften og 1. nytt\u00e5rsdag. Ut over dette har gjenvinningsstasjonene normale \u00e5pningstider, oppgir Vesar.<\/p>\n<p>  <a href=\"https:\/\/www.op.no\/5-36-1862996\" class=\"related-teaser has-image default-story-teaser article--c-eRUmMG article--c-eRUmMG-jKCPdD-design-default\" rel=\"nofollow noopener\" target=\"_blank\"><\/p>\n<p>    <img decoding=\"async\" loading=\"lazy\"  src=\"https:\/\/www.europesays.com\/no\/wp-content\/uploads\/2025\/12\/Skjermbilde+2025-12-19+110844.png\" alt=\"\" class=\"brick-c-cFOWSL\" style=\"\"\/><\/p>\n<p>\n            Les ogs\u00e5<\/p>\n<p>              S\u00f8ppelbil traff hus: \u2013 Det knasa plutselig i huset\n        <\/p>\n<p>  <\/a><\/p>\n<p>  <a href=\"https:\/\/www.op.no\/5-36-1863530\" class=\"related-teaser has-image default-story-teaser article--c-eRUmMG article--c-eRUmMG-jKCPdD-design-default\" rel=\"nofollow noopener\" target=\"_blank\"><\/p>\n<p>    <img decoding=\"async\" loading=\"lazy\"  src=\"https:\/\/www.europesays.com\/no\/wp-content\/uploads\/2025\/12\/fett_ror.jpg\" alt=\"\" class=\"brick-c-cFOWSL\" style=\"\"\/><\/p>\n<p>\n            Les ogs\u00e5<\/p>\n<p>              \u2013 Vi ser alt mulig som kastes\n        <\/p>\n<p>  <\/a><\/p>\n","protected":false},"excerpt":{"rendered":"(tb.no) Hvis ingen g\u00e5r i fella, men passer seg for den \u2013 blir det jul i \u00e5r igjen.&hellip;\n","protected":false},"author":2,"featured_media":121151,"comment_status":"","ping_status":"","sticky":false,"template":"","format":"standard","meta":{"footnotes":""},"categories":[5],"tags":[36,1048,20,21,24,25,15,19,5593,22,23,17,18,13,30,28,29,14,16,1510,26,27,14406],"class_list":{"0":"post-121150","1":"post","2":"type-post","3":"status-publish","4":"format-standard","5":"has-post-thumbnail","7":"category-overskrifter","8":"tag-art","9":"tag-avfall","10":"tag-breaking-news","11":"tag-breakingnews","12":"tag-featured-news","13":"tag-featurednews","14":"tag-headlines","15":"tag-hovedoppslag","16":"tag-jul","17":"tag-latest-news","18":"tag-latestnews","19":"tag-main-news","20":"tag-mainnews","21":"tag-news","22":"tag-no","23":"tag-norge","24":"tag-norway","25":"tag-nyheter","26":"tag-overskrifter","27":"tag-story","28":"tag-top-stories","29":"tag-topstories","30":"tag-vesar"},"share_on_mastodon":{"url":"https:\/\/pubeurope.com\/@no\/115775456233894068","error":""},"_links":{"self":[{"href":"https:\/\/www.europesays.com\/no\/wp-json\/wp\/v2\/posts\/121150","targetHints":{"allow":["GET"]}}],"collection":[{"href":"https:\/\/www.europesays.com\/no\/wp-json\/wp\/v2\/posts"}],"about":[{"href":"https:\/\/www.europesays.com\/no\/wp-json\/wp\/v2\/types\/post"}],"author":[{"embeddable":true,"href":"https:\/\/www.europesays.com\/no\/wp-json\/wp\/v2\/users\/2"}],"replies":[{"embeddable":true,"href":"https:\/\/www.europesays.com\/no\/wp-json\/wp\/v2\/comments?post=121150"}],"version-history":[{"count":0,"href":"https:\/\/www.europesays.com\/no\/wp-json\/wp\/v2\/posts\/121150\/revisions"}],"wp:featuredmedia":[{"embeddable":true,"href":"https:\/\/www.europesays.com\/no\/wp-json\/wp\/v2\/media\/121151"}],"wp:attachment":[{"href":"https:\/\/www.europesays.com\/no\/wp-json\/wp\/v2\/media?parent=121150"}],"wp:term":[{"taxonomy":"category","embeddable":true,"href":"https:\/\/www.europesays.com\/no\/wp-json\/wp\/v2\/categories?post=121150"},{"taxonomy":"post_tag","embeddable":true,"href":"https:\/\/www.europesays.com\/no\/wp-json\/wp\/v2\/tags?post=121150"}],"curies":[{"name":"wp","href":"https:\/\/api.w.org\/{rel}","templated":true}]}}