{"id":121161,"date":"2025-12-24T16:37:11","date_gmt":"2025-12-24T16:37:11","guid":{"rendered":"https:\/\/www.europesays.com\/no\/121161\/"},"modified":"2025-12-24T16:37:11","modified_gmt":"2025-12-24T16:37:11","slug":"slapp-av-norge-gar-ikke-under","status":"publish","type":"post","link":"https:\/\/www.europesays.com\/no\/121161\/","title":{"rendered":"Slapp av, Norge g\u00e5r ikke under"},"content":{"rendered":"\n<ul class=\"_list_o9xde_3 _list_64s2r_85 _unordered_o9xde_106 text-sans-m\">\n<li class=\"_item_o9xde_30\">Norge har hatt \u00f8konomisk vekst, og husholdningenes \u00f8konomiske situasjon er positiv if\u00f8lge SpareBank 1.<\/li>\n<li class=\"_item_o9xde_30\">Det er en tendens til \u00e5 male dystre bilder av Norges fremtid, men realiteten er mindre dramatisk.<\/li>\n<li class=\"_item_o9xde_30\">Helse og levestandard har forbedret seg over tid.<\/li>\n<li class=\"_item_o9xde_30\">Asle Toje advarer mot \u00f8konomisk og kulturell forfall, men disse bekymringene kan nyanseres med mer positive utviklingstrekk.<\/li>\n<li class=\"_item_o9xde_30\">Norge har h\u00f8yt tillit, politisk stabilitet og inkluderende kultur. Det g\u00e5r generelt bra i landet.<\/li>\n<\/ul>\n<p>Vis mer <\/p>\n<p class=\"_paragraph_o9xde_4 _paragraph_xtcu6_10 layout-component text-serif-m layout-normal text-serif-m layout-padded\">\u00abUtviklingen er s\u00e6rlig positiv for husholdningene\u00bb, st\u00e5r det i \u00e5rets siste ukebrev fra SpareBank 1.<\/p>\n<p class=\"_paragraph_o9xde_4 _paragraph_xtcu6_10 layout-component text-serif-m layout-normal text-serif-m layout-padded\">Den setningen landet i innboksen min samme dag som jeg leste det som m\u00e5 v\u00e6re \u00e5rets <a href=\"https:\/\/www.aftenposten.no\/meninger\/debatt\/i\/8pmm5G\/asle-toje-vil-norge-overleve-det-som-kommer\" class=\"_link_o9xde_39\" rel=\"nofollow noopener\" target=\"_blank\">dystreste kronikk<\/a>, signert forfatter og Nobelkomit\u00e9-medlem <a href=\"https:\/\/www.vg.no\/tag\/asle-toje?utm_source=vg-article&amp;utm_medium=auto-tagger&amp;utm_campaign=xrPr3Q\" class=\"_link_o9xde_39\" rel=\"nofollow noopener\" target=\"_blank\">Asle Toje<\/a>.<\/p>\n<p class=\"_paragraph_o9xde_4 _paragraph_xtcu6_10 layout-component text-serif-m layout-normal text-serif-m layout-padded\">\u00abVil Norge overleve det som kommer?\u00bb sp\u00f8r han rett og slett i Aftenposten.<\/p>\n<p class=\"_paragraph_o9xde_4 _paragraph_xtcu6_10 layout-component text-serif-m layout-normal text-serif-m layout-padded\">Hva er dette for noe, sp\u00f8r du sikkert? <\/p>\n<p class=\"_paragraph_o9xde_4 _paragraph_xtcu6_10 layout-component text-serif-m layout-normal text-serif-m layout-padded\">Toje trekker linjer til Romerrikets fall, faktisk. <\/p>\n<p class=\"_paragraph_o9xde_4 _paragraph_xtcu6_10 layout-component text-serif-m layout-normal text-serif-m layout-padded\">Han mener norsk kultur er i ferd med \u00e5 forvitre, og at vi har en \u00f8konomi \u00abi dyp ubalanse\u00bb. <\/p>\n<p><img alt=\"SITTER I NOBELKOMITEEN: Asle Toje med fredsprisvinner Mar\u00eda Corina Machado tidligere i desember.   Foto: Ole Berg-Rusten \/ NTB\" class=\"_image_qp4xg_65 layout-component layout-normal\" data-fullscreen- data-track-element-type=\"Article image fullscreen\" data-track-name=\"ImageFullscreen\" decoding=\"async\" loading=\"lazy\" height=\"3341\" itemprop=\"image\"  src=\"https:\/\/www.europesays.com\/no\/wp-content\/uploads\/2025\/12\/31cd5aa0-db29-4670-b305-93777aa38e36\"  style=\"object-position:0% 0%\" width=\"5012\"\/>SITTER I NOBELKOMITEEN: Asle Toje med fredsprisvinner Mar\u00eda Corina Machado tidligere i desember.   Foto: Ole Berg-Rusten \/ NTB<\/p>\n<p class=\"_paragraph_o9xde_4 _paragraph_xtcu6_10 layout-component text-serif-m layout-normal text-serif-m layout-padded\">Og visst er det lov \u00e5 v\u00e6re bekymret, med all uroen er rundt oss. <\/p>\n<p class=\"_paragraph_o9xde_4 _paragraph_xtcu6_10 layout-component text-serif-m layout-normal text-serif-m layout-padded\">2025 har v\u00e6rt et \u00e5r der flere har konkurrert om \u00e5 male det m\u00f8rkeste bildet. Influencere og samfunnsrefsere forteller oss at gullalderen er forbi. <\/p>\n<p class=\"_paragraph_o9xde_4 _paragraph_xtcu6_10 layout-component text-serif-m layout-normal text-serif-m layout-padded\">Men man skal v\u00e6re ganske nevrotisk og ha en ensidig mediediett for \u00e5 g\u00e5 rundt \u00e5 tro at Norge er det landet som senker seg selv. <\/p>\n<p class=\"_paragraph_o9xde_4 _paragraph_xtcu6_10 layout-component text-serif-m layout-normal text-serif-m layout-padded\">Det g\u00e5r tross alt ganske bra i Norge.<\/p>\n<p class=\"_paragraph_o9xde_4 _paragraph_xtcu6_10 layout-component text-serif-m layout-normal text-serif-m layout-padded\">Noen av kritikerne har likevel poenger. Folk som \u00f8konom Martin Bech Holte og sl\u00f8seridokumentarist Sindre Wiig Nordby har reist reelle diskusjoner om offentlig pengebruk og behov for reformer.<\/p>\n<p class=\"_paragraph_o9xde_4 _paragraph_xtcu6_10 layout-component text-serif-m layout-normal text-serif-m layout-padded\">Men ogs\u00e5 de m\u00e5 <a href=\"https:\/\/www.dn.no\/kommentar\/martin-bech-holte\/martin-b-holm\/produktivitet\/martin-bech-holte-feilinformerer-igjen-med-vilje\/2-1-1920487\" class=\"_link_o9xde_39\" rel=\"nofollow noopener\" target=\"_blank\">rette feil<\/a> og har godt av \u00e5 bli nyansert. <\/p>\n<p><img alt=\"MENER NORGE ER BLITT FOR RIKT: Forfatter og \u00f8konom Martin Bech Holte.   Foto: Ole Berg-Rusten \/ NTB\" class=\"_image_qp4xg_65 layout-component layout-normal\" data-fullscreen- data-track-element-type=\"Article image fullscreen\" data-track-name=\"ImageFullscreen\" decoding=\"async\" loading=\"lazy\" height=\"4160\" itemprop=\"image\"  src=\"https:\/\/www.europesays.com\/no\/wp-content\/uploads\/2025\/12\/0df977a5-b3ff-493f-9641-9b0bf5354383\"  style=\"object-position:0% 0%\" width=\"6240\"\/>MENER NORGE ER BLITT FOR RIKT: Forfatter og \u00f8konom Martin Bech Holte.   Foto: Ole Berg-Rusten \/ NTB<\/p>\n<p class=\"_paragraph_o9xde_4 _paragraph_xtcu6_10 layout-component text-serif-m layout-normal text-serif-m layout-padded\">P\u00e5 TikTok er niv\u00e5et et annet. Der finnes et hylekor som lever av sinne, algoritmer og skr\u00e5sikkerhet. <\/p>\n<p class=\"_paragraph_o9xde_4 _paragraph_xtcu6_10 layout-component text-serif-m layout-normal text-serif-m layout-padded\">Her om dagen <a href=\"https:\/\/www.tiktok.com\/@barisbrevik3\/video\/7584107716692643094?_r=1&amp;_t=ZN-92R67pwarQM\" class=\"_link_o9xde_39\" rel=\"nofollow noopener\" target=\"_blank\">refset<\/a> \u00abBaris-Breivik\u00bb regjeringen uten at han skj\u00f8nte hva han pratet om. <\/p>\n<p class=\"_paragraph_o9xde_4 _paragraph_xtcu6_10 layout-component text-serif-m layout-normal text-serif-m layout-padded\">Litt i samme gate finner vi den nevnte Toje, som har mange f\u00f8lelser, men f\u00e5 konkrete eksempler det er lett \u00e5 diskutere. Teksten er ullen, noe som gj\u00f8r det vanskelig \u00e5 vite om han skriver om Espen Barth Eide eller Sigurd Jorsalfare. <\/p>\n<p class=\"_paragraph_o9xde_4 _paragraph_xtcu6_10 layout-component text-serif-m layout-normal text-serif-m layout-padded\">Men la oss se litt p\u00e5 hvordan det st\u00e5r til, og begynne med \u00f8konomien.<\/p>\n<p class=\"_paragraph_o9xde_4 _paragraph_xtcu6_10 layout-component text-serif-m layout-normal text-serif-m layout-padded\">Europa er fortsatt den regionen i verden som har hatt h\u00f8yest levestandard i moderne tid. S\u00e6rlig \u00d8st-Europa har hatt sterk \u00f8konomisk vekst de siste \u00e5rene. Det er flere problemer, men ikke et kontinent i fritt fall.<\/p>\n<p><img alt=\"LAGET SL\u00d8SERIDOKUMENTAR: \u00abHvor blir det av pengene?\u00bb het filmen av samfunnsdebattant Sindre Wiig Nordby.  Foto: YouTube \/ YouTube\" class=\"_image_qp4xg_65 layout-component layout-normal\" data-fullscreen- data-track-element-type=\"Article image fullscreen\" data-track-name=\"ImageFullscreen\" decoding=\"async\" loading=\"lazy\" height=\"2160\" itemprop=\"image\"  src=\"https:\/\/www.europesays.com\/no\/wp-content\/uploads\/2025\/12\/a5575e0c-ae75-49b4-b19d-352ea7284076\"  style=\"object-position:0% 0%\" width=\"3456\"\/>LAGET SL\u00d8SERIDOKUMENTAR: \u00abHvor blir det av pengene?\u00bb het filmen av samfunnsdebattant Sindre Wiig Nordby.  Foto: YouTube \/ YouTube<\/p>\n<p class=\"_paragraph_o9xde_4 _paragraph_xtcu6_10 layout-component text-serif-m layout-normal text-serif-m layout-padded\">I Norge har en gjennomsnittlig innbygger f\u00e5tt n\u00e6r 50 prosent mer \u00e5 rutte med per m\u00e5ned siden \u00e5r 2000. Ja, snittet skjuler forskjeller. Ja, boligpriser og renter har truffet ulikt. Og ja, det er blitt vanskeligere \u00e5 etablere seg p\u00e5 enkelte steder, s\u00e6rlig i pressomr\u00e5der.<\/p>\n<p class=\"_paragraph_o9xde_4 _paragraph_xtcu6_10 layout-component text-serif-m layout-normal text-serif-m layout-padded\">Likevel er husholdningenes sparing tilbake p\u00e5 mer normale niv\u00e5er. Mange har igjen \u00f8konomisk handlingsrom.<\/p>\n<p class=\"_paragraph_o9xde_4 _paragraph_xtcu6_10 layout-component text-serif-m layout-normal text-serif-m layout-padded\">Det store flertallet har f\u00e5tt det bedre over tid. Det synes ogs\u00e5. Vi spiser mer og bedre mat enn f\u00f8r. Det var ikke japansk luksusbiff i frysedisken p\u00e5 min Rema for 20 \u00e5r siden. <\/p>\n<p><img alt=\"FORUM NORVEGUM? Nei da, dette er Forum Romanum i Roma.   Foto: Egil Svendsby \/ VG\" class=\"_image_qp4xg_65 layout-component layout-normal\" data-fullscreen- data-track-element-type=\"Article image fullscreen\" data-track-name=\"ImageFullscreen\" decoding=\"async\" loading=\"lazy\" height=\"2048\" itemprop=\"image\"  src=\"https:\/\/www.europesays.com\/no\/wp-content\/uploads\/2025\/12\/9afb1f3d-078a-44d3-8cc3-f5a3fa9923a9\"  style=\"object-position:0% 0%\" width=\"3072\"\/>FORUM NORVEGUM? Nei da, dette er Forum Romanum i Roma.   Foto: Egil Svendsby \/ VG<\/p>\n<p class=\"_paragraph_o9xde_4 _paragraph_xtcu6_10 layout-component text-serif-m layout-normal text-serif-m layout-padded\">Ogs\u00e5 helsen er bedre, sykdommer kureres, tennene er friskere, levealderen \u00f8ker. <\/p>\n<p class=\"_paragraph_o9xde_4 _paragraph_xtcu6_10 layout-component text-serif-m layout-normal text-serif-m layout-padded\">Den \u00f8konomien i \u00abdyp ubalanse\u00bb som Toje beskriver, er ikke lett \u00e5 f\u00e5 \u00f8ye p\u00e5. SpareBank 1 peker p\u00e5 at Norge g\u00e5r i betydelig handelsoverskudd med utlandet, rundt 1,3 milliarder kroner i netto overskudd per dag.<\/p>\n<p><img alt=\"\u00abDET ST\u00d8RSTE PISSET EVER:\u00bb Baris-Breivik raste mot Jens Stoltenberg p\u00e5 TikTok.   Foto: Even N\u00e6vdal \/ VG\" class=\"_image_qp4xg_65 layout-component layout-normal\" data-fullscreen- data-track-element-type=\"Article image fullscreen\" data-track-name=\"ImageFullscreen\" decoding=\"async\" loading=\"lazy\" height=\"4000\" itemprop=\"image\"  src=\"https:\/\/www.europesays.com\/no\/wp-content\/uploads\/2025\/12\/5b2a00cc-ae84-48c9-8660-e88bdccd0346\"  style=\"object-position:0% 0%\" width=\"6000\"\/>\u00abDET ST\u00d8RSTE PISSET EVER:\u00bb Baris-Breivik raste mot Jens Stoltenberg p\u00e5 TikTok.   Foto: Even N\u00e6vdal \/ VG<\/p>\n<p class=\"_paragraph_o9xde_4 _paragraph_xtcu6_10 layout-component text-serif-m layout-normal text-serif-m layout-padded\">Ja, veksten er lavere enn f\u00f8r. Men det betyr ikke at det g\u00e5r nedover. Det betyr at det ikke g\u00e5r like mye opp som tidligere. N\u00e5r andre land vokser raskere enn oss, er det ofte fordi de starter fra et lavere niv\u00e5.<\/p>\n<p class=\"_paragraph_o9xde_4 _paragraph_xtcu6_10 layout-component text-serif-m layout-normal text-serif-m layout-padded\">S\u00e5 var det kulturen. Toje mener den forvitrer, ogs\u00e5 her uten \u00e5 v\u00e6re s\u00e6rlig konkret. Hva betyr det? <\/p>\n<p class=\"_paragraph_o9xde_4 _paragraph_xtcu6_10 layout-component text-serif-m layout-normal text-serif-m layout-padded\">Han nevner kort to eksempler: spr\u00e5ket og f\u00f8dselstallene.<\/p>\n<p><img alt=\"BEDRE TENNER: Norske barn har f\u00e6rre hull.\" class=\"_image_qp4xg_65 layout-component layout-normal\" data-fullscreen- data-track-element-type=\"Article image fullscreen\" data-track-name=\"ImageFullscreen\" decoding=\"async\" loading=\"lazy\" height=\"1080\" itemprop=\"image\"  src=\"https:\/\/www.europesays.com\/no\/wp-content\/uploads\/2025\/12\/1f715729-ca79-4b9d-884f-3437d6bce7c0\"  style=\"object-position:0% 0%\" width=\"1920\"\/>BEDRE TENNER: Norske barn har f\u00e6rre hull.<\/p>\n<p class=\"_paragraph_o9xde_4 _paragraph_xtcu6_10 layout-component text-serif-m layout-normal text-serif-m layout-padded\">Og de lave f\u00f8dselstallene er et problem. I fjor gikk faktisk fruktbarheten litt <a href=\"https:\/\/www.ssb.no\/befolkning\/fodte-og-dode\/statistikk\/fodte\/artikler\/fruktbarheten-gar-opp\" class=\"_link_o9xde_39\" rel=\"nofollow noopener\" target=\"_blank\">opp <\/a>i Norge, men er likevel alt for lav. <\/p>\n<p class=\"_paragraph_o9xde_4 _paragraph_xtcu6_10 layout-component text-serif-m layout-normal text-serif-m layout-padded\">Hva gj\u00f8r vi? Det er ikke noe enkelt svar p\u00e5 det. Det er ikke noe spesielt med norsk kultur. Det er slik over store deler av verden, ogs\u00e5 i USA, som har kompensert med mer innvandring. <\/p>\n<p class=\"_paragraph_o9xde_4 _paragraph_xtcu6_10 layout-component text-serif-m layout-normal text-serif-m layout-padded\">Det har ikke v\u00e6rt like lett i Europa. Men f\u00e5r vi integreringen av ukrainerne n\u00e5, blir flere en del av fellesskapet. <\/p>\n<p class=\"_paragraph_o9xde_4 _paragraph_xtcu6_10 layout-component text-serif-m layout-normal text-serif-m layout-padded\">Spr\u00e5ket ser i alle fall ikke ut til \u00e5 forsvinne. Norsk brukes av nesten hele befolkningen hver dag.<\/p>\n<p><img alt=\"VI SPISER MER KJ\u00d8TT: Forbruket har g\u00e5tt opp de siste ti\u00e5rene.   Foto: Paul S. Amundsen \/ VG\" class=\"_image_qp4xg_65 layout-component layout-normal\" data-fullscreen- data-track-element-type=\"Article image fullscreen\" data-track-name=\"ImageFullscreen\" decoding=\"async\" loading=\"lazy\" height=\"3311\" itemprop=\"image\"  src=\"https:\/\/www.europesays.com\/no\/wp-content\/uploads\/2025\/12\/da824090-06da-44f2-8723-caed3e278249\"  style=\"object-position:0% 0%\" width=\"4966\"\/>VI SPISER MER KJ\u00d8TT: Forbruket har g\u00e5tt opp de siste ti\u00e5rene.   Foto: Paul S. Amundsen \/ VG<\/p>\n<p class=\"_paragraph_o9xde_4 _paragraph_xtcu6_10 layout-component text-serif-m layout-normal text-serif-m layout-padded\">Og nettopp fellesskapet, det fungerer ganske godt. Norge har sterke, ukorrupte institusjoner, en velfungerende rettsstat, h\u00f8y tillit og politisk stabilitet. Dette er ikke kjennetegn p\u00e5 et samfunn i kulturell oppl\u00f8sning.<\/p>\n<p class=\"_paragraph_o9xde_4 _paragraph_xtcu6_10 layout-component text-serif-m layout-normal text-serif-m layout-padded\">Samfunnsrefserne har likevel rett i at mye kan bli bedre. Vi kunne ha fordelt rikdommen jevnere, bygget f\u00e6rre dyre signalbygg, f\u00e5tt mer igjen for skattepengene og gjort eldreomsorgen bedre. \u00d8konomisk kriminalitet og gjengkriminalitet er en bekymring. <\/p>\n<p class=\"_paragraph_o9xde_4 _paragraph_xtcu6_10 layout-component text-serif-m layout-normal text-serif-m layout-padded\">Innvandringen b\u00f8r ned, fordi integrering tar tid. Dette er ingen liten utfordring. <\/p>\n<p><img alt=\"JULEPYNTET: Fra Spikersuppa i Oslo hvor det har v\u00e6rt julemarked den siste m\u00e5neden.   Foto: Fredrik Varfjell \/ NTB\" class=\"_image_qp4xg_65 layout-component layout-normal\" data-fullscreen- data-track-element-type=\"Article image fullscreen\" data-track-name=\"ImageFullscreen\" decoding=\"async\" loading=\"lazy\" height=\"4578\" itemprop=\"image\"  src=\"https:\/\/www.europesays.com\/no\/wp-content\/uploads\/2025\/12\/7e16703a-a130-4e02-8cd3-880b883a6061\"  style=\"object-position:0% 0%\" width=\"6867\"\/>JULEPYNTET: Fra Spikersuppa i Oslo hvor det har v\u00e6rt julemarked den siste m\u00e5neden.   Foto: Fredrik Varfjell \/ NTB<\/p>\n<p class=\"_paragraph_o9xde_4 _paragraph_xtcu6_10 layout-component text-serif-m layout-normal text-serif-m layout-padded\">Men Toje henter i denne teksten hjem MAGAs fortelling om et Europa i forfall. <\/p>\n<p class=\"_paragraph_o9xde_4 _paragraph_xtcu6_10 layout-component text-serif-m layout-normal text-serif-m layout-padded\">Det minner om visepresident JD Vance som talte om Europas indre fiende. Heller ikke i Norge er det Putin og Trump som er problemet, if\u00f8lge Toje. Det er norske eliter. <\/p>\n<p class=\"_paragraph_o9xde_4 _paragraph_xtcu6_10 layout-component text-serif-m layout-normal text-serif-m layout-padded\">Han skriver at han vil \u00abbel\u00f8nne patriotisme\u00bb, samtidig som han rakker ned p\u00e5 norsk kultur. <\/p>\n<p class=\"_paragraph_o9xde_4 _paragraph_xtcu6_10 layout-component text-serif-m layout-normal text-serif-m layout-padded\">Det i et land med sv\u00e6rt patriotisk tradisjoner, som v\u00e5r inkluderende nasjonaldag. Hvert \u00e5r g\u00e5r 17. mai-togene fulle av barn i bunad og flagg, ogs\u00e5 barn med foreldre som ikke er f\u00f8dt her.<\/p>\n<p class=\"_paragraph_o9xde_4 _paragraph_xtcu6_10 layout-component text-serif-m layout-normal text-serif-m layout-padded\">Det er vanskelig \u00e5 se dette som et tegn p\u00e5 kulturelt forfall.<\/p>\n<p class=\"_paragraph_o9xde_4 _paragraph_xtcu6_10 layout-component text-serif-m layout-normal text-serif-m layout-padded\">Paradokset er dette: De som advarer sterkest mot tap av tillit, bidrar selv til \u00e5 svekke tilliten ved \u00e5 spre mistillit og dommedagsfortellinger. <\/p>\n<p class=\"_paragraph_o9xde_4 _paragraph_xtcu6_10 layout-component text-serif-m layout-normal text-serif-m layout-padded\">Sannheten er at det humper og g\u00e5r i Norge. Fra h\u00f8yre til venstre har Norge politikere som fors\u00f8ker \u00e5 styre landet s\u00e5 godt de kan. <\/p>\n<p class=\"_paragraph_o9xde_4 _paragraph_xtcu6_10 layout-component text-serif-m layout-normal text-serif-m layout-padded\">Ja, det er av og til to skritt frem og et tilbake. <\/p>\n<p class=\"_paragraph_o9xde_4 _paragraph_xtcu6_10 layout-component text-serif-m layout-normal text-serif-m layout-padded\">Likevel, vi er for tiden p\u00e5 et bedre sted \u00f8konomisk. Og historien slutter ikke i 2025. P\u00e5 riktig lang sikt skal alt d\u00f8. <\/p>\n<p class=\"_paragraph_o9xde_4 _paragraph_xtcu6_10 layout-component text-serif-m layout-normal text-serif-m layout-padded\">Men Norge er ikke Romerriket. Vi er et ganske vanlig, rikt og rimelig velfungerende land p\u00e5 vei inn i 2026. <\/p>\n<p class=\"_paragraph_o9xde_4 _paragraph_xtcu6_10 layout-component text-serif-m layout-normal layout-padded\"><strong class=\"_strong_o9xde_25\">Les ogs\u00e5:<\/strong> <a href=\"https:\/\/www.vg.no\/i\/Avj1Jr\" data-track-element-type=\"Link\" data-track-id=\"link:Avj1Jr\" class=\"_link_o9xde_39\" rel=\"nofollow noopener\" target=\"_blank\">Putin elsker dette<\/a><\/p>\n<p>   Dette er en kommentar. Kommentaren gir uttrykk for skribentens holdning. <script async src=\"\/\/www.tiktok.com\/embed.js\"><\/script><\/p>\n","protected":false},"excerpt":{"rendered":"Norge har hatt \u00f8konomisk vekst, og husholdningenes \u00f8konomiske situasjon er positiv if\u00f8lge SpareBank 1. Det er en tendens&hellip;\n","protected":false},"author":2,"featured_media":121162,"comment_status":"","ping_status":"","sticky":false,"template":"","format":"standard","meta":{"footnotes":""},"categories":[10],"tags":[14407,20,21,24,25,15,22,23,13,30,28,281,29,14,16,572,9809,26,27,103],"class_list":{"0":"post-121161","1":"post","2":"type-post","3":"status-publish","4":"format-standard","5":"has-post-thumbnail","7":"category-norge","8":"tag-asle-toje","9":"tag-breaking-news","10":"tag-breakingnews","11":"tag-featured-news","12":"tag-featurednews","13":"tag-headlines","14":"tag-latest-news","15":"tag-latestnews","16":"tag-news","17":"tag-no","18":"tag-norge","19":"tag-norsk-politikk","20":"tag-norway","21":"tag-nyheter","22":"tag-overskrifter","23":"tag-okonomi","24":"tag-tillit","25":"tag-top-stories","26":"tag-topstories","27":"tag-vgmeninger"},"share_on_mastodon":{"url":"https:\/\/pubeurope.com\/@no\/115775527114290403","error":""},"_links":{"self":[{"href":"https:\/\/www.europesays.com\/no\/wp-json\/wp\/v2\/posts\/121161","targetHints":{"allow":["GET"]}}],"collection":[{"href":"https:\/\/www.europesays.com\/no\/wp-json\/wp\/v2\/posts"}],"about":[{"href":"https:\/\/www.europesays.com\/no\/wp-json\/wp\/v2\/types\/post"}],"author":[{"embeddable":true,"href":"https:\/\/www.europesays.com\/no\/wp-json\/wp\/v2\/users\/2"}],"replies":[{"embeddable":true,"href":"https:\/\/www.europesays.com\/no\/wp-json\/wp\/v2\/comments?post=121161"}],"version-history":[{"count":0,"href":"https:\/\/www.europesays.com\/no\/wp-json\/wp\/v2\/posts\/121161\/revisions"}],"wp:featuredmedia":[{"embeddable":true,"href":"https:\/\/www.europesays.com\/no\/wp-json\/wp\/v2\/media\/121162"}],"wp:attachment":[{"href":"https:\/\/www.europesays.com\/no\/wp-json\/wp\/v2\/media?parent=121161"}],"wp:term":[{"taxonomy":"category","embeddable":true,"href":"https:\/\/www.europesays.com\/no\/wp-json\/wp\/v2\/categories?post=121161"},{"taxonomy":"post_tag","embeddable":true,"href":"https:\/\/www.europesays.com\/no\/wp-json\/wp\/v2\/tags?post=121161"}],"curies":[{"name":"wp","href":"https:\/\/api.w.org\/{rel}","templated":true}]}}