{"id":121165,"date":"2025-12-24T16:43:15","date_gmt":"2025-12-24T16:43:15","guid":{"rendered":"https:\/\/www.europesays.com\/no\/121165\/"},"modified":"2025-12-24T16:43:15","modified_gmt":"2025-12-24T16:43:15","slug":"river-europa-i-fillebiter","status":"publish","type":"post","link":"https:\/\/www.europesays.com\/no\/121165\/","title":{"rendered":"\u2013 River Europa i fillebiter"},"content":{"rendered":"<p><strong>Ola Svenneby gir USA rett i sin kritikk av Europa \u2013 selv om han mener amerikanerne sier det \u00abp\u00e5 en dels rasistisk m\u00e5te\u00bb<\/strong><\/p>\n<p>I et <a href=\"https:\/\/www.finansavisen.no\/politikk\/2025\/12\/23\/8315674\/svenneby-vil-fjerne-formuesskatt-men-det-gar-ikke-til-helvete-med-norsk-okonomi\" rel=\"nofollow noopener\" target=\"_blank\">intervju <\/a>med Finansavisen sl\u00e5r han fast at Europa mangler kontroll p\u00e5 egne grenser.<\/p>\n<p>Lederen av Unge H\u00f8yre, som er innstilt som nestleder n\u00e5r H\u00f8yre skal velge ny ledelse i februar, mener Trumps endringer treffer Europa hardt.<\/p>\n<p>I starten av desember la <a href=\"https:\/\/inyheter.no\/05\/12\/2025\/dette-sier-trumps-sikkerhetsstrategi-om-europa-alvorlige-utsikter-til-sivilisasjonens-utslettelse\/\" rel=\"nofollow noopener\" target=\"_blank\">USA frem sin nye sikkerhetsstrategi,<\/a> der det het at Europa er i ferd med \u00e5 utslette seg selv, og at kontinentet m\u00e5 klare seg med mindre amerikansk hjelp fremover.<\/p>\n<p>\u2013 Det er fascinerende at man fortsatt blir sjokkert over hva som kommer fra det hvite hus. Det overraskende er at det ikke utl\u00f8ser st\u00f8rre politisk handling i Europa, sier Svenneby til Finansavisen.<\/p>\n<p>Han p\u00e5peker at Europa m\u00e5 innse den nye virkeligheten.<\/p>\n<p>\u2013 Vi vet at amerikanerne kommer til \u00e5 bruke mindre oppmerksomhet her, helt uavhengig av hvem som er president. Vi m\u00e5 oppf\u00f8re oss deretter. Det store bildet i de neste 20-30 \u00e5rene er maktkampen mellom USA og Kina, sier han.<\/p>\n<p>Svenneby mener Europa st\u00e5r svakt i den globale konkurransen.<\/p>\n<p>\u2013 Vi m\u00e5 finne v\u00e5re egne pressmidler. Men vi taper AI-kappl\u00f8pet, vi har i mindre grad ledende universiteter, vi har dyr energi og vitenskapelige gjennombrudd skjer i mindre grad i Europa. Det gj\u00f8r at vi mangler v\u00e5pnene vi kunne brukt for \u00e5 ut\u00f8ve makt mot andre, sier han til avisen.<\/p>\n<p><strong>Gir USA rett om innvandring<\/strong><\/p>\n<p>Den amerikanske sikkerhetsstrategien omtaler ogs\u00e5 massemigrasjon som en trussel mot europeisk sivilisasjon. Her gir Svenneby amerikanerne rett.<\/p>\n<p>\u2013 De sier det p\u00e5 en dels rasistisk m\u00e5te, men vi kan ikke la det avspore diskusjonen. Det er meningsl\u00f8st \u00e5 holde p\u00e5 som vi gj\u00f8r, vi river Europa i fillebiter fra innsiden. Det er helt grunnleggende \u00e5 ha kontroll p\u00e5 grensene, og det har ikke vi, sier Svenneby.<\/p>\n<p>Han mener kombinasjonen av gener\u00f8s velferd og svak integrering har v\u00e6rt katastrofal.<\/p>\n<p>\u2013 Det b\u00f8r ikke v\u00e6re veldig kontroversielt \u00e5 si at europeiske samfunnsmodeller ikke t\u00e5ler den innvandring vi har utsatt oss selv for de siste 30 \u00e5rene. Bare se p\u00e5 velferds- og sosialkostnadene. Samtidig som man p\u00e5 den ene siden har veldig gener\u00f8se velferdsordninger, har man p\u00e5 den andre siden v\u00e6rt for slapp p\u00e5 integrering. Det er en veldig d\u00e5rlig kombinasjon, sier han til Finansavisen.<\/p>\n<p><img loading=\"lazy\" decoding=\"async\" src=\"data:image\/svg+xml,%3Csvg%20xmlns=\" http:=\"\" width=\"16\" height=\"16\" alt=\"Loading ...\" title=\"Loading ...\" class=\"wp-polls-image\" data-lazy-src=\"https:\/\/www.europesays.com\/no\/wp-content\/uploads\/2025\/08\/loading.gif\"\/>\u00a0Loading &#8230;<\/p>\n","protected":false},"excerpt":{"rendered":"Ola Svenneby gir USA rett i sin kritikk av Europa \u2013 selv om han mener amerikanerne sier det&hellip;\n","protected":false},"author":2,"featured_media":121166,"comment_status":"","ping_status":"","sticky":false,"template":"","format":"standard","meta":{"footnotes":""},"categories":[12],"tags":[20,21,274,24,25,15,14408,22,23,98,13,30,28,29,14,1654,16,26,27,766,50,42,43,44,45],"class_list":{"0":"post-121165","1":"post","2":"type-post","3":"status-publish","4":"format-standard","5":"has-post-thumbnail","7":"category-verden","8":"tag-breaking-news","9":"tag-breakingnews","10":"tag-europa","11":"tag-featured-news","12":"tag-featurednews","13":"tag-headlines","14":"tag-innvadring","15":"tag-latest-news","16":"tag-latestnews","17":"tag-migranter","18":"tag-news","19":"tag-no","20":"tag-norge","21":"tag-norway","22":"tag-nyheter","23":"tag-ola-svenneby","24":"tag-overskrifter","25":"tag-top-stories","26":"tag-topstories","27":"tag-trump","28":"tag-usa","29":"tag-verden","30":"tag-world","31":"tag-world-news","32":"tag-worldnews"},"share_on_mastodon":{"url":"https:\/\/pubeurope.com\/@no\/115775550527348116","error":""},"_links":{"self":[{"href":"https:\/\/www.europesays.com\/no\/wp-json\/wp\/v2\/posts\/121165","targetHints":{"allow":["GET"]}}],"collection":[{"href":"https:\/\/www.europesays.com\/no\/wp-json\/wp\/v2\/posts"}],"about":[{"href":"https:\/\/www.europesays.com\/no\/wp-json\/wp\/v2\/types\/post"}],"author":[{"embeddable":true,"href":"https:\/\/www.europesays.com\/no\/wp-json\/wp\/v2\/users\/2"}],"replies":[{"embeddable":true,"href":"https:\/\/www.europesays.com\/no\/wp-json\/wp\/v2\/comments?post=121165"}],"version-history":[{"count":0,"href":"https:\/\/www.europesays.com\/no\/wp-json\/wp\/v2\/posts\/121165\/revisions"}],"wp:featuredmedia":[{"embeddable":true,"href":"https:\/\/www.europesays.com\/no\/wp-json\/wp\/v2\/media\/121166"}],"wp:attachment":[{"href":"https:\/\/www.europesays.com\/no\/wp-json\/wp\/v2\/media?parent=121165"}],"wp:term":[{"taxonomy":"category","embeddable":true,"href":"https:\/\/www.europesays.com\/no\/wp-json\/wp\/v2\/categories?post=121165"},{"taxonomy":"post_tag","embeddable":true,"href":"https:\/\/www.europesays.com\/no\/wp-json\/wp\/v2\/tags?post=121165"}],"curies":[{"name":"wp","href":"https:\/\/api.w.org\/{rel}","templated":true}]}}