{"id":121168,"date":"2025-12-24T16:53:17","date_gmt":"2025-12-24T16:53:17","guid":{"rendered":"https:\/\/www.europesays.com\/no\/121168\/"},"modified":"2025-12-24T16:53:17","modified_gmt":"2025-12-24T16:53:17","slug":"to-menn-domt-for-a-ha-planlagt-massedrap-pa-britiske-joder","status":"publish","type":"post","link":"https:\/\/www.europesays.com\/no\/121168\/","title":{"rendered":"To menn d\u00f8mt for \u00e5 ha planlagt massedrap p\u00e5 britiske j\u00f8der"},"content":{"rendered":"<p>To menn er funnet skyldig i \u00e5 ha planlagt \u00e5 drepe flere hundre mennesker i et IS-inspirert skyteangrep mot det j\u00f8diske samfunnet i England. Etterforskerne sier planene viser at terrorgruppen fortsatt utgj\u00f8r en stor trussel i Europa.<\/p>\n<p>P\u00e5talemyndighetene sier Walid Saadaoui (38) og Amar Hussein (52) var islamistiske ekstremister som \u00f8nsket \u00e5 bruke automatv\u00e5pen til \u00e5 drepe s\u00e5 mange j\u00f8der som mulig. Planen deres var \u00e5 angripe j\u00f8der i Manchester.<\/p>\n<p>Saadaoui skal ha uttrykt at han ikke \u00f8nsket \u00e5 bruke kniv eller bil i angrepet, fordi det ikke ville drepe nok. Han \u00f8nsket derfor \u00e5 skaffe flere automatv\u00e5pen.<\/p>\n<p>Rettssaken mot dem startet en uke etter <a href=\"https:\/\/miff.no\/europa\/2025\/10\/03adrian-53-og-melvin-66-ble-drept-i-synagogeangrepet.htm\" rel=\"nofollow noopener\" target=\"_blank\">terrorangrepet mot en synagoge<\/a> i Manchester, et angrep som de for \u00f8vrig ikke var innblandet i.<\/p>\n<p>Hadde ikke planene deres blitt stanset kunne det resultert i et av de d\u00f8deligste, \u00abom ikke det d\u00f8deligste\u00bb, terrorangrepet i Storbritannias historie, sier politisjef Robert Potts, leder av antiterrorpolitiet i Nordvest-England, <a href=\"https:\/\/www.bbc.com\/news\/articles\/c7vmyv5vmm2o\" rel=\"nofollow noopener\" target=\"_blank\">if\u00f8lge BBC<\/a>.<\/p>\n<p>De skal blant annet ha sett p\u00e5 en markering mot antisemittisme, hvor tusenvis av mennesker etter planen skulle delta.<\/p>\n<p><img fetchpriority=\"high\" decoding=\"async\" width=\"1024\" height=\"576\" src=\"https:\/\/www.europesays.com\/no\/wp-content\/uploads\/2025\/12\/Vapen-til-terrorangrep-i-Storbritannia-1024x576.webp.webp\" alt=\"\" class=\"wp-image-231920\"  \/>To av v\u00e5pnene som var planlagt \u00e5 brukes i terrorangrepet. (Foto: Greater Manchester Police)<\/p>\n<p>P\u00e5talemyndighetene fortalte juryen at Saadaoui og Hussein hadde \u00abomfavnet synspunktene\u00bb til IS og at de var villige til \u00e5 ofre livet sitt for \u00e5 bli \u00abmartyrer\u00bb. Saadaoui hadde utarbeidet et testamente og gjort klart penger til familien sin.<\/p>\n<p>I forberedelsene til angrepet hadde Saadaoui f\u00e5tt smuglet to helautomatiske rifler, en pistol og 200 runder med ammunisjon inn i landet. Men da han plukket opp v\u00e5pnene ble han p\u00e5grepet. Hussein ble p\u00e5grepet et annet sted kort tid senere.<\/p>\n<p>Politiet visste nemlig om v\u00e5pensmuglingen og hadde uskadeliggjort v\u00e5pnene f\u00f8r de skulle plukkes opp. Det var fordi Saadaoui hadde avsl\u00f8rt planene til \u00abFarouk\u00bb, som han trodde var en islamistisk ekstremist som delte hans verdenssyn, men som i realiteten var en undercover-agent.<\/p>\n<p>Saadaoui hadde ogs\u00e5 fors\u00f8kt \u00e5 f\u00e5 \u00abFarouk\u00bb til \u00e5 hjelpe han med \u00e5 skaffe flere helautomatiske rifler, pistoler og 900 runder med ammunisjon.<\/p>\n<p>Politiet sier at siden de kjente til planene, var det ingen umiddelbar fare. De sier videre at \u00abFarouk\u00bb uten tvil bidro til \u00e5 redde mange liv.<\/p>\n<p>Ogs\u00e5 en tredje person ble d\u00f8mt i saken for \u00e5 ha visst om terrorplanene uten \u00e5 gj\u00f8re noe for \u00e5 stanse dem. De tre d\u00f8mte vil f\u00e5 sin straffeutm\u00e5ling 17. februar.<\/p>\n","protected":false},"excerpt":{"rendered":"To menn er funnet skyldig i \u00e5 ha planlagt \u00e5 drepe flere hundre mennesker i et IS-inspirert skyteangrep&hellip;\n","protected":false},"author":2,"featured_media":121169,"comment_status":"","ping_status":"","sticky":false,"template":"","format":"standard","meta":{"footnotes":""},"categories":[12],"tags":[20,21,14409,14410,24,25,15,22,23,13,30,28,29,14,16,865,26,27,42,43,44,45],"class_list":{"0":"post-121168","1":"post","2":"type-post","3":"status-publish","4":"format-standard","5":"has-post-thumbnail","7":"category-verden","8":"tag-breaking-news","9":"tag-breakingnews","10":"tag-britiske-joder","11":"tag-den-islamske-staten-is","12":"tag-featured-news","13":"tag-featurednews","14":"tag-headlines","15":"tag-latest-news","16":"tag-latestnews","17":"tag-news","18":"tag-no","19":"tag-norge","20":"tag-norway","21":"tag-nyheter","22":"tag-overskrifter","23":"tag-storbritannia","24":"tag-top-stories","25":"tag-topstories","26":"tag-verden","27":"tag-world","28":"tag-world-news","29":"tag-worldnews"},"share_on_mastodon":{"url":"https:\/\/pubeurope.com\/@no\/115775590171322666","error":""},"_links":{"self":[{"href":"https:\/\/www.europesays.com\/no\/wp-json\/wp\/v2\/posts\/121168","targetHints":{"allow":["GET"]}}],"collection":[{"href":"https:\/\/www.europesays.com\/no\/wp-json\/wp\/v2\/posts"}],"about":[{"href":"https:\/\/www.europesays.com\/no\/wp-json\/wp\/v2\/types\/post"}],"author":[{"embeddable":true,"href":"https:\/\/www.europesays.com\/no\/wp-json\/wp\/v2\/users\/2"}],"replies":[{"embeddable":true,"href":"https:\/\/www.europesays.com\/no\/wp-json\/wp\/v2\/comments?post=121168"}],"version-history":[{"count":0,"href":"https:\/\/www.europesays.com\/no\/wp-json\/wp\/v2\/posts\/121168\/revisions"}],"wp:featuredmedia":[{"embeddable":true,"href":"https:\/\/www.europesays.com\/no\/wp-json\/wp\/v2\/media\/121169"}],"wp:attachment":[{"href":"https:\/\/www.europesays.com\/no\/wp-json\/wp\/v2\/media?parent=121168"}],"wp:term":[{"taxonomy":"category","embeddable":true,"href":"https:\/\/www.europesays.com\/no\/wp-json\/wp\/v2\/categories?post=121168"},{"taxonomy":"post_tag","embeddable":true,"href":"https:\/\/www.europesays.com\/no\/wp-json\/wp\/v2\/tags?post=121168"}],"curies":[{"name":"wp","href":"https:\/\/api.w.org\/{rel}","templated":true}]}}