{"id":121183,"date":"2025-12-24T17:24:22","date_gmt":"2025-12-24T17:24:22","guid":{"rendered":"https:\/\/www.europesays.com\/no\/121183\/"},"modified":"2025-12-24T17:24:22","modified_gmt":"2025-12-24T17:24:22","slug":"sandnessjoen-arbeidsliv-slo-alle-salgsrekordene-det-er-artig-a-fa-en-slik-avslutning-pa-julestria","status":"publish","type":"post","link":"https:\/\/www.europesays.com\/no\/121183\/","title":{"rendered":"Sandnessj\u00f8en, Arbeidsliv | Slo alle salgsrekordene: \u2013 Det er artig \u00e5 f\u00e5 en slik avslutning p\u00e5 julestria"},"content":{"rendered":"\n<p>718.565 kroner. Det er det nye omsetningsrekorden for butikken, og den kom p\u00e5 mandag. Da var mange sandnessj\u00f8v\u00e6ringer p\u00e5 plass for \u00e5 sikre seg alt av matvarer til jul.<\/p>\n<p>\u2013 Det blir mange velfylte handlevogner n\u00e5r folk gj\u00f8r storhandelen til jul, og ingenting er morsommere enn \u00e5 ha butikken full av trivelige kunder, sier Ronny Knutsen.<\/p>\n<p>Rekord ogs\u00e5 ved Lyng\u00e5sen<\/p>\n<p>Mandag var det skikkelig hektisk p\u00e5 jobb.<\/p>\n<p>\u2013 Da st\u00e5r vi p\u00e5 litt ekstra, og det har de ansatte virkelig gjort, sier Knutsen.<\/p>\n<p>Han sier at den gamle rekorden var p\u00e5 655.485 kroner fra 16. mai tidligere i \u00e5r.<\/p>\n<p>Mange steder ligger det an til at julehandelen n\u00e5r rekordniv\u00e5er. Det ble ogs\u00e5 satt ny omsetningsrekord mandag ved Extra Lyng\u00e5sen. Her lyder den nye toppnoteringen p\u00e5 605.400 kr.<\/p>\n<p>Feirer med kake<\/p>\n<p>\u2013 Innenfor dagligvare ser det ut til \u00e5 bli en sterk omsetningsvekst sett opp mot fjor\u00e5ret. Folk skal stort sett ha det samme, for jula handler jo om tradisjoner der mat og drikke spiller en sentral rolle, sier Bj\u00f8rn Vik-Mo, som er viseadministrerende direkt\u00f8r i Coop Midt-Norge.<\/p>\n<p>Samtidig viser tallene at kundene kj\u00f8per mer lokalmat, og legger mer penger i kvalitet.<\/p>\n<p>\u2013 Det stemmer godt med sp\u00e5dommene, og at mange har f\u00e5tt litt bedre r\u00e5d, sier Bj\u00f8rn Vik-Mo, <\/p>\n<p>De ansatte ved Extra Sandnessj\u00f8en og Lyng\u00e5sen kan vente seg en bel\u00f8nning etter de gode resultatene. <\/p>\n<p>\u2013 Det er artig \u00e5 f\u00e5 en slik avslutning p\u00e5 julestria. Vi skal feire rekorden med gratulasjonskake fra Coop Midt-Norge rett over nytt\u00e5r, sier butikksjef Knutsen.<\/p>\n","protected":false},"excerpt":{"rendered":"718.565 kroner. Det er det nye omsetningsrekorden for butikken, og den kom p\u00e5 mandag. Da var mange sandnessj\u00f8v\u00e6ringer&hellip;\n","protected":false},"author":2,"featured_media":121184,"comment_status":"","ping_status":"","sticky":false,"template":"","format":"standard","meta":{"footnotes":""},"categories":[10],"tags":[465,36,20,21,24,25,15,22,23,62,13,30,28,29,14,16,1953,1510,26,27],"class_list":{"0":"post-121183","1":"post","2":"type-post","3":"status-publish","4":"format-standard","5":"has-post-thumbnail","7":"category-norge","8":"tag-arbeidsliv","9":"tag-art","10":"tag-breaking-news","11":"tag-breakingnews","12":"tag-featured-news","13":"tag-featurednews","14":"tag-headlines","15":"tag-latest-news","16":"tag-latestnews","17":"tag-naeringsliv","18":"tag-news","19":"tag-no","20":"tag-norge","21":"tag-norway","22":"tag-nyheter","23":"tag-overskrifter","24":"tag-sandnessjoen","25":"tag-story","26":"tag-top-stories","27":"tag-topstories"},"share_on_mastodon":{"url":"https:\/\/pubeurope.com\/@no\/115775711646006687","error":""},"_links":{"self":[{"href":"https:\/\/www.europesays.com\/no\/wp-json\/wp\/v2\/posts\/121183","targetHints":{"allow":["GET"]}}],"collection":[{"href":"https:\/\/www.europesays.com\/no\/wp-json\/wp\/v2\/posts"}],"about":[{"href":"https:\/\/www.europesays.com\/no\/wp-json\/wp\/v2\/types\/post"}],"author":[{"embeddable":true,"href":"https:\/\/www.europesays.com\/no\/wp-json\/wp\/v2\/users\/2"}],"replies":[{"embeddable":true,"href":"https:\/\/www.europesays.com\/no\/wp-json\/wp\/v2\/comments?post=121183"}],"version-history":[{"count":0,"href":"https:\/\/www.europesays.com\/no\/wp-json\/wp\/v2\/posts\/121183\/revisions"}],"wp:featuredmedia":[{"embeddable":true,"href":"https:\/\/www.europesays.com\/no\/wp-json\/wp\/v2\/media\/121184"}],"wp:attachment":[{"href":"https:\/\/www.europesays.com\/no\/wp-json\/wp\/v2\/media?parent=121183"}],"wp:term":[{"taxonomy":"category","embeddable":true,"href":"https:\/\/www.europesays.com\/no\/wp-json\/wp\/v2\/categories?post=121183"},{"taxonomy":"post_tag","embeddable":true,"href":"https:\/\/www.europesays.com\/no\/wp-json\/wp\/v2\/tags?post=121183"}],"curies":[{"name":"wp","href":"https:\/\/api.w.org\/{rel}","templated":true}]}}