{"id":121196,"date":"2025-12-24T17:48:38","date_gmt":"2025-12-24T17:48:38","guid":{"rendered":"https:\/\/www.europesays.com\/no\/121196\/"},"modified":"2025-12-24T17:48:38","modified_gmt":"2025-12-24T17:48:38","slug":"skiskyting-dodsfall-skiskytter-sivert-guttorm-bakken-27-er-dod","status":"publish","type":"post","link":"https:\/\/www.europesays.com\/no\/121196\/","title":{"rendered":"Skiskyting, D\u00f8dsfall | Skiskytter Sivert Guttorm Bakken (27) er d\u00f8d"},"content":{"rendered":"\n<p>(Nettavisen): \u00abNorges Skiskytterforbund har i dag f\u00e5tt bekreftet fra italienske myndigheter at Vingrom-skiskytteren Sivert Guttorm Bakken (27) fra Lillehammer er funnet d\u00f8d p\u00e5 sitt hotellrom i Lavaze i Italia. D\u00f8ds\u00e5rsaken er per n\u00e5 ikke kjent.\u00bb, skriver forbundet. <\/p>\n<p>\u2013 V\u00e5re tanker g\u00e5r n\u00e5 f\u00f8rst og fremst til familien til Sivert og til alle som st\u00e5r ham n\u00e6r. Vi samarbeider med italienske myndigheter p\u00e5 stedet, sier Emilie Nordskar, fungerende generalsekret\u00e6r.<\/p>\n<p>Bakken gikk verdenscuprenn senest sist helg i franske Le Grand Bornand. Blant lagkameratene til 27-\u00e5ringen er Blaker-mannen Johannes Dale-Skjevdal.<\/p>\n<p>\u2013 Det er helt naturlig en forferdelig beskjed \u00e5 f\u00e5. Sivert var en fantastisk ut\u00f8ver og en fantastisk person som hele skiskyttermilj\u00f8et var utrolig glad i. Det er tungt for alle i skiskytterfamilien, sier konstituert generalsekret\u00e6r Emilie Nordskar til NTB.<\/p>\n<p>I 2022 sto han \u00f8verst p\u00e5 pallen i Holmenkollen, men s\u00e5 ble karrieren satt p\u00e5 pause etter en betennelse p\u00e5 hjertet.<\/p>\n<p>Det var ikke f\u00f8r de siste ukene at Bakken virkelig fikk vist potensialet sitt etter sykdommen.<\/p>\n<p>\u2013 D\u00f8ds\u00e5rsaken er ikke avklart. Italiensk politi har startet etterforskning og jobber p\u00e5 stedet, sier Nordskar til Nettavisen tirsdag kveld.<\/p>\n<p>\u2013 N\u00e5 er fokuset v\u00e5rt \u00e5 ta godt vare p\u00e5 familien til Sivert, og ut\u00f8verne som har mistet en lagkamerat og venn. Vi samarbeider godt med italiensk politi, sier Nordskar videre.<\/p>\n","protected":false},"excerpt":{"rendered":"(Nettavisen): \u00abNorges Skiskytterforbund har i dag f\u00e5tt bekreftet fra italienske myndigheter at Vingrom-skiskytteren Sivert Guttorm Bakken (27) fra&hellip;\n","protected":false},"author":2,"featured_media":121197,"comment_status":"","ping_status":"","sticky":false,"template":"","format":"standard","meta":{"footnotes":""},"categories":[59],"tags":[36,576,1242,30,28,29,769,83,82,1510],"class_list":{"0":"post-121196","1":"post","2":"type-post","3":"status-publish","4":"format-standard","5":"has-post-thumbnail","7":"category-sport","8":"tag-art","9":"tag-dodsfall","10":"tag-italia","11":"tag-no","12":"tag-norge","13":"tag-norway","14":"tag-skiskyting","15":"tag-sport","16":"tag-sports","17":"tag-story"},"share_on_mastodon":{"url":"https:\/\/pubeurope.com\/@no\/115775806082152538","error":""},"_links":{"self":[{"href":"https:\/\/www.europesays.com\/no\/wp-json\/wp\/v2\/posts\/121196","targetHints":{"allow":["GET"]}}],"collection":[{"href":"https:\/\/www.europesays.com\/no\/wp-json\/wp\/v2\/posts"}],"about":[{"href":"https:\/\/www.europesays.com\/no\/wp-json\/wp\/v2\/types\/post"}],"author":[{"embeddable":true,"href":"https:\/\/www.europesays.com\/no\/wp-json\/wp\/v2\/users\/2"}],"replies":[{"embeddable":true,"href":"https:\/\/www.europesays.com\/no\/wp-json\/wp\/v2\/comments?post=121196"}],"version-history":[{"count":0,"href":"https:\/\/www.europesays.com\/no\/wp-json\/wp\/v2\/posts\/121196\/revisions"}],"wp:featuredmedia":[{"embeddable":true,"href":"https:\/\/www.europesays.com\/no\/wp-json\/wp\/v2\/media\/121197"}],"wp:attachment":[{"href":"https:\/\/www.europesays.com\/no\/wp-json\/wp\/v2\/media?parent=121196"}],"wp:term":[{"taxonomy":"category","embeddable":true,"href":"https:\/\/www.europesays.com\/no\/wp-json\/wp\/v2\/categories?post=121196"},{"taxonomy":"post_tag","embeddable":true,"href":"https:\/\/www.europesays.com\/no\/wp-json\/wp\/v2\/tags?post=121196"}],"curies":[{"name":"wp","href":"https:\/\/api.w.org\/{rel}","templated":true}]}}