{"id":121198,"date":"2025-12-24T17:52:08","date_gmt":"2025-12-24T17:52:08","guid":{"rendered":"https:\/\/www.europesays.com\/no\/121198\/"},"modified":"2025-12-24T17:52:08","modified_gmt":"2025-12-24T17:52:08","slug":"russland-ukraina-maling-mange-russere-tror-krigen-ender-i-2026","status":"publish","type":"post","link":"https:\/\/www.europesays.com\/no\/121198\/","title":{"rendered":"Russland, Ukraina | M\u00e5ling: Mange russere tror krigen ender i 2026"},"content":{"rendered":"\n<p>Nyhetsbyr\u00e5et Reuters skriver at det kan v\u00e6re et tegn p\u00e5 at Kreml fors\u00f8ker \u00e5 teste offentlighetens reaksjon p\u00e5 en mulig fredsavtale.<\/p>\n<p>For 55 prosent av respondentene var h\u00e5pet om et mer suksessfullt 2026 for Russland knyttet til en mulig slutt p\u00e5 det Russland kaller en spesiell milit\u00e6roperasjon i Ukraina, if\u00f8lge instituttets sjef Mikhail Mamonov.<\/p>\n<p>\u2013 Hoved\u00e5rsaken til optimismen er den mulige fullf\u00f8ringen av den spesielle milit\u00e6roperasjonen og oppn\u00e5elsen av de uttalte m\u00e5lene, i tr\u00e5d med de nasjonale interessene som er skissert av presidenten, sa Mamonov onsdag.<\/p>\n<p><b>Les ogs\u00e5:\u00a0<a class=\"simple-relation related-teaser article--c-eRUmMG article--c-eRUmMG-fZoQSp-design-nettavisen article--c-eRUmMG-gwthdJ-cv\" href=\"https:\/\/www.nettavisen.no\/zelenskyj-i-nytt-fredsutkast-en-demilitarisert-sone\/s\/5-95-2796117\" rel=\"nofollow noopener\" target=\"_blank\">Zelenskyj i nytt fredsutkast: \u2013 En demilitarisert sone<\/a><\/b><\/p>\n<p>Tidligere har det ikke v\u00e6rt oppgitt tall for hvor mange som venter at krigen tar slutt i den \u00e5rlige statlige meningsm\u00e5lingen.<\/p>\n<p>Den reelle motstanden og tr\u00f8ttheten av krigen i den russiske befolkningen er vanskelig \u00e5 m\u00e5le, som f\u00f8lge av den sterke statlige kontrollen av dissens.<\/p>\n<p><b>Les ogs\u00e5: <a class=\"simple-relation related-teaser article--c-eRUmMG article--c-eRUmMG-fZoQSp-design-nettavisen article--c-eRUmMG-gwthdJ-cv\" href=\"https:\/\/www.nettavisen.no\/ny-bilbombe-i-moskva-tre-drept\/s\/5-95-2796000\" rel=\"nofollow noopener\" target=\"_blank\">Ny bilbombe i Moskva \u2013 tre drept<\/a><\/b><\/p>\n<p>Det uavhengige meningsm\u00e5lingsinstituttet Levada, som er stemplet som \u00abutenlandsk agent\u00bb under russisk lov, viser at to tredeler av russerne st\u00f8tter fredsforhandlinger. Det er den h\u00f8yeste andelen siden krigens start.<\/p>\n<p><b>Les ogs\u00e5:<a class=\"simple-relation related-teaser article--c-eRUmMG article--c-eRUmMG-fZoQSp-design-nettavisen article--c-eRUmMG-gwthdJ-cv\" href=\"https:\/\/www.nettavisen.no\/dette-tvinger-putin-til-a-tenke-nytt\/s\/5-95-2793846\" rel=\"nofollow noopener\" target=\"_blank\">\u2013 Dette tvinger Putin til \u00e5 tenke nytt<\/a><\/b><\/p>\n","protected":false},"excerpt":{"rendered":"Nyhetsbyr\u00e5et Reuters skriver at det kan v\u00e6re et tegn p\u00e5 at Kreml fors\u00f8ker \u00e5 teste offentlighetens reaksjon p\u00e5&hellip;\n","protected":false},"author":2,"featured_media":121199,"comment_status":"","ping_status":"","sticky":false,"template":"","format":"standard","meta":{"footnotes":""},"categories":[12],"tags":[20,21,24,25,15,22,23,13,30,28,29,14,16,26,27,42,43,44,45],"class_list":{"0":"post-121198","1":"post","2":"type-post","3":"status-publish","4":"format-standard","5":"has-post-thumbnail","7":"category-verden","8":"tag-breaking-news","9":"tag-breakingnews","10":"tag-featured-news","11":"tag-featurednews","12":"tag-headlines","13":"tag-latest-news","14":"tag-latestnews","15":"tag-news","16":"tag-no","17":"tag-norge","18":"tag-norway","19":"tag-nyheter","20":"tag-overskrifter","21":"tag-top-stories","22":"tag-topstories","23":"tag-verden","24":"tag-world","25":"tag-world-news","26":"tag-worldnews"},"share_on_mastodon":{"url":"https:\/\/pubeurope.com\/@no\/115775821815906899","error":""},"_links":{"self":[{"href":"https:\/\/www.europesays.com\/no\/wp-json\/wp\/v2\/posts\/121198","targetHints":{"allow":["GET"]}}],"collection":[{"href":"https:\/\/www.europesays.com\/no\/wp-json\/wp\/v2\/posts"}],"about":[{"href":"https:\/\/www.europesays.com\/no\/wp-json\/wp\/v2\/types\/post"}],"author":[{"embeddable":true,"href":"https:\/\/www.europesays.com\/no\/wp-json\/wp\/v2\/users\/2"}],"replies":[{"embeddable":true,"href":"https:\/\/www.europesays.com\/no\/wp-json\/wp\/v2\/comments?post=121198"}],"version-history":[{"count":0,"href":"https:\/\/www.europesays.com\/no\/wp-json\/wp\/v2\/posts\/121198\/revisions"}],"wp:featuredmedia":[{"embeddable":true,"href":"https:\/\/www.europesays.com\/no\/wp-json\/wp\/v2\/media\/121199"}],"wp:attachment":[{"href":"https:\/\/www.europesays.com\/no\/wp-json\/wp\/v2\/media?parent=121198"}],"wp:term":[{"taxonomy":"category","embeddable":true,"href":"https:\/\/www.europesays.com\/no\/wp-json\/wp\/v2\/categories?post=121198"},{"taxonomy":"post_tag","embeddable":true,"href":"https:\/\/www.europesays.com\/no\/wp-json\/wp\/v2\/tags?post=121198"}],"curies":[{"name":"wp","href":"https:\/\/api.w.org\/{rel}","templated":true}]}}